{"id":386438,"date":"2025-09-12T23:12:24","date_gmt":"2025-09-12T23:12:24","guid":{"rendered":"https:\/\/www.europesays.com\/fr\/386438\/"},"modified":"2025-09-12T23:12:24","modified_gmt":"2025-09-12T23:12:24","slug":"lhumoriste-stephanois-mehdi-djaadi-aux-3-ducs","status":"publish","type":"post","link":"https:\/\/www.europesays.com\/fr\/386438\/","title":{"rendered":"L&rsquo;humoriste st\u00e9phanois Mehdi Djaadi aux 3 Ducs"},"content":{"rendered":"<p>Mehdi Djaadi vient pr\u00e9senter son spectacle \u00ab\u00a0Couleur framboise\u00a0\u00bb aux 3 Ducs \u00e0 Saint-Etienne, le vendredi 3 octobre.<\/p>\n<p>Apr\u00e8s avoir \u00e9t\u00e9 r\u00e9v\u00e9lation des C\u00e9sars en 2016, et le succ\u00e8s de Coming-out, (nomm\u00e9 aux Moli\u00e8res), <strong>Mehdi Djaadi<\/strong> revient avec une cr\u00e9ation sur les \u00e9preuves existentielles que nous traversons.<\/p>\n<p>Dans \u00ab\u00a0Couleur Framboise\u00a0\u00bb, il raconte l\u2019histoire d\u2019un homme croyant, partag\u00e9 entre ses origines musulmanes, sa conversion au catholicisme et une part d\u2019ath\u00e9isme naissante, confront\u00e9 \u00e0 l\u2019\u00e9preuve de l\u2019infertilit\u00e9 masculine. Avec une parole \u00e0 la fois lucide et pleine d\u2019humour, il explore les contradictions de la masculinit\u00e9, les injonctions sociales et le poids des traditions.\u00a0<\/p>\n<p><strong>Le vendredi 3 octobre aux 3 Ducs \u00e0 Saint-Etienne (20h30)<\/strong><\/p>\n<p>ZF<\/p>\n<p><a href=\"https:\/\/www.lestroisducs.fr\/artiste\/mehdi-djaadi\" target=\"_blank\" rel=\"noopener nofollow\">EN SAVOIR +<\/a><\/p>\n","protected":false},"excerpt":{"rendered":"Mehdi Djaadi vient pr\u00e9senter son spectacle \u00ab\u00a0Couleur framboise\u00a0\u00bb aux 3 Ducs \u00e0 Saint-Etienne, le vendredi 3 octobre. Apr\u00e8s&hellip;\n","protected":false},"author":2,"featured_media":386439,"comment_status":"","ping_status":"","sticky":false,"template":"","format":"standard","meta":{"footnotes":""},"categories":[9653],"tags":[1111,11,2430,1777,674,1011,27,12,25,4001],"class_list":{"0":"post-386438","1":"post","2":"type-post","3":"status-publish","4":"format-standard","5":"has-post-thumbnail","7":"category-saint-etienne","8":"tag-actu","9":"tag-actualites","10":"tag-auvergne-rhone-alpes","11":"tag-eu","12":"tag-europe","13":"tag-fr","14":"tag-france","15":"tag-news","16":"tag-republique-francaise","17":"tag-saint-etienne"},"share_on_mastodon":{"url":"https:\/\/pubeurope.com\/@fr\/115193862179639097","error":""},"_links":{"self":[{"href":"https:\/\/www.europesays.com\/fr\/wp-json\/wp\/v2\/posts\/386438","targetHints":{"allow":["GET"]}}],"collection":[{"href":"https:\/\/www.europesays.com\/fr\/wp-json\/wp\/v2\/posts"}],"about":[{"href":"https:\/\/www.europesays.com\/fr\/wp-json\/wp\/v2\/types\/post"}],"author":[{"embeddable":true,"href":"https:\/\/www.europesays.com\/fr\/wp-json\/wp\/v2\/users\/2"}],"replies":[{"embeddable":true,"href":"https:\/\/www.europesays.com\/fr\/wp-json\/wp\/v2\/comments?post=386438"}],"version-history":[{"count":0,"href":"https:\/\/www.europesays.com\/fr\/wp-json\/wp\/v2\/posts\/386438\/revisions"}],"wp:featuredmedia":[{"embeddable":true,"href":"https:\/\/www.europesays.com\/fr\/wp-json\/wp\/v2\/media\/386439"}],"wp:attachment":[{"href":"https:\/\/www.europesays.com\/fr\/wp-json\/wp\/v2\/media?parent=386438"}],"wp:term":[{"taxonomy":"category","embeddable":true,"href":"https:\/\/www.europesays.com\/fr\/wp-json\/wp\/v2\/categories?post=386438"},{"taxonomy":"post_tag","embeddable":true,"href":"https:\/\/www.europesays.com\/fr\/wp-json\/wp\/v2\/tags?post=386438"}],"curies":[{"name":"wp","href":"https:\/\/api.w.org\/{rel}","templated":true}]}}