{"id":386440,"date":"2025-09-12T23:13:18","date_gmt":"2025-09-12T23:13:18","guid":{"rendered":"https:\/\/www.europesays.com\/fr\/386440\/"},"modified":"2025-09-12T23:13:18","modified_gmt":"2025-09-12T23:13:18","slug":"le-groupe-des-vertes-pour-lentree-en-lice-en-coupe-lffp","status":"publish","type":"post","link":"https:\/\/www.europesays.com\/fr\/386440\/","title":{"rendered":"Le groupe des Vertes pour l&rsquo;entr\u00e9e en lice en Coupe LFFP"},"content":{"rendered":"<p>Pour le premier match de la Coupe de la LFFP, S\u00e9bastien Joseph a convoqu\u00e9 16 joueuses pour le match face \u00e0 Nice, ce samedi 13 septembre \u00e0 15h !<\/p>\n<p>              Gardiennes de but<\/p>\n<p> 16. Alice PINGUET &#8211; 1. Emma TEMPLIER<\/p>\n<p>D\u00e9fenseures<\/p>\n<p>15. Aleksandra GAJI\u0106 &#8211; 20. Kedie JOHNSON &#8211; 4. Ina KRISTOFFERSEN &#8211; 34. Alaia PELLETIER &#8211; 12. Amandine PIERRE-LOUIS &#8211; 29. Marion ROMANELLI<\/p>\n<p>Milieux de terrain<\/p>\n<p>13. Faustine BATAILLARD &#8211; 14. Deborah BIEN-AIM\u00c9 &#8211; 9. Sarah CAMBOT &#8211; 10. Rachel CORBOZ<\/p>\n<p>Attaquantes<\/p>\n<p>33. Victoria FAURE &#8211; 22. Welma FON &#8211; 11. Sofie HORNEMANN &#8211; 21. Nikolina ISTOCKI<\/p>\n","protected":false},"excerpt":{"rendered":"Pour le premier match de la Coupe de la LFFP, S\u00e9bastien Joseph a convoqu\u00e9 16 joueuses pour le&hellip;\n","protected":false},"author":2,"featured_media":386441,"comment_status":"","ping_status":"","sticky":false,"template":"","format":"standard","meta":{"footnotes":""},"categories":[9653],"tags":[1111,11,2430,1777,674,1011,27,12,25,4001],"class_list":{"0":"post-386440","1":"post","2":"type-post","3":"status-publish","4":"format-standard","5":"has-post-thumbnail","7":"category-saint-etienne","8":"tag-actu","9":"tag-actualites","10":"tag-auvergne-rhone-alpes","11":"tag-eu","12":"tag-europe","13":"tag-fr","14":"tag-france","15":"tag-news","16":"tag-republique-francaise","17":"tag-saint-etienne"},"share_on_mastodon":{"url":"https:\/\/pubeurope.com\/@fr\/115193866296564361","error":""},"_links":{"self":[{"href":"https:\/\/www.europesays.com\/fr\/wp-json\/wp\/v2\/posts\/386440","targetHints":{"allow":["GET"]}}],"collection":[{"href":"https:\/\/www.europesays.com\/fr\/wp-json\/wp\/v2\/posts"}],"about":[{"href":"https:\/\/www.europesays.com\/fr\/wp-json\/wp\/v2\/types\/post"}],"author":[{"embeddable":true,"href":"https:\/\/www.europesays.com\/fr\/wp-json\/wp\/v2\/users\/2"}],"replies":[{"embeddable":true,"href":"https:\/\/www.europesays.com\/fr\/wp-json\/wp\/v2\/comments?post=386440"}],"version-history":[{"count":0,"href":"https:\/\/www.europesays.com\/fr\/wp-json\/wp\/v2\/posts\/386440\/revisions"}],"wp:featuredmedia":[{"embeddable":true,"href":"https:\/\/www.europesays.com\/fr\/wp-json\/wp\/v2\/media\/386441"}],"wp:attachment":[{"href":"https:\/\/www.europesays.com\/fr\/wp-json\/wp\/v2\/media?parent=386440"}],"wp:term":[{"taxonomy":"category","embeddable":true,"href":"https:\/\/www.europesays.com\/fr\/wp-json\/wp\/v2\/categories?post=386440"},{"taxonomy":"post_tag","embeddable":true,"href":"https:\/\/www.europesays.com\/fr\/wp-json\/wp\/v2\/tags?post=386440"}],"curies":[{"name":"wp","href":"https:\/\/api.w.org\/{rel}","templated":true}]}}