{"id":386446,"date":"2025-09-12T23:18:23","date_gmt":"2025-09-12T23:18:23","guid":{"rendered":"https:\/\/www.europesays.com\/fr\/386446\/"},"modified":"2025-09-12T23:18:23","modified_gmt":"2025-09-12T23:18:23","slug":"focus-sur-habitat-et-fonciere-autour-dune-exposition-a-toulon-2","status":"publish","type":"post","link":"https:\/\/www.europesays.com\/fr\/386446\/","title":{"rendered":"Focus sur habitat et fonci\u00e8re autour d&rsquo;une exposition \u00e0 Toulon"},"content":{"rendered":"<p><img loading=\"lazy\" decoding=\"async\" alt=\"\u00a9 K. Sarrazin - A l\u2019occasion du mois de la sobri\u00e9t\u00e9 fonci\u00e8re, le CAUE Var met en lumi\u00e8re les dynamiques des territoires.\" data-zoom-src=\"https:\/\/www.europesays.com\/fr\/wp-content\/uploads\/2025\/09\/initial-caue-var.jpg\" data-zoomable=\"\" height=\"702\" src=\"https:\/\/www.europesays.com\/fr\/wp-content\/uploads\/2025\/09\/initial-caue-var.jpg\" width=\"1248\"\/>  <\/p>\n<p class=\"article-desc\">\u00a9 K. Sarrazin &#8211; A l\u2019occasion du mois de la sobri\u00e9t\u00e9 fonci\u00e8re, le CAUE Var met en lumi\u00e8re les dynamiques des territoires. <\/p>\n<p data-end=\"662\" data-start=\"266\">\u00c0 partir du 16 septembre et jusqu&rsquo;\u00e0 la fin du mois,\u00a0le <a href=\"https:\/\/mesinfos.fr\/provence-alpes-cote-d-azur\/le-caue-var-diversifie-ses-activites-pour-un-avenir-plus-durable-219326.html\" rel=\"noopener nofollow\" target=\"_blank\">CAUE Var<\/a>, \u00e0 Toulon, ouvre ses locaux au public pour l\u2019exposition <strong>\u00ab\u00a0Habiter ensemble\u00a0\u00bb<\/strong>. Cette exposition propose une r\u00e9flexion sur les nouvelles fa\u00e7ons d\u2019habiter les territoires : habitat partag\u00e9, densification choisie, espaces communs\u2026 autant de r\u00e9ponses aux enjeux de <strong>sobri\u00e9t\u00e9 fonci\u00e8re<\/strong>. <\/p>\n<p data-end=\"870\" data-start=\"664\">Dans un contexte de rar\u00e9faction du foncier et de transition \u00e9cologique, cette initiative s\u2019inscrit dans le cadre du <a href=\"https:\/\/www.paca.developpement-durable.gouv.fr\/sobriete-fonciere-r2791.html#:~:text=Septembre%202025%2C%20%C2%AB%20mois%20de%20la%20sobri%C3%A9t%C3%A9%20fonci%C3%A8re%20%C2%BB\" rel=\"noopener nofollow\" target=\"_blank\"><strong data-end=\"812\" data-start=\"780\">mois de la sobri\u00e9t\u00e9 fonci\u00e8re<\/strong><\/a>, port\u00e9 par les services de l\u2019\u00c9tat et leurs partenaires. <\/p>\n<p> Nouvelle conception du territoire <\/p>\n<p data-end=\"1310\" data-start=\"872\">Un temps fort est pr\u00e9vu le 25 septembre, de 18 h 30 \u00e0 20 h, au campus Porte d\u2019Italie (amphith\u00e9\u00e2tre FA110) : une<strong> conf\u00e9rence anim\u00e9e par un sociologue <\/strong>viendra croiser les regards entre l\u2019exposition et les enjeux plus larges de la sobri\u00e9t\u00e9 fonci\u00e8re. Comment mieux habiter sans artificialiser ? Comment construire sans \u00e9taler la ville ? Des questions qui concernent aussi bien les professionnels de l\u2019am\u00e9nagement que les citoyens. L\u2019enjeu : sensibiliser le plus grand nombre \u00e0 une nouvelle conception du territoire, en alliant d\u00e9veloppement et pr\u00e9servation.\u00a0 <\/p>\n<p>Inscription et informations par<a href=\"https:\/\/www.cauevar.fr\/\" rel=\"noopener nofollow\" target=\"_blank\"> ici.<\/a> <\/p>\n","protected":false},"excerpt":{"rendered":"\u00a9 K. Sarrazin &#8211; A l\u2019occasion du mois de la sobri\u00e9t\u00e9 fonci\u00e8re, le CAUE Var met en lumi\u00e8re&hellip;\n","protected":false},"author":2,"featured_media":385431,"comment_status":"","ping_status":"","sticky":false,"template":"","format":"standard","meta":{"footnotes":""},"categories":[9619],"tags":[1111,11,51813,1777,674,33702,1011,27,4250,1908,12,882,25,2310],"class_list":{"0":"post-386446","1":"post","2":"type-post","3":"status-publish","4":"format-standard","5":"has-post-thumbnail","7":"category-toulon","8":"tag-actu","9":"tag-actualites","10":"tag-caue-var","11":"tag-eu","12":"tag-europe","13":"tag-foncier","14":"tag-fr","15":"tag-france","16":"tag-habitat","17":"tag-logement","18":"tag-news","19":"tag-provence-alpes-cote-dazur","20":"tag-republique-francaise","21":"tag-toulon"},"share_on_mastodon":{"url":"https:\/\/pubeurope.com\/@fr\/115193886037559125","error":""},"_links":{"self":[{"href":"https:\/\/www.europesays.com\/fr\/wp-json\/wp\/v2\/posts\/386446","targetHints":{"allow":["GET"]}}],"collection":[{"href":"https:\/\/www.europesays.com\/fr\/wp-json\/wp\/v2\/posts"}],"about":[{"href":"https:\/\/www.europesays.com\/fr\/wp-json\/wp\/v2\/types\/post"}],"author":[{"embeddable":true,"href":"https:\/\/www.europesays.com\/fr\/wp-json\/wp\/v2\/users\/2"}],"replies":[{"embeddable":true,"href":"https:\/\/www.europesays.com\/fr\/wp-json\/wp\/v2\/comments?post=386446"}],"version-history":[{"count":0,"href":"https:\/\/www.europesays.com\/fr\/wp-json\/wp\/v2\/posts\/386446\/revisions"}],"wp:featuredmedia":[{"embeddable":true,"href":"https:\/\/www.europesays.com\/fr\/wp-json\/wp\/v2\/media\/385431"}],"wp:attachment":[{"href":"https:\/\/www.europesays.com\/fr\/wp-json\/wp\/v2\/media?parent=386446"}],"wp:term":[{"taxonomy":"category","embeddable":true,"href":"https:\/\/www.europesays.com\/fr\/wp-json\/wp\/v2\/categories?post=386446"},{"taxonomy":"post_tag","embeddable":true,"href":"https:\/\/www.europesays.com\/fr\/wp-json\/wp\/v2\/tags?post=386446"}],"curies":[{"name":"wp","href":"https:\/\/api.w.org\/{rel}","templated":true}]}}