{"id":386449,"date":"2025-09-12T23:20:10","date_gmt":"2025-09-12T23:20:10","guid":{"rendered":"https:\/\/www.europesays.com\/fr\/386449\/"},"modified":"2025-09-12T23:20:10","modified_gmt":"2025-09-12T23:20:10","slug":"previsions-du-samedi-13-septembre-2025","status":"publish","type":"post","link":"https:\/\/www.europesays.com\/fr\/386449\/","title":{"rendered":"pr\u00e9visions du samedi 13 septembre 2025"},"content":{"rendered":"<p>Aujourd&rsquo;hui, Montpellier sera travers\u00e9e par de petites averses. Il fera 20\u00b0C en moyenne. Une brise de nord-est soufflera l\u00e9g\u00e8rement. Dans la matin\u00e9e, les temp\u00e9ratures tourneront autour des 20\u00b0C. Les valeurs seront comprises entre 18 et 19\u00b0C l&rsquo;apr\u00e8s-midi. Il sera compliqu\u00e9 de rester au sec car de la pluie est annonc\u00e9e dans la soir\u00e9e. Une nuit claire vous attendra entre samedi et dimanche.<\/p>\n<p>Pour Montpellier, une m\u00e9t\u00e9o plus chaude est attendue demain \u00e9tant donn\u00e9 que le mercure va conna\u00eetre une hausse. Les valeurs afficheront entre 17 et 26\u00b0C. Un vent de nord-ouest rafra\u00eechira sensiblement l&rsquo;atmosph\u00e8re. La ville aura quelques \u00e9claircies le matin. Les temp\u00e9ratures avoisineront les 20\u00b0C. Un bel ensoleillement est pr\u00e9vu demain apr\u00e8s-midi. C&rsquo;est une hausse de plusieurs degr\u00e9s que vont enregistrer les temp\u00e9ratures. Les maximales pourront atteindre 26\u00b0C alors que les minimales seront de 24\u00b0C. Des \u00e9claircies appara\u00eetront dans la soir\u00e9e. Les valeurs s&rsquo;\u00e9chelonneront entre 22\u00b0C et 23\u00b0C.<\/p>\n<p>Les jours passent et se ressemblent. Le temps sera ensoleill\u00e9 avec des temp\u00e9ratures autour de 27\u00b0C.<\/p>\n<p><\/p>\n","protected":false},"excerpt":{"rendered":"Aujourd&rsquo;hui, Montpellier sera travers\u00e9e par de petites averses. Il fera 20\u00b0C en moyenne. Une brise de nord-est soufflera&hellip;\n","protected":false},"author":2,"featured_media":386450,"comment_status":"","ping_status":"","sticky":false,"template":"","format":"standard","meta":{"footnotes":""},"categories":[9599],"tags":[1111,11,1777,674,1011,27,7089,2681,2208,12,2680,2119,25],"class_list":{"0":"post-386449","1":"post","2":"type-post","3":"status-publish","4":"format-standard","5":"has-post-thumbnail","7":"category-montpellier","8":"tag-actu","9":"tag-actualites","10":"tag-eu","11":"tag-europe","12":"tag-fr","13":"tag-france","14":"tag-herault","15":"tag-languedoc-roussillon","16":"tag-montpellier","17":"tag-news","18":"tag-occitanie","19":"tag-previsions-meteo","20":"tag-republique-francaise"},"share_on_mastodon":{"url":"https:\/\/pubeurope.com\/@fr\/115193893586418940","error":""},"_links":{"self":[{"href":"https:\/\/www.europesays.com\/fr\/wp-json\/wp\/v2\/posts\/386449","targetHints":{"allow":["GET"]}}],"collection":[{"href":"https:\/\/www.europesays.com\/fr\/wp-json\/wp\/v2\/posts"}],"about":[{"href":"https:\/\/www.europesays.com\/fr\/wp-json\/wp\/v2\/types\/post"}],"author":[{"embeddable":true,"href":"https:\/\/www.europesays.com\/fr\/wp-json\/wp\/v2\/users\/2"}],"replies":[{"embeddable":true,"href":"https:\/\/www.europesays.com\/fr\/wp-json\/wp\/v2\/comments?post=386449"}],"version-history":[{"count":0,"href":"https:\/\/www.europesays.com\/fr\/wp-json\/wp\/v2\/posts\/386449\/revisions"}],"wp:featuredmedia":[{"embeddable":true,"href":"https:\/\/www.europesays.com\/fr\/wp-json\/wp\/v2\/media\/386450"}],"wp:attachment":[{"href":"https:\/\/www.europesays.com\/fr\/wp-json\/wp\/v2\/media?parent=386449"}],"wp:term":[{"taxonomy":"category","embeddable":true,"href":"https:\/\/www.europesays.com\/fr\/wp-json\/wp\/v2\/categories?post=386449"},{"taxonomy":"post_tag","embeddable":true,"href":"https:\/\/www.europesays.com\/fr\/wp-json\/wp\/v2\/tags?post=386449"}],"curies":[{"name":"wp","href":"https:\/\/api.w.org\/{rel}","templated":true}]}}