{"id":386453,"date":"2025-09-12T23:23:41","date_gmt":"2025-09-12T23:23:41","guid":{"rendered":"https:\/\/www.europesays.com\/fr\/386453\/"},"modified":"2025-09-12T23:23:41","modified_gmt":"2025-09-12T23:23:41","slug":"pas-assez-aimable-un-agent-de-la-poste-suspendu-pendant-trois-mois","status":"publish","type":"post","link":"https:\/\/www.europesays.com\/fr\/386453\/","title":{"rendered":"Pas assez aimable, un agent de La Poste suspendu pendant trois mois"},"content":{"rendered":"<p>Une affaire \u00e9tonnante a \u00e9t\u00e9 jug\u00e9e par le <a href=\"https:\/\/www.20minutes.fr\/dossier\/tribunal\" class=\"c-link c-link--is-underlined\" target=\"_blank\" rel=\"noopener\">tribunal<\/a> administratif de Rouen mardi. Comme le rapporte <a href=\"https:\/\/actu.fr\/insolite\/a-t-on-le-droit-d-etre-malpoli-au-travail-un-agent-de-la-poste-suspendu-pour-son-manque-de-courtoisie_63133581.html\" target=\"_blank\" class=\"c-link c-link--is-underlined\" rel=\"noopener\">76 Actu<\/a>, <a href=\"https:\/\/www.20minutes.fr\/dossier\/la_poste\" class=\"c-link c-link--is-underlined\" target=\"_blank\" rel=\"noopener\">La Poste<\/a> de la <a href=\"https:\/\/www.20minutes.fr\/dossier\/seine_maritime-1\" class=\"c-link c-link--is-underlined\" target=\"_blank\" rel=\"noopener\">Seine-Maritime<\/a> a d\u00e9cid\u00e9 de suspendre\u00a0l\u2019un de ses agents pendant trois mois car il n\u2019\u00e9tait pas assez courtois envers les clients. L\u2019homme, qui occupait\u00a0ce poste depuis plus de trente ans, d\u00e9nonce une sanction \u00ab\u00a0disproportionn\u00e9e\u00a0\u00bb.<\/p>\n<p>Lors de l\u2019audience, la rapporteure du tribunal administratif a \u00e9voqu\u00e9 \u00ab\u00a0douze\u00a0r\u00e9clamations r\u00e9alis\u00e9es par des clients\u00a0\u00bb en l\u2019espace de quelques mois entre\u00a02023 et\u00a02024. \u00c0 chaque fois, c\u2019est le\u00a0comportement de l\u2019agent qui a \u00e9t\u00e9 point\u00e9 du doigt. Il aurait tenu \u00ab\u00a0des propos inappropri\u00e9s envers les clients\u00a0\u00bb et sa \u00ab\u00a0mani\u00e8re de recevoir\u00a0\u00bb a \u00e9galement \u00e9t\u00e9 critiqu\u00e9e.<\/p>\n<p>\u00ab\u00a0On attend de lui un comportement exemplaire\u00a0\u00bb<\/p>\n<p>Consid\u00e9rant que\u2009ces r\u00e9clamations\u00a0mettaient en avant le \u00ab\u00a0probl\u00e8me d\u2019attitude et l\u2019agressivit\u00e9 de l\u2019agent\u00a0\u00bb, La Poste l\u2019a sanctionn\u00e9 en\u00a02024\u00a0: trois mois de suspension dont deux avec sursis. Lors de l\u2019audience mardi, l\u2019entreprise a affirm\u00e9 que la sanction \u00e9tait m\u00e9rit\u00e9e. \u00ab\u00a0Il y a un manque de courtoisie, un d\u00e9faut de conseil et ce ne sont pas des actes isol\u00e9s. On attend de lui un comportement exemplaire\u00a0\u00bb, a-t-elle d\u00e9clar\u00e9.<\/p>\n<\/p>\n<p>De son c\u00f4t\u00e9, le conseil de l\u2019homme a rappel\u00e9 qu\u2019il n\u2019avait jamais \u00e9t\u00e9 sanctionn\u00e9 jusqu\u2019\u00e0 pr\u00e9sent et que ses propos n\u2019avaient pas \u00ab\u00a0de caract\u00e8re objectivement insultant\u00a0\u00bb. Selon lui, ils \u00ab\u00a0t\u00e9moignent d\u2019un agacement\u00a0\u00bb de l\u2019agent, provoqu\u00e9 par une forte charge de travail, un manque de personnel, des al\u00e9as techniques\u2026 Ces arguments ont-ils convaincu le tribunal\u00a0? La r\u00e9ponse est attendue dans quelques jours, selon le journal local.<\/p>\n","protected":false},"excerpt":{"rendered":"Une affaire \u00e9tonnante a \u00e9t\u00e9 jug\u00e9e par le tribunal administratif de Rouen mardi. Comme le rapporte 76 Actu,&hellip;\n","protected":false},"author":2,"featured_media":386454,"comment_status":"","ping_status":"","sticky":false,"template":"","format":"standard","meta":{"footnotes":""},"categories":[9587],"tags":[1111,47,11,1777,674,118,1011,27,3316,12,5161,25,9590,5163,3693],"class_list":{"0":"post-386453","1":"post","2":"type-post","3":"status-publish","4":"format-standard","5":"has-post-thumbnail","7":"category-rouen","8":"tag-actu","9":"tag-actualite","10":"tag-actualites","11":"tag-eu","12":"tag-europe","13":"tag-faits-divers","14":"tag-fr","15":"tag-france","16":"tag-la-poste","17":"tag-news","18":"tag-normandie","19":"tag-republique-francaise","20":"tag-rouen","21":"tag-seine-maritime","22":"tag-tribunal"},"share_on_mastodon":{"url":"https:\/\/pubeurope.com\/@fr\/115193905347236647","error":""},"_links":{"self":[{"href":"https:\/\/www.europesays.com\/fr\/wp-json\/wp\/v2\/posts\/386453","targetHints":{"allow":["GET"]}}],"collection":[{"href":"https:\/\/www.europesays.com\/fr\/wp-json\/wp\/v2\/posts"}],"about":[{"href":"https:\/\/www.europesays.com\/fr\/wp-json\/wp\/v2\/types\/post"}],"author":[{"embeddable":true,"href":"https:\/\/www.europesays.com\/fr\/wp-json\/wp\/v2\/users\/2"}],"replies":[{"embeddable":true,"href":"https:\/\/www.europesays.com\/fr\/wp-json\/wp\/v2\/comments?post=386453"}],"version-history":[{"count":0,"href":"https:\/\/www.europesays.com\/fr\/wp-json\/wp\/v2\/posts\/386453\/revisions"}],"wp:featuredmedia":[{"embeddable":true,"href":"https:\/\/www.europesays.com\/fr\/wp-json\/wp\/v2\/media\/386454"}],"wp:attachment":[{"href":"https:\/\/www.europesays.com\/fr\/wp-json\/wp\/v2\/media?parent=386453"}],"wp:term":[{"taxonomy":"category","embeddable":true,"href":"https:\/\/www.europesays.com\/fr\/wp-json\/wp\/v2\/categories?post=386453"},{"taxonomy":"post_tag","embeddable":true,"href":"https:\/\/www.europesays.com\/fr\/wp-json\/wp\/v2\/tags?post=386453"}],"curies":[{"name":"wp","href":"https:\/\/api.w.org\/{rel}","templated":true}]}}