{"id":38646,"date":"2025-04-20T10:27:10","date_gmt":"2025-04-20T10:27:10","guid":{"rendered":"https:\/\/www.europesays.com\/fr\/38646\/"},"modified":"2025-04-20T10:27:10","modified_gmt":"2025-04-20T10:27:10","slug":"isere-ces-anciens-dj-du-number-one-palazzo-labo-veulent-faire-revivre-les-folles-nuits-grenobloises","status":"publish","type":"post","link":"https:\/\/www.europesays.com\/fr\/38646\/","title":{"rendered":"Is\u00e8re. Ces anciens DJ du Number One, Palazzo, Labo&#8230; veulent faire revivre les folles nuits grenobloises"},"content":{"rendered":"<p>Ils avaient pour nom Number One, Magic System, Palazzo, Drac Ouest, Labo, Scotch \u2026 Des lieux qui ont fait la renomm\u00e9e des nuits grenobloises. \u00ab\u00a0Il y avait m\u00eame un style vestimentaire grenoblois. On disait que nous \u00e9tions les mieux habill\u00e9s. On parlait du style grenoblois. C\u2019\u00e9tait incroyable\u00a0\u00bb, raconte Patrick Palomba, 67 ans. Avec ses lunettes noires et sa voix grave, l\u2019homme fait dix ans de moins malgr\u00e9 ses cheveux gris. On l\u2019imaginerait facilement derri\u00e8re les platines du Number One  au Fontanil-Cornillon.<\/p>\n<p>C\u2019est par lui que l\u2019histoire de ceux qui ont fait la nuit grenobloise d\u00e9bute&#8230;.<\/p>\n","protected":false},"excerpt":{"rendered":"Ils avaient pour nom Number One, Magic System, Palazzo, Drac Ouest, Labo, Scotch \u2026 Des lieux qui ont&hellip;\n","protected":false},"author":2,"featured_media":38647,"comment_status":"","ping_status":"","sticky":false,"template":"","format":"standard","meta":{"footnotes":""},"categories":[9566],"tags":[1111,11,2430,1687,112,113,114,1777,674,107,9592,12127,1011,27,2731,2732,108,6225,12126,9597,873,12,25,4604,106,104,3140],"class_list":{"0":"post-38646","1":"post","2":"type-post","3":"status-publish","4":"format-standard","5":"has-post-thumbnail","7":"category-grenoble","8":"tag-actu","9":"tag-actualites","10":"tag-auvergne-rhone-alpes","11":"tag-culture-loisirs","12":"tag-edition-grenoble-agglomeration","13":"tag-edition-gresivaudan-oisans","14":"tag-edition-voiron-saint-marcellin","15":"tag-eu","16":"tag-europe","17":"tag-fil-info","18":"tag-fontaine","19":"tag-fontanil-cornillon","20":"tag-fr","21":"tag-france","22":"tag-grenoble","23":"tag-grenoble-bassin","24":"tag-isere","25":"tag-la-matinale","26":"tag-les-dossiers-de-la-redaction","27":"tag-meylan","28":"tag-musique","29":"tag-news","30":"tag-republique-francaise","31":"tag-selection-abonne","32":"tag-selection-de-la-redaction-38","33":"tag-societe","34":"tag-spectacle"},"share_on_mastodon":{"url":"","error":"Validation failed: Text character limit of 500 exceeded"},"_links":{"self":[{"href":"https:\/\/www.europesays.com\/fr\/wp-json\/wp\/v2\/posts\/38646","targetHints":{"allow":["GET"]}}],"collection":[{"href":"https:\/\/www.europesays.com\/fr\/wp-json\/wp\/v2\/posts"}],"about":[{"href":"https:\/\/www.europesays.com\/fr\/wp-json\/wp\/v2\/types\/post"}],"author":[{"embeddable":true,"href":"https:\/\/www.europesays.com\/fr\/wp-json\/wp\/v2\/users\/2"}],"replies":[{"embeddable":true,"href":"https:\/\/www.europesays.com\/fr\/wp-json\/wp\/v2\/comments?post=38646"}],"version-history":[{"count":0,"href":"https:\/\/www.europesays.com\/fr\/wp-json\/wp\/v2\/posts\/38646\/revisions"}],"wp:featuredmedia":[{"embeddable":true,"href":"https:\/\/www.europesays.com\/fr\/wp-json\/wp\/v2\/media\/38647"}],"wp:attachment":[{"href":"https:\/\/www.europesays.com\/fr\/wp-json\/wp\/v2\/media?parent=38646"}],"wp:term":[{"taxonomy":"category","embeddable":true,"href":"https:\/\/www.europesays.com\/fr\/wp-json\/wp\/v2\/categories?post=38646"},{"taxonomy":"post_tag","embeddable":true,"href":"https:\/\/www.europesays.com\/fr\/wp-json\/wp\/v2\/tags?post=38646"}],"curies":[{"name":"wp","href":"https:\/\/api.w.org\/{rel}","templated":true}]}}