{"id":386460,"date":"2025-09-12T23:28:10","date_gmt":"2025-09-12T23:28:10","guid":{"rendered":"https:\/\/www.europesays.com\/fr\/386460\/"},"modified":"2025-09-12T23:28:10","modified_gmt":"2025-09-12T23:28:10","slug":"previsions-du-samedi-13-septembre-2025-3","status":"publish","type":"post","link":"https:\/\/www.europesays.com\/fr\/386460\/","title":{"rendered":"pr\u00e9visions du samedi 13 septembre 2025"},"content":{"rendered":"<p>Des \u00e9claircies sont pr\u00e9vues \u00e0 Strasbourg : on passera une journ\u00e9e cl\u00e9mente. Les temp\u00e9ratures s&rsquo;\u00e9chelonneront entre 12 et 23\u00b0C. Une brise de sud soufflera doucement dans la matin\u00e9e. L&rsquo;apr\u00e8s-midi, les valeurs afficheront entre 19 et 23\u00b0C. Des \u00e9claircies appara\u00eetront dans la soir\u00e9e. Le thermom\u00e8tre affichera 17\u00b0C en moyenne. C&rsquo;est un ciel l\u00e9g\u00e8rement voil\u00e9 que conna\u00eetra la nuit de samedi \u00e0 dimanche.<\/p>\n<p>Toujours de la grisaille demain. Les nuages vont stationner sur Strasbourg. Il fera en moyenne 18\u00b0C. Un vent de sud-ouest rafra\u00eechira sensiblement l&rsquo;atmosph\u00e8re. La matin\u00e9e va rester voil\u00e9e \u00e0 cause de nuages qui persistent dans le ciel. La m\u00e9t\u00e9o sera ponctu\u00e9e par des pluies \u00e9parses. Le soleil appara\u00eet l\u00e9g\u00e8rement demain apr\u00e8s-midi. Ces \u00e9claircies devraient ravir les habitants. Les temp\u00e9ratures vont enregistrer une hausse de quelques degr\u00e9s. Les valeurs seront comprises entre 19\u00b0C et 22\u00b0C. Dans la soir\u00e9e, les temp\u00e9ratures seront de 18\u00b0C.<\/p>\n<p>La m\u00e9t\u00e9o des journ\u00e9es qui suivent va changer progressivement. Le temps perdurera lundi mais une am\u00e9lioration s&rsquo;ensuivra mardi.<\/p>\n<p><\/p>\n","protected":false},"excerpt":{"rendered":"Des \u00e9claircies sont pr\u00e9vues \u00e0 Strasbourg : on passera une journ\u00e9e cl\u00e9mente. Les temp\u00e9ratures s&rsquo;\u00e9chelonneront entre 12 et&hellip;\n","protected":false},"author":2,"featured_media":386461,"comment_status":"","ping_status":"","sticky":false,"template":"","format":"standard","meta":{"footnotes":""},"categories":[2820],"tags":[1111,11,2389,2649,1777,674,1011,27,775,12,2119,25,640],"class_list":{"0":"post-386460","1":"post","2":"type-post","3":"status-publish","4":"format-standard","5":"has-post-thumbnail","7":"category-strasbourg","8":"tag-actu","9":"tag-actualites","10":"tag-alsace","11":"tag-bas-rhin","12":"tag-eu","13":"tag-europe","14":"tag-fr","15":"tag-france","16":"tag-grand-est","17":"tag-news","18":"tag-previsions-meteo","19":"tag-republique-francaise","20":"tag-strasbourg"},"share_on_mastodon":{"url":"https:\/\/pubeurope.com\/@fr\/115193925221016362","error":""},"_links":{"self":[{"href":"https:\/\/www.europesays.com\/fr\/wp-json\/wp\/v2\/posts\/386460","targetHints":{"allow":["GET"]}}],"collection":[{"href":"https:\/\/www.europesays.com\/fr\/wp-json\/wp\/v2\/posts"}],"about":[{"href":"https:\/\/www.europesays.com\/fr\/wp-json\/wp\/v2\/types\/post"}],"author":[{"embeddable":true,"href":"https:\/\/www.europesays.com\/fr\/wp-json\/wp\/v2\/users\/2"}],"replies":[{"embeddable":true,"href":"https:\/\/www.europesays.com\/fr\/wp-json\/wp\/v2\/comments?post=386460"}],"version-history":[{"count":0,"href":"https:\/\/www.europesays.com\/fr\/wp-json\/wp\/v2\/posts\/386460\/revisions"}],"wp:featuredmedia":[{"embeddable":true,"href":"https:\/\/www.europesays.com\/fr\/wp-json\/wp\/v2\/media\/386461"}],"wp:attachment":[{"href":"https:\/\/www.europesays.com\/fr\/wp-json\/wp\/v2\/media?parent=386460"}],"wp:term":[{"taxonomy":"category","embeddable":true,"href":"https:\/\/www.europesays.com\/fr\/wp-json\/wp\/v2\/categories?post=386460"},{"taxonomy":"post_tag","embeddable":true,"href":"https:\/\/www.europesays.com\/fr\/wp-json\/wp\/v2\/tags?post=386460"}],"curies":[{"name":"wp","href":"https:\/\/api.w.org\/{rel}","templated":true}]}}