{"id":386462,"date":"2025-09-12T23:29:28","date_gmt":"2025-09-12T23:29:28","guid":{"rendered":"https:\/\/www.europesays.com\/fr\/386462\/"},"modified":"2025-09-12T23:29:28","modified_gmt":"2025-09-12T23:29:28","slug":"avec-le-sondage-ifop-jean-philippe-vetter-entonne-lhymne-de-lunion","status":"publish","type":"post","link":"https:\/\/www.europesays.com\/fr\/386462\/","title":{"rendered":"avec le sondage Ifop, Jean-Philippe Vetter entonne l\u2019hymne de l\u2019union"},"content":{"rendered":"<p>L\u2019enqu\u00eate r\u00e9alis\u00e9e par l\u2019Ifop (*) \u00e0 la demande du mouvement Aimer Strasbourg &#8211; que pr\u00e9side Jean-Philippe Vetter &#8211; \u00e9claire les rapports de force \u00e0 six mois du scrutin et met en \u00e9vidence la fragilit\u00e9 de <a href=\"https:\/\/www.dna.fr\/elections\/2025\/03\/30\/strasbourg-le-siege-de-jeanne-barseghian-tres-convoite\" target=\"_blank\" rel=\"nofollow noopener\">la maire sortante, Jeanne Barseghian<\/a> (Les \u00c9cologistes), candidate pour un deuxi\u00e8me mandat.<\/p>\n<p><a href=\"https:\/\/www.dna.fr\/politique\/2025\/02\/28\/municipales-jean-philippe-vetter-(lr)-en-operation-seduction\" target=\"_blank\" rel=\"nofollow noopener\">Le candidat d\u2019opposition<\/a> y voit la confirmation d\u2019un rejet du mandat \u00e9cologiste. Selon lui, la politique men\u00e9e a \u00ab\u00a0divis\u00e9 Strasbourg\u00a0\u00bb en privil\u00e9giant un camp \u00ab\u00a0au d\u00e9triment de tous les autres habitants\u00a0\u00bb. Jean-Philippe Vetter estime que sa progression depuis 2020 constitue un \u00ab\u00a0encouragement\u00a0\u00bb \u00e0 poursuivre son travail de proximit\u00e9 et son \u00e9coute des pr\u00e9occupations locales.<\/p>\n<p>Au-del\u00e0 des chiffres, il insiste sur une m\u00e9thode\u00a0: aller \u00e0 la rencontre des habitants et \u00ab\u00a0rester ouvert et respectueux de chacun\u00a0\u00bb. Pour lui, deux conceptions s\u2019opposent\u00a0: le repli partisan ou l\u2019ouverture \u00e0 toutes les \u00e9nergies. Avec son mouvement <a href=\"https:\/\/www.dna.fr\/politique\/2025\/01\/11\/jean-philippe-vetter-lance-son-mouvement-aimer-strasbourg\" target=\"_blank\" rel=\"nofollow noopener\">Aimer Strasbourg, lanc\u00e9 en janvier<\/a> , il dit vouloir b\u00e2tir un espace inclusif\u00a0: \u00ab\u00a0La table ne sera jamais assez grande pour accueillir tous ceux qui veulent s\u2019engager pour leur ville.\u00a0\u00bb<\/p>\n<p>  Le besoin de \u00ab d\u00e9passer les clivages \u00bb<\/p>\n<p>L\u2019\u00e9lu tire un troisi\u00e8me enseignement du sondage\u00a0: la n\u00e9cessit\u00e9 d\u2019une union. \u00ab\u00a0Depuis le premier jour, je plaide pour d\u00e9passer les clivages et construire l\u2019union la plus large et la plus coh\u00e9rente possible\u00a0\u00bb, affirme-t-il, pr\u00e9cisant qu\u2019il s\u2019agit d\u2019une \u00ab\u00a0union des propositions\u00a0\u00bb et non d\u2019un front contre quelqu\u2019un. Il met en avant le travail engag\u00e9 avec le collectif \u00ab\u00a0XV de Strasbourg\u00a0\u00bb pour \u00e9laborer des solutions concr\u00e8tes avec les habitants.<\/p>\n<p>Interrog\u00e9 sur ses relations avec d\u2019autres figures politiques, Jean-Philippe Vetter se dit pr\u00eat \u00e0 \u0153uvrer avec certaines d\u2019entre elles. \u00c0 propos de Pierre Jakubowicz, candidat centriste d\u00e9clar\u00e9, il rappelle un engagement commun pass\u00e9 &#8211; \u00ab\u00a0nous avons milit\u00e9 ensemble \u00e0 l\u2019UMP\u00a0\u00bb &#8211; et souligne leur compl\u00e9mentarit\u00e9. \u00ab\u00a0Beaucoup souhaitent nous voir travailler ensemble\u00a0\u00bb, dit-il, \u00e9voquant une \u00ab\u00a0union naturelle et solide\u00a0\u00bb.<\/p>\n<p>Concernant <a href=\"https:\/\/www.dna.fr\/p\/catherine-trautmann\" target=\"_blank\" rel=\"nofollow noopener\">Catherine Trautmann<\/a>, candidate pressentie pour mener la liste du PS, il exprime son respect pour son parcours, tout en reconnaissant des diff\u00e9rences politiques, mais note que des combats communs ont pu \u00eatre men\u00e9s \u00ab\u00a0pour l\u2019int\u00e9r\u00eat g\u00e9n\u00e9ral des Strasbourgeois\u00a0\u00bb.<\/p>\n<p>Pour l\u2019heure, le candidat LR fait de l\u2019appel \u00e0 l\u2019union et \u00e0 l\u2019ouverture le fil conducteur de sa campagne, persuad\u00e9 que \u00ab\u00a0ce n\u2019est que le d\u00e9but d\u2019une histoire \u00e0 \u00e9crire collectivement avec les Strasbourgeois\u00a0\u00bb.<\/p>\n<p class=\"note\">(*) R\u00e9alis\u00e9 du 29\u00a0ao\u00fbt au 4\u00a0septembre 2025 aupr\u00e8s de 614 \u00e9lecteurs inscrits, ce sondage n\u2019a pas valeur de pr\u00e9diction mais donne un premier aper\u00e7u des forces en pr\u00e9sence.<\/p>\n","protected":false},"excerpt":{"rendered":"L\u2019enqu\u00eate r\u00e9alis\u00e9e par l\u2019Ifop (*) \u00e0 la demande du mouvement Aimer Strasbourg &#8211; que pr\u00e9side Jean-Philippe Vetter &#8211;&hellip;\n","protected":false},"author":2,"featured_media":386463,"comment_status":"","ping_status":"","sticky":false,"template":"","format":"standard","meta":{"footnotes":""},"categories":[2820],"tags":[1111,11,2389,2649,2880,5949,4188,1777,674,107,1011,27,775,12,316,25,640,2879],"class_list":{"0":"post-386462","1":"post","2":"type-post","3":"status-publish","4":"format-standard","5":"has-post-thumbnail","7":"category-strasbourg","8":"tag-actu","9":"tag-actualites","10":"tag-alsace","11":"tag-bas-rhin","12":"tag-edition-strasbourg","13":"tag-elections","14":"tag-elections-municipales","15":"tag-eu","16":"tag-europe","17":"tag-fil-info","18":"tag-fr","19":"tag-france","20":"tag-grand-est","21":"tag-news","22":"tag-politique","23":"tag-republique-francaise","24":"tag-strasbourg","25":"tag-strasbourg-ville"},"share_on_mastodon":{"url":"https:\/\/pubeurope.com\/@fr\/115193929013451960","error":""},"_links":{"self":[{"href":"https:\/\/www.europesays.com\/fr\/wp-json\/wp\/v2\/posts\/386462","targetHints":{"allow":["GET"]}}],"collection":[{"href":"https:\/\/www.europesays.com\/fr\/wp-json\/wp\/v2\/posts"}],"about":[{"href":"https:\/\/www.europesays.com\/fr\/wp-json\/wp\/v2\/types\/post"}],"author":[{"embeddable":true,"href":"https:\/\/www.europesays.com\/fr\/wp-json\/wp\/v2\/users\/2"}],"replies":[{"embeddable":true,"href":"https:\/\/www.europesays.com\/fr\/wp-json\/wp\/v2\/comments?post=386462"}],"version-history":[{"count":0,"href":"https:\/\/www.europesays.com\/fr\/wp-json\/wp\/v2\/posts\/386462\/revisions"}],"wp:featuredmedia":[{"embeddable":true,"href":"https:\/\/www.europesays.com\/fr\/wp-json\/wp\/v2\/media\/386463"}],"wp:attachment":[{"href":"https:\/\/www.europesays.com\/fr\/wp-json\/wp\/v2\/media?parent=386462"}],"wp:term":[{"taxonomy":"category","embeddable":true,"href":"https:\/\/www.europesays.com\/fr\/wp-json\/wp\/v2\/categories?post=386462"},{"taxonomy":"post_tag","embeddable":true,"href":"https:\/\/www.europesays.com\/fr\/wp-json\/wp\/v2\/tags?post=386462"}],"curies":[{"name":"wp","href":"https:\/\/api.w.org\/{rel}","templated":true}]}}