{"id":386464,"date":"2025-09-12T23:30:11","date_gmt":"2025-09-12T23:30:11","guid":{"rendered":"https:\/\/www.europesays.com\/fr\/386464\/"},"modified":"2025-09-12T23:30:11","modified_gmt":"2025-09-12T23:30:11","slug":"previsions-du-samedi-13-septembre-2025-4","status":"publish","type":"post","link":"https:\/\/www.europesays.com\/fr\/386464\/","title":{"rendered":"pr\u00e9visions du samedi 13 septembre 2025"},"content":{"rendered":"<p>Aujourd&rsquo;hui, Nice aura des temp\u00e9ratures avoisinant 20\u00b0C. La matin\u00e9e qui s&rsquo;annonce, promet d&rsquo;\u00eatre superbe et ensoleill\u00e9e ! Les temp\u00e9ratures tourneront autour des 21\u00b0C. Une l\u00e9g\u00e8re brise de sud-est sera ressentie par les habitants. L&rsquo;apr\u00e8s-midi, on sera sous un ciel bien maussade, couvert de nuages. Il sera compliqu\u00e9 de rester au sec car de la pluie est pr\u00e9vue. Les valeurs s&rsquo;\u00e9chelonneront de 18 \u00e0 22\u00b0C. Le soir, la m\u00e9t\u00e9o sera marqu\u00e9e par de la pluie. Le thermom\u00e8tre affichera 18\u00b0C en moyenne. Un ciel limpide est attendu dans la nuit reliant samedi et dimanche.<\/p>\n<p>Demain, un important soleil brillera sur Nice. Les temp\u00e9ratures afficheront entre 17 et 22\u00b0C. Un vent de nord-ouest rafra\u00eechira l\u00e9g\u00e8rement l&rsquo;atmosph\u00e8re. Les valeurs seront comprises entre 18\u00b0C et 22\u00b0C dans la matin\u00e9e. Demain apr\u00e8s-midi, les temp\u00e9ratures s&rsquo;\u00e9chelonneront entre 21 et 22\u00b0C. Le ciel va quelque peu se d\u00e9gager dans la soir\u00e9e avec des \u00e9claircies. Il va faire en moyenne 20\u00b0C.<\/p>\n<p>Les jours qui suivent s&rsquo;annoncent similaires. On s&rsquo;attend \u00e0 des journ\u00e9es ensoleill\u00e9es, accompagn\u00e9es par des temp\u00e9ratures dans les 23\u00b0C en moyenne.<\/p>\n<p><\/p>\n","protected":false},"excerpt":{"rendered":"Aujourd&rsquo;hui, Nice aura des temp\u00e9ratures avoisinant 20\u00b0C. La matin\u00e9e qui s&rsquo;annonce, promet d&rsquo;\u00eatre superbe et ensoleill\u00e9e ! Les&hellip;\n","protected":false},"author":2,"featured_media":386465,"comment_status":"","ping_status":"","sticky":false,"template":"","format":"standard","meta":{"footnotes":""},"categories":[2819],"tags":[1111,11,2898,1777,674,1011,27,12,2401,883,2119,882,25],"class_list":{"0":"post-386464","1":"post","2":"type-post","3":"status-publish","4":"format-standard","5":"has-post-thumbnail","7":"category-nice","8":"tag-actu","9":"tag-actualites","10":"tag-alpes-maritimes","11":"tag-eu","12":"tag-europe","13":"tag-fr","14":"tag-france","15":"tag-news","16":"tag-nice","17":"tag-paca","18":"tag-previsions-meteo","19":"tag-provence-alpes-cote-dazur","20":"tag-republique-francaise"},"share_on_mastodon":{"url":"https:\/\/pubeurope.com\/@fr\/115193932922600528","error":""},"_links":{"self":[{"href":"https:\/\/www.europesays.com\/fr\/wp-json\/wp\/v2\/posts\/386464","targetHints":{"allow":["GET"]}}],"collection":[{"href":"https:\/\/www.europesays.com\/fr\/wp-json\/wp\/v2\/posts"}],"about":[{"href":"https:\/\/www.europesays.com\/fr\/wp-json\/wp\/v2\/types\/post"}],"author":[{"embeddable":true,"href":"https:\/\/www.europesays.com\/fr\/wp-json\/wp\/v2\/users\/2"}],"replies":[{"embeddable":true,"href":"https:\/\/www.europesays.com\/fr\/wp-json\/wp\/v2\/comments?post=386464"}],"version-history":[{"count":0,"href":"https:\/\/www.europesays.com\/fr\/wp-json\/wp\/v2\/posts\/386464\/revisions"}],"wp:featuredmedia":[{"embeddable":true,"href":"https:\/\/www.europesays.com\/fr\/wp-json\/wp\/v2\/media\/386465"}],"wp:attachment":[{"href":"https:\/\/www.europesays.com\/fr\/wp-json\/wp\/v2\/media?parent=386464"}],"wp:term":[{"taxonomy":"category","embeddable":true,"href":"https:\/\/www.europesays.com\/fr\/wp-json\/wp\/v2\/categories?post=386464"},{"taxonomy":"post_tag","embeddable":true,"href":"https:\/\/www.europesays.com\/fr\/wp-json\/wp\/v2\/tags?post=386464"}],"curies":[{"name":"wp","href":"https:\/\/api.w.org\/{rel}","templated":true}]}}