{"id":386466,"date":"2025-09-12T23:31:14","date_gmt":"2025-09-12T23:31:14","guid":{"rendered":"https:\/\/www.europesays.com\/fr\/386466\/"},"modified":"2025-09-12T23:31:14","modified_gmt":"2025-09-12T23:31:14","slug":"nice-vendredi-12-septembre-vigilance-feux-de-foret-risque-tres-severe-dans-les-massifs-esterel-tanneron","status":"publish","type":"post","link":"https:\/\/www.europesays.com\/fr\/386466\/","title":{"rendered":"NICE : Vendredi 12 septembre, vigilance feux de for\u00eat \u2013 Risque tr\u00e8s s\u00e9v\u00e8re dans les massifs Est\u00e9rel &#8211; Tanneron"},"content":{"rendered":"<p><strong>Vendredi 12 septembre 2025, vigilance feux de for\u00eat \u2013 Risque tr\u00e8s s\u00e9v\u00e8re dans les massifs Est\u00e9rel \u2013 Tanneron qui seront ferm\u00e9s.<\/strong><\/p>\n<p>Les massifs Est\u00e9rel \u2013 Tanneron ont \u00e9t\u00e9 class\u00e9s en risque incendie \u2013 feux de for\u00eat tr\u00e8s s\u00e9v\u00e8re (ROUGE) pour la journ\u00e9e de demain, vendredi 12 septembre 2025. L\u2019acc\u00e8s, la circulation et les travaux seront interdits dans ces massifs pour la journ\u00e9e (ROUGE sur la carte). Les autres massifs du d\u00e9partement sont ouverts (en vert sur la carte).<\/p>\n<p><strong>La pr\u00e9vention des feux de for\u00eat passe par le respect de quelques r\u00e8gles :<\/strong><\/p>\n<p>\u2022 n\u2019allumez pas de feu \u00e0 proximit\u00e9 des massifs bois\u00e9s ;<br \/>\u2022 ne jetez pas les m\u00e9gots de cigarette par la fen\u00eatre de la voiture ;<br \/>\u2022 respectez les interdictions d\u2019acc\u00e8s signal\u00e9es ;<br \/>\u2022 si vous \u00eates t\u00e9moin d\u2019un d\u00e9but d\u2019incendie, donnez l\u2019alerte en localisant le feu avec pr\u00e9cision, en composant le num\u00e9ro 18 (ou 112, num\u00e9ro europ\u00e9en).<\/p>\n<p><strong>Retrouvez la la cartographie du risque quotidien d\u2019incendie dans les Alpes-Maritimes sur le site Internet des services de l\u2019Etat : <\/strong><a href=\"https:\/\/www.risque-prevention-incendie.fr\/alpes-maritimes\/\" rel=\"nofollow noopener\" target=\"_blank\">https:\/\/www.risque-prevention-incendie.fr\/alpes-maritimes\/<\/a><\/p>\n<p>9 feux sur 10 sont d\u2019origine humaine !<br \/>Soyons vigilant et prot\u00e9geons nos for\u00eats et notre patrimoine environnemental.<br \/>Un feu sur deux est la cons\u00e9quence d\u2019une imprudence.<\/p>\n","protected":false},"excerpt":{"rendered":"Vendredi 12 septembre 2025, vigilance feux de for\u00eat \u2013 Risque tr\u00e8s s\u00e9v\u00e8re dans les massifs Est\u00e9rel \u2013 Tanneron&hellip;\n","protected":false},"author":2,"featured_media":386467,"comment_status":"","ping_status":"","sticky":false,"template":"","format":"standard","meta":{"footnotes":""},"categories":[2819],"tags":[1111,11,1777,674,1011,27,12,2401,882,25],"class_list":{"0":"post-386466","1":"post","2":"type-post","3":"status-publish","4":"format-standard","5":"has-post-thumbnail","7":"category-nice","8":"tag-actu","9":"tag-actualites","10":"tag-eu","11":"tag-europe","12":"tag-fr","13":"tag-france","14":"tag-news","15":"tag-nice","16":"tag-provence-alpes-cote-dazur","17":"tag-republique-francaise"},"share_on_mastodon":{"url":"https:\/\/pubeurope.com\/@fr\/115193936858832071","error":""},"_links":{"self":[{"href":"https:\/\/www.europesays.com\/fr\/wp-json\/wp\/v2\/posts\/386466","targetHints":{"allow":["GET"]}}],"collection":[{"href":"https:\/\/www.europesays.com\/fr\/wp-json\/wp\/v2\/posts"}],"about":[{"href":"https:\/\/www.europesays.com\/fr\/wp-json\/wp\/v2\/types\/post"}],"author":[{"embeddable":true,"href":"https:\/\/www.europesays.com\/fr\/wp-json\/wp\/v2\/users\/2"}],"replies":[{"embeddable":true,"href":"https:\/\/www.europesays.com\/fr\/wp-json\/wp\/v2\/comments?post=386466"}],"version-history":[{"count":0,"href":"https:\/\/www.europesays.com\/fr\/wp-json\/wp\/v2\/posts\/386466\/revisions"}],"wp:featuredmedia":[{"embeddable":true,"href":"https:\/\/www.europesays.com\/fr\/wp-json\/wp\/v2\/media\/386467"}],"wp:attachment":[{"href":"https:\/\/www.europesays.com\/fr\/wp-json\/wp\/v2\/media?parent=386466"}],"wp:term":[{"taxonomy":"category","embeddable":true,"href":"https:\/\/www.europesays.com\/fr\/wp-json\/wp\/v2\/categories?post=386466"},{"taxonomy":"post_tag","embeddable":true,"href":"https:\/\/www.europesays.com\/fr\/wp-json\/wp\/v2\/tags?post=386466"}],"curies":[{"name":"wp","href":"https:\/\/api.w.org\/{rel}","templated":true}]}}