{"id":386478,"date":"2025-09-12T23:37:21","date_gmt":"2025-09-12T23:37:21","guid":{"rendered":"https:\/\/www.europesays.com\/fr\/386478\/"},"modified":"2025-09-12T23:37:21","modified_gmt":"2025-09-12T23:37:21","slug":"football-rodez-face-a-toulouse-pour-ses-premiers-pas-en-coupe-de-la-ligue-feminine","status":"publish","type":"post","link":"https:\/\/www.europesays.com\/fr\/386478\/","title":{"rendered":"Football\u00a0: Rodez face \u00e0 Toulouse pour ses premiers pas en coupe de la Ligue f\u00e9minine"},"content":{"rendered":"<p>\n                                                                Les Rafettes d\u00e9marrent leur campagne de coupe de la Ligue, samedi 13\u00a0septembre (15\u00a0heures), \u00e0 Vabre.\n                            <\/p>\n<p>Une semaine apr\u00e8s leur succ\u00e8s inaugural face \u00e0 Thonon-\u00c9vian (1-0), en Seconde Ligue, les Ruth\u00e9noises vont faire leurs premiers pas samedi apr\u00e8s-midi en coupe de la Ligue, officiellement appel\u00e9e coupe LFFP et qui d\u00e9barque cette saison dans le calendrier f\u00e9minin, face \u00e0 Toulouse (D2), \u00e0 Vabre. Une toute nouvelle comp\u00e9tition r\u00e9serv\u00e9e aux formations des deux premiers niveaux nationaux. \u00c0 la diff\u00e9rence de l\u2019\u00e9preuve masculine qui s\u2019est arr\u00eat\u00e9e en 2020, celle-ci s\u2019op\u00e8re en deux phases, avec des poules, puis des rencontres \u00e0 \u00e9limination directes \u00e0 partir des quarts de finale. \u00ab\u00a0Je trouve l\u2019initiative tr\u00e8s int\u00e9ressante, parce qu\u2019on a eu beaucoup de week-ends sans match la saison derni\u00e8re\u00a0\u00bb, se r\u00e9jouit l\u2019entra\u00eeneure ruth\u00e9noise Karima Taieb. Ses prot\u00e9g\u00e9es sont ainsi assur\u00e9es d\u2019en disputer a minima trois suppl\u00e9mentaires, face \u00e0 Toulouse, samedi donc, avant de \u00ab\u00a0se jauger face \u00e0 des D1\u00a0\u00bb, contre Marseille, le 11\u00a0octobre, et Montpellier, le 15\u00a0novembre. Toutes ces rencontres \u00e9tant pr\u00e9vues \u00e0 domicile\u00a0!<\/p>\n<p>Mauvaise nouvelle pour Soleilhet<\/p>\n<p>Pour cette premi\u00e8re journ\u00e9e, Karima Taieb s\u2019attend \u00ab\u00a0\u00e0 un match tr\u00e8s compliqu\u00e9\u00a0\u00bb face \u00e0 des Toulousaines qui \u00ab\u00a0ont perdu leur premier match de championnat (3-1 au\u00a0Mans) et qui vont donc vouloir venir chercher un r\u00e9sultat\u00a0\u00bb.<\/p>\n<p>\u00c0 15\u00a0heures samedi, la coach va devoir se passer d\u2019Adama Ly, Marie Dehri, D\u00e9borah Garcia et Ma\u00eblle Saltel, bless\u00e9es. M\u00eame chose d\u2019ailleurs pour Alicia Soleilhet, sortie pr\u00e9matur\u00e9ment le week-end dernier et dont l\u2019IRM a r\u00e9v\u00e9l\u00e9 vendredi les ruptures du ligament crois\u00e9 ant\u00e9rieur et du ligament collat\u00e9ral interne d\u2019un genou.<\/p>\n","protected":false},"excerpt":{"rendered":"Les Rafettes d\u00e9marrent leur campagne de coupe de la Ligue, samedi 13\u00a0septembre (15\u00a0heures), \u00e0 Vabre. Une semaine apr\u00e8s&hellip;\n","protected":false},"author":2,"featured_media":386479,"comment_status":"","ping_status":"","sticky":false,"template":"","format":"standard","meta":{"footnotes":""},"categories":[2816],"tags":[1111,11,1777,674,1011,27,12,2680,25,2312],"class_list":{"0":"post-386478","1":"post","2":"type-post","3":"status-publish","4":"format-standard","5":"has-post-thumbnail","7":"category-toulouse","8":"tag-actu","9":"tag-actualites","10":"tag-eu","11":"tag-europe","12":"tag-fr","13":"tag-france","14":"tag-news","15":"tag-occitanie","16":"tag-republique-francaise","17":"tag-toulouse"},"share_on_mastodon":{"url":"https:\/\/pubeurope.com\/@fr\/115193960462720639","error":""},"_links":{"self":[{"href":"https:\/\/www.europesays.com\/fr\/wp-json\/wp\/v2\/posts\/386478","targetHints":{"allow":["GET"]}}],"collection":[{"href":"https:\/\/www.europesays.com\/fr\/wp-json\/wp\/v2\/posts"}],"about":[{"href":"https:\/\/www.europesays.com\/fr\/wp-json\/wp\/v2\/types\/post"}],"author":[{"embeddable":true,"href":"https:\/\/www.europesays.com\/fr\/wp-json\/wp\/v2\/users\/2"}],"replies":[{"embeddable":true,"href":"https:\/\/www.europesays.com\/fr\/wp-json\/wp\/v2\/comments?post=386478"}],"version-history":[{"count":0,"href":"https:\/\/www.europesays.com\/fr\/wp-json\/wp\/v2\/posts\/386478\/revisions"}],"wp:featuredmedia":[{"embeddable":true,"href":"https:\/\/www.europesays.com\/fr\/wp-json\/wp\/v2\/media\/386479"}],"wp:attachment":[{"href":"https:\/\/www.europesays.com\/fr\/wp-json\/wp\/v2\/media?parent=386478"}],"wp:term":[{"taxonomy":"category","embeddable":true,"href":"https:\/\/www.europesays.com\/fr\/wp-json\/wp\/v2\/categories?post=386478"},{"taxonomy":"post_tag","embeddable":true,"href":"https:\/\/www.europesays.com\/fr\/wp-json\/wp\/v2\/tags?post=386478"}],"curies":[{"name":"wp","href":"https:\/\/api.w.org\/{rel}","templated":true}]}}