{"id":386480,"date":"2025-09-12T23:38:11","date_gmt":"2025-09-12T23:38:11","guid":{"rendered":"https:\/\/www.europesays.com\/fr\/386480\/"},"modified":"2025-09-12T23:38:11","modified_gmt":"2025-09-12T23:38:11","slug":"previsions-du-samedi-13-septembre-2025-8","status":"publish","type":"post","link":"https:\/\/www.europesays.com\/fr\/386480\/","title":{"rendered":"pr\u00e9visions du samedi 13 septembre 2025"},"content":{"rendered":"<p>Aujourd&rsquo;hui, \u00e0 Lille, des nuages ne voudront pas c\u00e9der leur place au soleil. Les maximales pourront atteindre 20\u00b0C alors que les minimales seront de 12\u00b0C. Un vent de sud-ouest rafra\u00eechira l\u00e9g\u00e8rement l&rsquo;atmosph\u00e8re. La matin\u00e9e va rester voil\u00e9e \u00e0 cause de nuages qui perdurent dans le ciel. Des pluies \u00e9parses sont attendues. Des orages de faible intensit\u00e9 \u00e9clateront dans l&rsquo;apr\u00e8s-midi. Les valeurs s&rsquo;\u00e9chelonneront de 18 \u00e0 20\u00b0C. Le soir, le temps sera marqu\u00e9 par des pluies \u00e9parses. Il va faire en moyenne 14\u00b0C. On pr\u00e9voit une nuit pluvieuse entre samedi et dimanche.<\/p>\n<p>Les nuages en pr\u00e9vision demain, \u00e0 Lille, et un ciel encore maussade. Les temp\u00e9ratures s&rsquo;\u00e9chelonneront entre 11 et 20\u00b0C. Une petite brise de sud-ouest sera ressentie par les habitants. Le matin, encore des nuages dans le ciel qui emp\u00eachent le soleil d&rsquo;appara\u00eetre. Il faudra pr\u00e9voir son parapluie pour s&rsquo;abriter des pluies \u00e9parses. La grisaille ne se dissipe toujours pas, il y aura encore de l\u00e9gers nuages demain apr\u00e8s-midi. D&rsquo;un autre c\u00f4t\u00e9, l&rsquo;air ambiant va se r\u00e9chauffer avec une augmentation de quelques degr\u00e9s. Les valeurs seront comprises entre 18\u00b0C et 20\u00b0C. Toujours de la grisaille demain soir. Les nuages vont stationner.<\/p>\n<p>Les conditions m\u00e9t\u00e9orologiques des journ\u00e9es suivantes vont s&rsquo;am\u00e9liorer. Il va faire un temps plut\u00f4t ensoleill\u00e9 avec des temp\u00e9ratures d&rsquo;environ 20\u00b0C.<\/p>\n<p><\/p>\n","protected":false},"excerpt":{"rendered":"Aujourd&rsquo;hui, \u00e0 Lille, des nuages ne voudront pas c\u00e9der leur place au soleil. Les maximales pourront atteindre 20\u00b0C&hellip;\n","protected":false},"author":2,"featured_media":386481,"comment_status":"","ping_status":"","sticky":false,"template":"","format":"standard","meta":{"footnotes":""},"categories":[2815],"tags":[1111,11,1777,674,1011,27,811,1307,12,1308,1309,2119,25],"class_list":{"0":"post-386480","1":"post","2":"type-post","3":"status-publish","4":"format-standard","5":"has-post-thumbnail","7":"category-lille","8":"tag-actu","9":"tag-actualites","10":"tag-eu","11":"tag-europe","12":"tag-fr","13":"tag-france","14":"tag-hauts-de-france","15":"tag-lille","16":"tag-news","17":"tag-nord","18":"tag-nord-pas-de-calais","19":"tag-previsions-meteo","20":"tag-republique-francaise"},"share_on_mastodon":{"url":"https:\/\/pubeurope.com\/@fr\/115193964417696285","error":""},"_links":{"self":[{"href":"https:\/\/www.europesays.com\/fr\/wp-json\/wp\/v2\/posts\/386480","targetHints":{"allow":["GET"]}}],"collection":[{"href":"https:\/\/www.europesays.com\/fr\/wp-json\/wp\/v2\/posts"}],"about":[{"href":"https:\/\/www.europesays.com\/fr\/wp-json\/wp\/v2\/types\/post"}],"author":[{"embeddable":true,"href":"https:\/\/www.europesays.com\/fr\/wp-json\/wp\/v2\/users\/2"}],"replies":[{"embeddable":true,"href":"https:\/\/www.europesays.com\/fr\/wp-json\/wp\/v2\/comments?post=386480"}],"version-history":[{"count":0,"href":"https:\/\/www.europesays.com\/fr\/wp-json\/wp\/v2\/posts\/386480\/revisions"}],"wp:featuredmedia":[{"embeddable":true,"href":"https:\/\/www.europesays.com\/fr\/wp-json\/wp\/v2\/media\/386481"}],"wp:attachment":[{"href":"https:\/\/www.europesays.com\/fr\/wp-json\/wp\/v2\/media?parent=386480"}],"wp:term":[{"taxonomy":"category","embeddable":true,"href":"https:\/\/www.europesays.com\/fr\/wp-json\/wp\/v2\/categories?post=386480"},{"taxonomy":"post_tag","embeddable":true,"href":"https:\/\/www.europesays.com\/fr\/wp-json\/wp\/v2\/tags?post=386480"}],"curies":[{"name":"wp","href":"https:\/\/api.w.org\/{rel}","templated":true}]}}