{"id":386482,"date":"2025-09-12T23:39:21","date_gmt":"2025-09-12T23:39:21","guid":{"rendered":"https:\/\/www.europesays.com\/fr\/386482\/"},"modified":"2025-09-12T23:39:21","modified_gmt":"2025-09-12T23:39:21","slug":"le-losc-vole-le-losc-spolie-800-000e-dindemnites-olivier-letang-justifie-la-decision-du-tribunal-de-lille","status":"publish","type":"post","link":"https:\/\/www.europesays.com\/fr\/386482\/","title":{"rendered":"\u00ab\u00a0Le LOSC vol\u00e9, le LOSC spoli\u00e9\u00a0\u00bb : 800 000\u20ac d\u2019indemnit\u00e9s, Olivier L\u00e9tang justifie la d\u00e9cision du tribunal de Lille"},"content":{"rendered":"<p><strong>Le tribunal judiciaire de Lille a tout r\u00e9cemment<br \/>\ncondamn\u00e9 une soci\u00e9t\u00e9 d\u2019agents \u00e0 verser des indemnit\u00e9s au LOSC,<br \/>\nsujet d\u2019actualit\u00e9 sur lequel a rebondi Olivier L\u00e9tang en conf\u00e9rence<br \/>\nde presse ce vendredi.<\/strong><\/p>\n<p>Le tribunal judiciaire de Lille a condamn\u00e9 la soci\u00e9t\u00e9 d\u2019agents<br \/>\nPluton CP et certains de ses anciens salari\u00e9s <a href=\"https:\/\/lepetitlillois.com\/2025\/09\/11\/plus-de-800-000e-dindemnites-le-tribunal-judiciaire-donne-raison-au-losc-face-a-une-societe-dagents\/\" rel=\"nofollow noopener\" target=\"_blank\"><br \/>\n\u00e0 verser des indemnit\u00e9s sup\u00e9rieures \u00e0 800 000\u20ac<\/a> pour d\u00e9faut de<br \/>\nprestation dans le cadre de deux transferts, ceux de Benjamin Andr\u00e9<br \/>\net Show en 2019. Cette nouvelle, r\u00e9v\u00e9l\u00e9e ce jeudi au grand public,<br \/>\na \u00e9t\u00e9 vivement comment\u00e9e par Olivier L\u00e9tang.<\/p>\n<p>La beaut\u00e9 des transferts<\/p>\n<p>Alors qu\u2019il \u00e9tait interrog\u00e9 sur les b\u00e9n\u00e9fices r\u00e9alis\u00e9s par le<br \/>\nLOSC sur le march\u00e9 des transferts cet \u00e9t\u00e9, et donc sur la sant\u00e9<br \/>\nfinanci\u00e8re du club, Olivier L\u00e9tang bifurquait soudainement sur<br \/>\nl\u2019actualit\u00e9 : \u00ab\u00a0Vous avez tous vu qu\u2019une d\u00e9cision de<br \/>\njustice \u00e9tait tomb\u00e9e. <strong>C\u2019est le LOSC qui a \u00e9t\u00e9 vol\u00e9, qui a<br \/>\n\u00e9t\u00e9 spoli\u00e9<\/strong>, l\u00e2chait-il ainsi, tapant du poing sur la<br \/>\ntable. Il y a 5 ans, quand je suis arriv\u00e9, on s\u2019est demand\u00e9 ce<br \/>\nque je racontais, mais le syst\u00e8me qui \u00e9tait mis en place \u00e9tait tr\u00e8s<br \/>\nsimple (il l\u2019explique ensuite, ndlr). [\u2026] Sur le dossier d\u2019hier,<br \/>\nc\u2019\u00e9tait super cocasse. J\u2019\u00e9tais pr\u00e9sident de Rennes quand Benjamin<br \/>\n(Andr\u00e9) est parti. <strong>J\u2019ai d\u00e9couvert en arrivant \u00e0 Lille qu\u2019un<br \/>\nagent, dont je n\u2019ai m\u00eame pas le num\u00e9ro dans mon t\u00e9l\u00e9phone, je<br \/>\nconnais pourtant un petit peu de monde, avait \u00e9t\u00e9 mandat\u00e9 pour<br \/>\ndiscuter et n\u00e9gocier avec moi.<\/strong> C\u2019est<br \/>\nremarquable\u00a0\u00bb, d\u00e9taillait-il, avec le sourire.<\/p>\n<p>L\u2019agent dont il est question \u00e9tait un habitu\u00e9 du fait :<br \/>\n\u00ab\u00a0Cet agent s\u2019est \u00e9galement greff\u00e9 au deal de Victor<br \/>\nOsimhen, dossier dans lequel il \u00e9tait cens\u00e9 discuter avec Naples.<br \/>\nEt \u00e7a, la veille de l\u2019officialisation du transfert. C\u2019est du<br \/>\nrapide\u2026\u00a0\u00bb, poursuivait ainsi Olivier L\u00e9tang.<\/p>\n<p>Le dirigeant lillois a \u00e9galement confirm\u00e9 que<br \/>\n<strong>\u00ab\u00a0des dossiers\u00a0\u00bb<\/strong> \u00e9taient encore<br \/>\n<strong>\u00ab\u00a0entre les mains de la justice<\/strong>\u00a0qui<br \/>\ncontinue \u00e0 investiguer dans un contexte difficile avec des sommes<br \/>\nqui sont parties \u00e0 l\u2019\u00e9tranger\u00a0\u00bb, pr\u00e9cisait-il. Olivier<br \/>\nL\u00e9tang concluait cet interm\u00e8de par une phrase simple, mais choc :<br \/>\n<strong>\u00ab\u00a0On a sauv\u00e9 le club, maintenant on<br \/>\nnettoie.\u00a0\u00bb<\/strong> Le message est pass\u00e9.<\/p>\n","protected":false},"excerpt":{"rendered":"Le tribunal judiciaire de Lille a tout r\u00e9cemment condamn\u00e9 une soci\u00e9t\u00e9 d\u2019agents \u00e0 verser des indemnit\u00e9s au LOSC,&hellip;\n","protected":false},"author":2,"featured_media":386483,"comment_status":"","ping_status":"","sticky":false,"template":"","format":"standard","meta":{"footnotes":""},"categories":[2815],"tags":[1111,11,1777,674,1011,27,811,1307,12,25],"class_list":{"0":"post-386482","1":"post","2":"type-post","3":"status-publish","4":"format-standard","5":"has-post-thumbnail","7":"category-lille","8":"tag-actu","9":"tag-actualites","10":"tag-eu","11":"tag-europe","12":"tag-fr","13":"tag-france","14":"tag-hauts-de-france","15":"tag-lille","16":"tag-news","17":"tag-republique-francaise"},"share_on_mastodon":{"url":"https:\/\/pubeurope.com\/@fr\/115193968342593522","error":""},"_links":{"self":[{"href":"https:\/\/www.europesays.com\/fr\/wp-json\/wp\/v2\/posts\/386482","targetHints":{"allow":["GET"]}}],"collection":[{"href":"https:\/\/www.europesays.com\/fr\/wp-json\/wp\/v2\/posts"}],"about":[{"href":"https:\/\/www.europesays.com\/fr\/wp-json\/wp\/v2\/types\/post"}],"author":[{"embeddable":true,"href":"https:\/\/www.europesays.com\/fr\/wp-json\/wp\/v2\/users\/2"}],"replies":[{"embeddable":true,"href":"https:\/\/www.europesays.com\/fr\/wp-json\/wp\/v2\/comments?post=386482"}],"version-history":[{"count":0,"href":"https:\/\/www.europesays.com\/fr\/wp-json\/wp\/v2\/posts\/386482\/revisions"}],"wp:featuredmedia":[{"embeddable":true,"href":"https:\/\/www.europesays.com\/fr\/wp-json\/wp\/v2\/media\/386483"}],"wp:attachment":[{"href":"https:\/\/www.europesays.com\/fr\/wp-json\/wp\/v2\/media?parent=386482"}],"wp:term":[{"taxonomy":"category","embeddable":true,"href":"https:\/\/www.europesays.com\/fr\/wp-json\/wp\/v2\/categories?post=386482"},{"taxonomy":"post_tag","embeddable":true,"href":"https:\/\/www.europesays.com\/fr\/wp-json\/wp\/v2\/tags?post=386482"}],"curies":[{"name":"wp","href":"https:\/\/api.w.org\/{rel}","templated":true}]}}