{"id":386488,"date":"2025-09-12T23:42:14","date_gmt":"2025-09-12T23:42:14","guid":{"rendered":"https:\/\/www.europesays.com\/fr\/386488\/"},"modified":"2025-09-12T23:42:14","modified_gmt":"2025-09-12T23:42:14","slug":"gregory-doucet-rend-visite-a-des-commercants","status":"publish","type":"post","link":"https:\/\/www.europesays.com\/fr\/386488\/","title":{"rendered":"Gr\u00e9gory Doucet rend visite \u00e0 des commer\u00e7ants"},"content":{"rendered":"<p>            Par<br \/>\n        <strong><br \/>\n            <a href=\"https:\/\/actu.fr\/auteur\/nicolas-zaugra\" title=\"Consulter tous les articles de Nicolas Zaugra\" rel=\"nofollow noopener\" target=\"_blank\">Nicolas Zaugra<\/a><br \/>\n        <\/strong><\/p>\n<p>        Publi\u00e9 le<\/p>\n<p>            12 sept. 2025 \u00e0 18h47        <\/p>\n<p>Le <a href=\"https:\/\/actu.fr\/tag\/bloquons-tout\" rel=\"nofollow noopener\" target=\"_blank\">mouvement \u00ab\u00a0Bloquons tout\u00a0\u00bb<\/a> qui a d\u00e9marr\u00e9 le 10 septembre va-t-il s\u2019installer dans le temps ? Apr\u00e8s le mouvement des Gilets jaunes et celui de la r\u00e9forme des retraites en 2023, les commer\u00e7ants lyonnais craignent des nouvelles violences visant l\u2019activit\u00e9 des commerces apr\u00e8s celles de mercredi. Le maire \u00e9cologiste de Lyon <a href=\"https:\/\/actu.fr\/auvergne-rhone-alpes\/lyon_69123\/bloquons-tout-a-lyon-gregory-doucet-denonce-les-violences-les-ecologistes-repliquent-a-aulas_63147041.html\" rel=\"nofollow noopener\" target=\"_blank\">Gr\u00e9gory Doucet<\/a>, critiqu\u00e9 par son opposition sur sa gestion de l\u2019\u00e9mergence de ce mouvement de contestation, a effectu\u00e9 un d\u00e9placement avec des commer\u00e7ants de la rue Victor Hugo (2e) d\u00e8s le lendemain.<\/p>\n<p>\u00ab\u00a0Je condamne sans \u00e9quivoque ces atteintes \u00e0 des biens\u00a0\u00bb<\/p>\n<p class=\" wall-content\">Dans une d\u00e9claration \u00e0 actu Lyon, le maire r\u00e9p\u00e8te : \u00ab\u00a0Je condamne sans \u00e9quivoque ces atteintes \u00e0 des biens\u00a0\u00bb.<\/p>\n<blockquote class=\"ac-article-quote wall-content\">\n<p>Si ces violences sont d\u00e9plorables, la bonne coop\u00e9ration entre polices nationale et municipale aura permis de contenir les d\u00e9gradations. Je remercie tous les agents qui ont \u0153uvr\u00e9 \u00e0 cela, leur travail est \u00e0 saluer. J\u2019ai tenu ce matin \u00e0 me rendre dans le quartier aux c\u00f4t\u00e9s du pr\u00e9fet d\u00e9l\u00e9gu\u00e9 \u00e0 la s\u00e9curit\u00e9 et du vice-pr\u00e9sident de la Chambre de Commerce et d&rsquo;industrie pour entendre ces professionnels, expos\u00e9s tout au long de l\u2019ann\u00e9e. Ces remont\u00e9es terrain sont pr\u00e9cieuses et d\u00e9terminantes pour la tranquillit\u00e9 publique de notre ville.<\/p>\n<p>    <strong>Gr\u00e9gory Doucet<\/strong>\n            <\/p><\/blockquote>\n<p>    <a href=\"https:\/\/www.facebook.com\/plugins\/post.php?href=https%3A%2F%2Fwww.facebook.com%2Fgregorydoucetlyon%2Fposts%2Fpfbid0eAM2WZNYx5bhaQgEND46wW2PfL13WHCWCX36DDGCT4tKRkEXghjpRLM5x3cF61oTl&amp;show_text=true&amp;width=350\" title=\"Ouvrie le lien\" rel=\"nofollow noopener\" target=\"_blank\">Cliquez ici pour visualiser le contenu<\/a><\/p>\n<p class=\" wall-content\">Le d\u00e9placement s\u2019est fait avec le pr\u00e9fet d\u00e9l\u00e9gu\u00e9 \u00e0 la s\u00e9curit\u00e9 Antoine Gu\u00e9rin ou encore le patron de la police nationale <a href=\"https:\/\/actu.fr\/auvergne-rhone-alpes\/lyon_69123\/lyon-insecurite-et-fusillades-le-patron-de-la-police-repond-des-dealers-resistent_62019595.html\" rel=\"nofollow noopener\" target=\"_blank\">Nelson Bouard<\/a>. Une nouvelle r\u00e9union est pr\u00e9vue pour la journ\u00e9e d\u2019actions du 18 septembre. \u00c9lus et forces de l\u2019ordre sont attendus au tournant par les commer\u00e7ants qui craignent de nouvelles violences.<\/p>\n<p class=\" wall-content\">Personnalisez votre actualit\u00e9 en ajoutant vos villes et m\u00e9dias en favori avec <a href=\"https:\/\/moncompte.actu.fr\" title=\"D\u00e9couvez Mon Actu\" rel=\"nofollow noopener\" data-trk=\"{&quot;cta&quot;:{&quot;action&quot;:&quot;https:\\\/\\\/moncompte.actu.fr&quot;,&quot;category&quot;:&quot;mon compte&quot;,&quot;from&quot;:&quot;article footer&quot;,&quot;name&quot;:&quot;Mon actu&quot;,&quot;type&quot;:&quot;cta&quot;}}\" target=\"_blank\">Mon Actu<\/a>.<\/p>\n","protected":false},"excerpt":{"rendered":"Par Nicolas Zaugra Publi\u00e9 le 12 sept. 2025 \u00e0 18h47 Le mouvement \u00ab\u00a0Bloquons tout\u00a0\u00bb qui a d\u00e9marr\u00e9 le&hellip;\n","protected":false},"author":2,"featured_media":45148,"comment_status":"","ping_status":"","sticky":false,"template":"","format":"standard","meta":{"footnotes":""},"categories":[1889],"tags":[1111,11,2430,47212,215,4188,1777,674,1011,27,5226,2428,12,316,25],"class_list":{"0":"post-386488","1":"post","2":"type-post","3":"status-publish","4":"format-standard","5":"has-post-thumbnail","7":"category-lyon","8":"tag-actu","9":"tag-actualites","10":"tag-auvergne-rhone-alpes","11":"tag-bloquons-tout","12":"tag-commerce","13":"tag-elections-municipales","14":"tag-eu","15":"tag-europe","16":"tag-fr","17":"tag-france","18":"tag-gregory-doucet","19":"tag-lyon","20":"tag-news","21":"tag-politique","22":"tag-republique-francaise"},"share_on_mastodon":{"url":"https:\/\/pubeurope.com\/@fr\/115193980178926536","error":""},"_links":{"self":[{"href":"https:\/\/www.europesays.com\/fr\/wp-json\/wp\/v2\/posts\/386488","targetHints":{"allow":["GET"]}}],"collection":[{"href":"https:\/\/www.europesays.com\/fr\/wp-json\/wp\/v2\/posts"}],"about":[{"href":"https:\/\/www.europesays.com\/fr\/wp-json\/wp\/v2\/types\/post"}],"author":[{"embeddable":true,"href":"https:\/\/www.europesays.com\/fr\/wp-json\/wp\/v2\/users\/2"}],"replies":[{"embeddable":true,"href":"https:\/\/www.europesays.com\/fr\/wp-json\/wp\/v2\/comments?post=386488"}],"version-history":[{"count":0,"href":"https:\/\/www.europesays.com\/fr\/wp-json\/wp\/v2\/posts\/386488\/revisions"}],"wp:featuredmedia":[{"embeddable":true,"href":"https:\/\/www.europesays.com\/fr\/wp-json\/wp\/v2\/media\/45148"}],"wp:attachment":[{"href":"https:\/\/www.europesays.com\/fr\/wp-json\/wp\/v2\/media?parent=386488"}],"wp:term":[{"taxonomy":"category","embeddable":true,"href":"https:\/\/www.europesays.com\/fr\/wp-json\/wp\/v2\/categories?post=386488"},{"taxonomy":"post_tag","embeddable":true,"href":"https:\/\/www.europesays.com\/fr\/wp-json\/wp\/v2\/tags?post=386488"}],"curies":[{"name":"wp","href":"https:\/\/api.w.org\/{rel}","templated":true}]}}