{"id":386495,"date":"2025-09-12T23:47:12","date_gmt":"2025-09-12T23:47:12","guid":{"rendered":"https:\/\/www.europesays.com\/fr\/386495\/"},"modified":"2025-09-12T23:47:12","modified_gmt":"2025-09-12T23:47:12","slug":"oeuvre-ephemere-a-paris-du-chef-alleno-et-de-lartiste-jr-pour-les-co-victimes-de-la-route","status":"publish","type":"post","link":"https:\/\/www.europesays.com\/fr\/386495\/","title":{"rendered":"Oeuvre \u00e9ph\u00e9m\u00e8re \u00e0 Paris du chef All\u00e9no et de l&rsquo;artiste JR pour les co-victimes de la route"},"content":{"rendered":"<p class=\"mb-4 text-lg md:leading-8 break-words\">Le chef \u00e9toil\u00e9 Yannick All\u00e9no et son association Antoine All\u00e9no, du nom de son fils tu\u00e9 par un chauffard, s&rsquo;est uni \u00e0 l&rsquo;artiste JR pour une oeuvre \u00e9ph\u00e9m\u00e8re r\u00e9unissant 1.330 portraits de proches de victimes de la route, sur le pont d&rsquo;I\u00e9na \u00e0 Paris, visible toute la journ\u00e9e de samedi.<\/p>\n<p class=\"mb-4 text-lg md:leading-8 break-words\">Vendredi, une centaine de b\u00e9n\u00e9voles a proc\u00e9d\u00e9 au collage sur le pont d&rsquo;I\u00e9na, long de 173 m\u00e8tres et situ\u00e9 au pied de la Tour Eiffel, des portraits en noir et blanc de parents, fr\u00e8res ou soeurs de victimes d\u00e9c\u00e9d\u00e9es apr\u00e8s avoir \u00e9t\u00e9 fauch\u00e9es par des automobilistes.<\/p>\n<p class=\"mb-4 text-lg md:leading-8 break-words\">\u00ab\u00a0Ce qu&rsquo;on voulait symboliser avec cette oeuvre d&rsquo;art, c&rsquo;est d\u00e9j\u00e0 la quantit\u00e9, c&rsquo;est impressionnant. Je crois que l&rsquo;immensit\u00e9 du mal, de la peine est l\u00e0, devant nos yeux. C&rsquo;est bien de la mat\u00e9rialiser\u00a0\u00bb, a expliqu\u00e9 \u00e0 l&rsquo;AFP Yannick All\u00e9no, dont le fils Antoine a \u00e9t\u00e9 tu\u00e9 en mai 2022, percut\u00e9 tout \u00e0 c\u00f4t\u00e9 du pont d&rsquo;I\u00e9na par un conducteur alcoolis\u00e9 ayant pris la fuite.<\/p>\n<p class=\"mb-4 text-lg md:leading-8 break-words\">\u00ab\u00a0Il faut comprendre qu&rsquo;apr\u00e8s un drame pareil, c&rsquo;est de la violence permanente. L&rsquo;institut m\u00e9dico-l\u00e9gal, vous allez voir votre gamin, la violence administrative, etc. Et la violence pour les enfants qui restent, qui ont la double peine. Ils perdent un fr\u00e8re, une s\u0153ur, et en plus ils perdent leurs parents, qui sont compl\u00e8tement d\u00e9sempar\u00e9s\u00a0\u00bb, souligne-t-il.<\/p>\n<p class=\"mb-4 text-lg md:leading-8 break-words\">\u00ab\u00a0Donc c&rsquo;est pour \u00e7a que nous voulons alerter, montrer en fait ce d\u00e9g\u00e2t\u00a0\u00bb, poursuit le chef cuisinier, dont le projet s&rsquo;intitule Alive, \u00ab\u00a0parce qu&rsquo;il faut que ceux qui restent aient l&rsquo;envie de rester vivants\u00a0\u00bb.<\/p>\n<p class=\"mb-4 text-lg md:leading-8 break-words\">L&rsquo;artiste JR, qui a livr\u00e9 son concept pour cette oeuvre, est venu en visiteur vendredi lors du montage et du collage de l&rsquo;oeuvre, qui sera d\u00e9mont\u00e9e samedi soir apr\u00e8s une mise en sc\u00e8ne de plusieurs tableaux et d&rsquo;un scintillement exceptionnel de la Tour Eiffel durant deux minutes.<\/p>\n<p class=\"mb-4 text-lg md:leading-8 break-words\">\u00ab\u00a0C&rsquo;est extr\u00eamement touchant de les voir tous oeuvrer, coller, parce que tout \u00e7a vient d&rsquo;eux, c&rsquo;est leur id\u00e9e enti\u00e8rement. C&rsquo;est quelque chose de tr\u00e8s beau parce que je vois la partie la plus importante de mon travail qui est l&rsquo;impact social, le lien qui est cr\u00e9\u00e9 entre les gens, et en m\u00eame temps, ce n&rsquo;est plus mon projet, c&rsquo;est le leur\u00a0\u00bb, explique JR \u00e0 l&rsquo;AFP.<\/p>\n<p class=\"mb-4 text-lg md:leading-8 break-words\">\u00ab\u00a0C&rsquo;est cette humanit\u00e9 de voir des familles qui ne se sont jamais rencontr\u00e9es, qui traversent la m\u00eame peine et qui se retrouvent aujourd&rsquo;hui ici. Le pont rouvrira et les gens remarcheront, mais on n&rsquo;oubliera jamais qu&rsquo;\u00e0 un moment ces images ont \u00e9t\u00e9 coll\u00e9es l\u00e0\u00a0\u00bb, projette JR.<\/p>\n<p class=\"mb-4 text-lg md:leading-8 break-words\">Le projet a re\u00e7u le soutien vendredi de Brigitte Macron, venue \u00e0 titre amical pour la famille All\u00e9no, ainsi que de la maire de Paris Anne Hidalgo.<\/p>\n<p class=\"mb-4 text-lg md:leading-8 break-words\">sc-jab\/mat\/cbn<\/p>\n","protected":false},"excerpt":{"rendered":"Le chef \u00e9toil\u00e9 Yannick All\u00e9no et son association Antoine All\u00e9no, du nom de son fils tu\u00e9 par un&hellip;\n","protected":false},"author":2,"featured_media":386496,"comment_status":"","ping_status":"","sticky":false,"template":"","format":"standard","meta":{"footnotes":""},"categories":[1888],"tags":[1111,1928,11,1927,1777,674,1011,27,5150,30635,2493,12,1926,626,1925,25,51909,51910,25866],"class_list":{"0":"post-386495","1":"post","2":"type-post","3":"status-publish","4":"format-standard","5":"has-post-thumbnail","7":"category-paris","8":"tag-actu","9":"tag-actu-paris","10":"tag-actualites","11":"tag-actualites-paris","12":"tag-eu","13":"tag-europe","14":"tag-fr","15":"tag-france","16":"tag-jr","17":"tag-la-tour-eiffel","18":"tag-le-chef","19":"tag-news","20":"tag-news-paris","21":"tag-paris","22":"tag-paris-news","23":"tag-republique-francaise","24":"tag-victimes-daccidents-de-la-route","25":"tag-victimes-de-la-route","26":"tag-yannick-alleno"},"share_on_mastodon":{"url":"https:\/\/pubeurope.com\/@fr\/115193999748858565","error":""},"_links":{"self":[{"href":"https:\/\/www.europesays.com\/fr\/wp-json\/wp\/v2\/posts\/386495","targetHints":{"allow":["GET"]}}],"collection":[{"href":"https:\/\/www.europesays.com\/fr\/wp-json\/wp\/v2\/posts"}],"about":[{"href":"https:\/\/www.europesays.com\/fr\/wp-json\/wp\/v2\/types\/post"}],"author":[{"embeddable":true,"href":"https:\/\/www.europesays.com\/fr\/wp-json\/wp\/v2\/users\/2"}],"replies":[{"embeddable":true,"href":"https:\/\/www.europesays.com\/fr\/wp-json\/wp\/v2\/comments?post=386495"}],"version-history":[{"count":0,"href":"https:\/\/www.europesays.com\/fr\/wp-json\/wp\/v2\/posts\/386495\/revisions"}],"wp:featuredmedia":[{"embeddable":true,"href":"https:\/\/www.europesays.com\/fr\/wp-json\/wp\/v2\/media\/386496"}],"wp:attachment":[{"href":"https:\/\/www.europesays.com\/fr\/wp-json\/wp\/v2\/media?parent=386495"}],"wp:term":[{"taxonomy":"category","embeddable":true,"href":"https:\/\/www.europesays.com\/fr\/wp-json\/wp\/v2\/categories?post=386495"},{"taxonomy":"post_tag","embeddable":true,"href":"https:\/\/www.europesays.com\/fr\/wp-json\/wp\/v2\/tags?post=386495"}],"curies":[{"name":"wp","href":"https:\/\/api.w.org\/{rel}","templated":true}]}}