{"id":386503,"date":"2025-09-12T23:51:13","date_gmt":"2025-09-12T23:51:13","guid":{"rendered":"https:\/\/www.europesays.com\/fr\/386503\/"},"modified":"2025-09-12T23:51:13","modified_gmt":"2025-09-12T23:51:13","slug":"le-kremlin-estime-que-les-negociations-de-paix-avec-kiev-sont-en-pause","status":"publish","type":"post","link":"https:\/\/www.europesays.com\/fr\/386503\/","title":{"rendered":"le Kremlin estime que les n\u00e9gociations de paix avec Kiev sont en \u201cpause\u201d"},"content":{"rendered":"<p class=\"authors latino-300b text-grey-600\">\n<p>  Par\u00a0<br \/>\nLe Nouvel Obs avec AFP<\/p>\n<p class=\"latino-300r text-grey-600 pe-8  border-end-lg\">\n<p>    Publi\u00e9 le\u00a012 septembre 2025 \u00e0 20h20\n  <\/p>\n<p>              Lecture\u00a0:\u00a03\u00a0min.<\/p>\n<p>      <img fetchpriority=\"high\" decoding=\"async\" class=\"mx-auto\" src=\"data:image\/svg+xml,%3Csvg%20xmlns%3D%27http%3A%2F%2Fwww.w3.org%2F2000%2Fsvg%27%20fill%3D%22%23e4e4e4%22%20viewBox%3D%270%200%20510%20340%27%20width%3D%22510%22%20height%3D%22340%22%3E%3Cpath%20d%3D%27M0%200h510v340H0z%27%2F%3E%3C%2Fsvg%3E\"  loading=\"eager\" width=\"510\" height=\"340\" data-oncrawl-image-size=\"510x340\" alt=\"Le porte-parole du Kremlin, Dmitri Peskov, marche dans la r\u00e9sidence d\u2019\u00c9tat Diaoyutai \u00e0 P\u00e9kin, le 2\u00a0septembre 2025. \"\/>      <\/p>\n<p class=\"latino-100m text-grey-600\">\n            Le porte-parole du Kremlin, Dmitri Peskov, marche dans la r\u00e9sidence d\u2019\u00c9tat Diaoyutai \u00e0 P\u00e9kin, le 2\u00a0septembre 2025. \u00a0MAXIM SHEMETOV \/ AFP        <\/p>\n<p>        Lire\u00a0plus\u00a0tard      <\/p>\n<p><a aria-label=\"Nous suivre sur Google News\" href=\"https:\/\/news.google.com\/publications\/CAAqBwgKMJe4nQkw3dFs?hl=fr&amp;gl=FR&amp;ceid=FR%3Afr\" target=\"_blank\" data-piano=\"Page_Article,Sous_date_publi,Nous_suivre_sur_google_news,1er_clic,action\" class=\"btn btn--small btn--tertiary btn--icon-only\" rel=\"nofollow noopener\"><\/p>\n<p>      Google Actualit\u00e9s<br \/>\n  <\/a><\/p>\n<p>  Partager<\/p>\n<p>        Facebook<\/p>\n<p>        Bluesky<\/p>\n<p>        E-mail<\/p>\n<p>        Copier le lien<\/p>\n<p>      Envoyer<\/p>\n<p>      S\u2019abonner    <\/p>\n<p class=\"node__paragraphe antonia-750r text-grey-800 pb-24 pb-md-32\">\n<a href=\"https:\/\/www.nouvelobs.com\/monde\/20250822.OBS106938\/la-russie-assure-qu-il-n-y-a-pas-de-rencontre-prevue-entre-poutine-et-zelensky.html\" rel=\"nofollow noopener\" target=\"_blank\">Le Kremlin<\/a> a estim\u00e9 ce vendredi 12\u00a0septembre que les n\u00e9gociations de paix avec Kiev \u00e9taient en \u00ab\u00a0pause\u00a0\u00bb, <a href=\"https:\/\/www.nouvelobs.com\/monde\/20250904.OBS107317\/soutien-a-l-armee-filet-de-securite-ce-que-l-on-sait-des-garanties-de-securite-envisagees-pour-l-ukraine.html\" rel=\"nofollow noopener\" target=\"_blank\">le pr\u00e9sident ukrainien<\/a> assurant pour sa part que l\u2019objectif de son homologue russe restait d\u2019\u00ab\u00a0occuper toute l\u2019Ukraine\u00a0\u00bb.<\/p>\n<p class=\"node__paragraphe antonia-750r text-grey-800 pb-24 pb-md-32\">\nEn qu\u00eate depuis des mois d\u2019une issue rapide au plus grave conflit en Europe depuis la Deuxi\u00e8me Guerre mondiale, le pr\u00e9sident am\u00e9ricain Donald Trump a lui pr\u00e9venu que sa patience \u00e0 l\u2019\u00e9gard de Vladimir Poutine s\u2019\u00e9puisait \u00ab\u00a0rapidement\u00a0\u00bb.<\/p>\n<p class=\"node__paragraphe antonia-750r text-grey-800 pb-24 pb-md-32\">\nParall\u00e8lement, la Russie et la Bi\u00e9lorussie, son alli\u00e9 fid\u00e8le, <a href=\"https:\/\/www.nouvelobs.com\/monde\/20250912.OBS107587\/russie-et-belarus-organisent-a-partir-de-ce-vendredi-des-exercices-militaires-sous-l-il-inquiet-de-l-occident.html\" rel=\"nofollow noopener\" target=\"_blank\">ont entam\u00e9 ce vendredi des exercices militaires conjoints<\/a> qui suscitent l\u2019inqui\u00e9tude de leurs voisins membres de l\u2019Otan, quelques jours apr\u00e8s l\u2019intrusion sans pr\u00e9c\u00e9dent de drones russes sur le territoire polonais.<\/p>\n<p class=\"latino-500b text-grey-600 pb-16\">A lire aussi<\/p>\n<p><a href=\"https:\/\/www.nouvelobs.com\/monde\/20250831.OBS107189\/ukraine-l-echec-n-est-pas-la-soumission-des-europeens-aux-etats-unis-c-est-la-manipulation-des-americains-par-poutine.html\" data-article-key=\"20250831.OBS107189\" class=\"link--box flex-grow-1\" data-piano=\"Page_Article,Lire_aussi,,Lien1,navigation\" rel=\"nofollow noopener\" target=\"_blank\"><\/p>\n<p>                <img decoding=\"async\" src=\"data:image\/svg+xml,%3Csvg%20xmlns%3D%27http%3A%2F%2Fwww.w3.org%2F2000%2Fsvg%27%20fill%3D%22%23e4e4e4%22%20viewBox%3D%270%200%20120%2080%27%20width%3D%22120%22%20height%3D%2280%22%3E%3Cpath%20d%3D%27M0%200h120v80H0z%27%2F%3E%3C%2Fsvg%3E\"  width=\"120\" height=\"80\" loading=\"lazy\" alt=\"Donald Trump, Emmanuel Macron, Giorgia Meloni et Friedrich Merz, le 18\u00a0ao\u00fbt \u00e0 la Maison-Blanche.\"\/><\/p>\n<p class=\"latino-300r latino-lg-600m text-grey-800\">\n                      <strong class=\"latino-300b latino-lg-600m text-grey-500\">Entretien\u00a0<\/strong><br \/>\n                    Ukraine\u00a0: \u00ab\u00a0L\u2019\u00e9chec n\u2019est pas\u00a0la soumission des Europ\u00e9ens aux Etats-Unis, c\u2019est la manipulation des Am\u00e9ricains par Poutine\u00a0\u00bb        <\/p>\n<p><\/a><\/p>\n<p class=\"node__paragraphe antonia-750r text-grey-800 pb-24 pb-md-32\">\nTrois ans et demi apr\u00e8s le d\u00e9but de l\u2019invasion russe de l\u2019Ukraine, qui a fait des dizaines de milliers de morts et d\u00e9plac\u00e9 des millions de personnes, les combats et les frappes se poursuivent sans rel\u00e2che.<\/p>\n<p>Poutine veut \u00ab\u00a0occuper toute l\u2019Ukraine\u00a0\u00bb, affirme Zelensky<\/p>\n<p class=\"node__paragraphe antonia-750r text-grey-800 pb-24 pb-md-32\">\nLes tentatives de trouver une issue diplomatique au conflit ont pour l\u2019heure \u00e9chou\u00e9, tant les positions de Moscou et de Kiev sur la fin de la guerre, les modalit\u00e9s d\u2019un cessez-le-feu ou d\u2019une rencontre entre leurs deux dirigeants sont diam\u00e9tralement oppos\u00e9es.<\/p>\n<p class=\"node__paragraphe antonia-750r text-grey-800 pb-24 pb-md-32\">\nFace \u00e0 ce constat, le porte-parole du Kremlin, Dmitri Peskov, a affirm\u00e9 ce vendredi qu\u2019\u00ab\u00a0on peut plut\u00f4t parler d\u2019une pause\u00a0\u00bb dans les n\u00e9gociations, m\u00eame si une reprise est possible.<\/p>\n<p class=\"latino-500b text-grey-600 pb-16\">A lire aussi<\/p>\n<p><a href=\"https:\/\/www.nouvelobs.com\/monde\/20250818.OBS106827\/ukraine-comment-eviter-une-paix-russe.html\" data-article-key=\"20250818.OBS106827\" class=\"link--box flex-grow-1\" data-piano=\"Page_Article,Lire_aussi,,Lien2,navigation\" rel=\"nofollow noopener\" target=\"_blank\"><\/p>\n<p>                <img decoding=\"async\" src=\"data:image\/svg+xml,%3Csvg%20xmlns%3D%27http%3A%2F%2Fwww.w3.org%2F2000%2Fsvg%27%20fill%3D%22%23e4e4e4%22%20viewBox%3D%270%200%20120%2080%27%20width%3D%22120%22%20height%3D%2280%22%3E%3Cpath%20d%3D%27M0%200h120v80H0z%27%2F%3E%3C%2Fsvg%3E\"  width=\"120\" height=\"79\" loading=\"lazy\" alt=\"Donald Trump et Vladimir Poutine lors du sommet d\u2019Anchorage en Alaska, le 15\u00a0ao\u00fbt 2025.\"\/><\/p>\n<p class=\"latino-300r latino-lg-600m text-grey-800\">\n                      <strong class=\"latino-300b latino-lg-600m text-grey-500\">Chronique\u00a0<\/strong><br \/>\n                    Ukraine\u00a0: comment \u00e9viter une \u00ab\u00a0paix russe\u00a0\u00bb\u00a0?        <\/p>\n<p><\/a><\/p>\n<p class=\"node__paragraphe antonia-750r text-grey-800 pb-24 pb-md-32\">\n\u00ab\u00a0On ne peut pas voir la vie en rose et s\u2019attendre \u00e0 ce que le processus de n\u00e9gociation donne des r\u00e9sultats imm\u00e9diats\u00a0\u00bb, a-t-il ajout\u00e9 lors d\u2019un briefing auquel participait l\u2019AFP.<\/p>\n<p class=\"node__paragraphe antonia-750r text-grey-800 pb-24 pb-md-32\">\nPour Volodymyr Zelensky, Vladimir Poutine veut \u00ab\u00a0occuper toute l\u2019Ukraine\u00a0\u00bb et ne s\u2019arr\u00eatera pas tant que son but ne sera pas atteint, m\u00eame si Kiev acceptait de c\u00e9der certains de ses territoires dans le cadre d\u2019un accord de paix.<\/p>\n<p>20\u00a0% du territoire ukrainien occup\u00e9<\/p>\n<p class=\"node__paragraphe antonia-750r text-grey-800 pb-24 pb-md-32\">\nIl a appel\u00e9 les Occidentaux \u00e0 faire pression sur la Chine pour qu\u2019elle use de son influence aupr\u00e8s de la Russie afin de mettre fin \u00e0 la guerre. Il a aussi jug\u00e9 que les offensives de l\u2019arm\u00e9e sur le front au cours de l\u2019\u00e9t\u00e9 \u00ab\u00a0ont \u00e9chou\u00e9\u00a0\u00bb, lors d\u2019une conf\u00e9rence \u00e0 Kiev.<\/p>\n<p class=\"node__paragraphe antonia-750r text-grey-800 pb-24 pb-md-32\">\nDonald Trump a lui \u00e9voqu\u00e9 la possibilit\u00e9 de sanctions \u00e0 l\u2019\u00e9gard de la Russie, faute d\u2019avanc\u00e9e, sans une nouvelle fois s\u2019y engager fermement. Il n\u2019a pas non plus \u00e9pargn\u00e9 Volodymyr Zelensky, l\u2019appelant \u00e0 faire davantage en glissant qu\u2019\u00ab\u00a0il faut \u00eatre deux pour danser le tango\u00a0\u00bb.<\/p>\n<p class=\"latino-500b text-grey-600 pb-16\">A lire aussi<\/p>\n<p><a href=\"https:\/\/www.nouvelobs.com\/monde\/20250813.OBS106709\/ukraine-pourquoi-l-offre-de-poutine-a-trump-reste-inacceptable-en-l-etat-pour-zelensky.html\" data-article-key=\"20250813.OBS106709\" class=\"link--box flex-grow-1\" data-piano=\"Page_Article,Lire_aussi,,Lien3,navigation\" rel=\"nofollow noopener\" target=\"_blank\"><\/p>\n<p>                <img decoding=\"async\" src=\"data:image\/svg+xml,%3Csvg%20xmlns%3D%27http%3A%2F%2Fwww.w3.org%2F2000%2Fsvg%27%20fill%3D%22%23e4e4e4%22%20viewBox%3D%270%200%20120%2080%27%20width%3D%22120%22%20height%3D%2280%22%3E%3Cpath%20d%3D%27M0%200h120v80H0z%27%2F%3E%3C%2Fsvg%3E\"  width=\"120\" height=\"79\" loading=\"lazy\" alt=\"Volodymyr Zelensky et Donald Trump, le 25\u00a0juin, \u00e0 La Haye (Pays-Bas).\"\/><\/p>\n<p class=\"latino-300r latino-lg-600m text-grey-800\">\n                      <strong class=\"latino-300b latino-lg-600m text-grey-500\">Analyse\u00a0<\/strong><br \/>\n                    Ukraine\u00a0: pourquoi l\u2019offre de Poutine \u00e0 Trump reste inacceptable en l\u2019\u00e9tat pour Zelensky        <\/p>\n<p><\/a><\/p>\n<p class=\"node__paragraphe antonia-750r text-grey-800 pb-24 pb-md-32\">\nVolodymyr Zelensky demande \u00e0 rencontrer son homologue russe pour d\u00e9bloquer la situation, ce que le Kremlin a pour l\u2019heure rejet\u00e9.<\/p>\n<p class=\"node__paragraphe antonia-750r text-grey-800 pb-24 pb-md-32\">\nLa Russie, qui occupe environ 20\u00a0% de l\u2019Ukraine, r\u00e9clame que celle-ci lui c\u00e8de cinq r\u00e9gions et renonce \u00e0 int\u00e9grer l\u2019Otan. Kiev refuse et r\u00e9clame le d\u00e9ploiement de troupes occidentales pour se prot\u00e9ger d\u2019une future attaque, id\u00e9e que la Russie juge inacceptable.<\/p>\n<p>Man\u0153uvres militaires de Moscou et Minsk<\/p>\n<p class=\"node__paragraphe antonia-750r text-grey-800 pb-24 pb-md-32\">\nNouvelle source d\u2019escalade, <a href=\"https:\/\/www.nouvelobs.com\/monde\/20250910.OBS107538\/la-pologne-intercepte-des-drones-les-occidentaux-accusent-la-russie-ce-que-l-on-sait.html\" rel=\"nofollow noopener\" target=\"_blank\">l\u2019intrusion d\u2019une vingtaine de drones<\/a> dans la nuit de mardi \u00e0 mercredi dans l\u2019espace a\u00e9rien polonais a suscit\u00e9 une vive \u00e9motion en Pologne et \u00e9t\u00e9 qualifi\u00e9e de provocation par les pays occidentaux.<\/p>\n<p class=\"node__paragraphe antonia-750r text-grey-800 pb-24 pb-md-32\">\nLa Russie a d\u00e9menti avoir vis\u00e9 la Pologne et accus\u00e9 Varsovie, qui a d\u00fb mobiliser ses avions et ceux de ses alli\u00e9s de l\u2019Otan <a href=\"https:\/\/www.nouvelobs.com\/monde\/20250910.OBS107517\/la-pologne-abat-plusieurs-drones-hostiles-dans-son-espace-aerien-l-ukraine-assure-que-poutine-veut-tester-l-occident.html\" rel=\"nofollow noopener\" target=\"_blank\">pour abattre certains des drones<\/a>, de n\u2019avoir pas pr\u00e9sent\u00e9 d\u2019\u00e9l\u00e9ments prouvant que les engins \u00e9taient bien russes.<\/p>\n<p class=\"latino-500b text-grey-600 pb-16\">A lire aussi<\/p>\n<p><a href=\"https:\/\/www.nouvelobs.com\/monde\/20250912.OBS107592\/reunion-d-urgence-a-l-onu-mobilisation-de-rafale-francais-le-point-sur-la-situation-apres-l-intrusion-de-drones-russes-en-pologne.html\" data-article-key=\"20250912.OBS107592\" class=\"link--box flex-grow-1\" data-piano=\"Page_Article,Lire_aussi,,Lien4,navigation\" rel=\"nofollow noopener\" target=\"_blank\"><\/p>\n<p>                <img decoding=\"async\" src=\"data:image\/svg+xml,%3Csvg%20xmlns%3D%27http%3A%2F%2Fwww.w3.org%2F2000%2Fsvg%27%20fill%3D%22%23e4e4e4%22%20viewBox%3D%270%200%20120%2080%27%20width%3D%22120%22%20height%3D%2280%22%3E%3Cpath%20d%3D%27M0%200h120v80H0z%27%2F%3E%3C%2Fsvg%3E\"  width=\"120\" height=\"79\" loading=\"lazy\" alt=\"L\u2019un des drones abattus en Pologne en milieu de semaine. \"\/><\/p>\n<p class=\"latino-300r latino-lg-600m text-grey-800\">\n                      <strong class=\"latino-300b latino-lg-600m text-grey-500\">R\u00e9cap\u00a0<\/strong><br \/>\n                    R\u00e9union d\u2019urgence \u00e0 l\u2019ONU, mobilisation de Rafale fran\u00e7ais\u2026 Le point sur la situation apr\u00e8s l\u2019intrusion de drones russes en Pologne        <\/p>\n<p><\/a><\/p>\n<p class=\"node__paragraphe antonia-750r text-grey-800 pb-24 pb-md-32\">\nDans ce contexte de tensions, Moscou et Minsk ont lanc\u00e9 ce vendredi leurs grandes man\u0153uvres militaires baptis\u00e9es Zapad-2025 (\u00ab\u00a0Ouest-2025\u00a0\u00bb, en r\u00e9f\u00e9rence au fait qu\u2019elles se d\u00e9roulent dans l\u2019ouest de l\u2019alliance russo-bi\u00e9lorusse).<\/p>\n<p class=\"node__paragraphe antonia-750r text-grey-800 pb-24 pb-md-32\">\nElles se tiennent jusqu\u2019\u00e0 mardi en Bi\u00e9lorussie et en Russie ainsi qu\u2019en mer de Barents et mer Baltique. Une partie a lieu dans la r\u00e9gion b\u00e9larusse de Grodno, proche de la Pologne et de la Lituanie, selon Minsk.<\/p>\n<p>Aucune \u00ab\u00a0menace militaire imm\u00e9diate\u00a0\u00bb, selon l\u2019Otan<\/p>\n<p class=\"node__paragraphe antonia-750r text-grey-800 pb-24 pb-md-32\">\nMoscou et Minsk ont ni\u00e9 tout but offensif, mais la Pologne, la Lituanie et la Lettonie, pays membres de l\u2019Otan et voisins de la Bi\u00e9lorussie, ont restreint le trafic a\u00e9rien.<\/p>\n<p class=\"node__paragraphe antonia-750r text-grey-800 pb-24 pb-md-32\">\nLa Pologne a aussi ferm\u00e9 sa fronti\u00e8re avec la Bi\u00e9lorussie et affirm\u00e9 que quelque 40\u00a0000 soldats devraient \u00eatre pr\u00e9sents pr\u00e8s de cette zone pendant les man\u0153uvres.<\/p>\n<p class=\"latino-500b text-grey-600 pb-16\">A lire aussi<\/p>\n<p><a href=\"https:\/\/www.nouvelobs.com\/monde\/20250807.OBS106566\/guerre-en-ukraine-le-fosse-se-creuse-encore-un-peu-plus-entre-les-etats-unis-et-la-russie-malgre-les-v-ux-pieux-diplomatiques.html\" data-article-key=\"20250807.OBS106566\" class=\"link--box flex-grow-1\" data-piano=\"Page_Article,Lire_aussi,,Lien5,navigation\" rel=\"nofollow noopener\" target=\"_blank\"><\/p>\n<p>                <img decoding=\"async\" src=\"data:image\/svg+xml,%3Csvg%20xmlns%3D%27http%3A%2F%2Fwww.w3.org%2F2000%2Fsvg%27%20fill%3D%22%23e4e4e4%22%20viewBox%3D%270%200%20120%2080%27%20width%3D%22120%22%20height%3D%2280%22%3E%3Cpath%20d%3D%27M0%200h120v80H0z%27%2F%3E%3C%2Fsvg%3E\"  width=\"120\" height=\"80\" loading=\"lazy\" alt=\"Image diffus\u00e9e par l\u2019agence russe Sputnik montrant le pr\u00e9sident russe Vladimir Poutine et l\u2019\u00e9missaire am\u00e9ricain Steve Witkoff lors de leur rencontre \u00e0 Moscou, le 6\u00a0ao\u00fbt 2025.\"\/><\/p>\n<p class=\"latino-300r latino-lg-600m text-grey-800\">\n                      <strong class=\"latino-300b latino-lg-600m text-grey-500\">Chronique\u00a0<\/strong><br \/>\n                    Guerre en Ukraine\u00a0: le foss\u00e9 se creuse encore un peu plus entre les Etats-Unis et la Russie malgr\u00e9 les v\u0153ux pieux diplomatiques        <\/p>\n<p><\/a><\/p>\n<p class=\"node__paragraphe antonia-750r text-grey-800 pb-24 pb-md-32\">\nL\u2019Otan a en revanche dit ne voir aucune \u00ab\u00a0menace militaire imm\u00e9diate\u00a0\u00bb pos\u00e9e par ces exercices.<\/p>\n<p class=\"node__paragraphe antonia-750r text-grey-800 pb-24 pb-md-32\">\nLes exercices Zapad sont habituellement organis\u00e9s tous les quatre ans, et cette \u00e9dition est la premi\u00e8re depuis le d\u00e9but du conflit.<\/p>\n<p class=\"node__paragraphe antonia-750r text-grey-800 pb-24 pb-md-32\">\nCelle de 2021 avait mobilis\u00e9 environ 200\u00a0000 militaires russes, quelques mois avant le lancement de leur assaut contre l\u2019Ukraine.<\/p>\n<p class=\"node__paragraphe antonia-750r text-grey-800 pb-24 pb-md-32\">\nCette fois, l\u2019ampleur des exercices devrait \u00eatre bien plus r\u00e9duite, des centaines de milliers de soldats russes \u00e9tant d\u00e9ploy\u00e9s en Ukraine.<\/p>\n<p class=\"authors latino-600m text-grey-800\">\n<p>  Par\u00a0<br \/>\nLe Nouvel Obs avec AFP<\/p>\n","protected":false},"excerpt":{"rendered":"Par\u00a0 Le Nouvel Obs avec AFP Publi\u00e9 le\u00a012 septembre 2025 \u00e0 20h20 Lecture\u00a0:\u00a03\u00a0min. Le porte-parole du Kremlin, Dmitri&hellip;\n","protected":false},"author":2,"featured_media":386504,"comment_status":"","ping_status":"","sticky":false,"template":"","format":"standard","meta":{"footnotes":""},"categories":[1590],"tags":[17,11,18668,1777,674,1146,131,11229,4998,74,6644,12,2403,220],"class_list":{"0":"post-386503","1":"post","2":"type-post","3":"status-publish","4":"format-standard","5":"has-post-thumbnail","7":"category-ukraine","8":"tag-17","9":"tag-actualites","10":"tag-estime","11":"tag-eu","12":"tag-europe","13":"tag-guerre","14":"tag-guerre-en-ukraine","15":"tag-kiev","16":"tag-kremlin","17":"tag-monde","18":"tag-negociations","19":"tag-news","20":"tag-paix","21":"tag-ukraine"},"share_on_mastodon":{"url":"https:\/\/pubeurope.com\/@fr\/115194015514891225","error":""},"_links":{"self":[{"href":"https:\/\/www.europesays.com\/fr\/wp-json\/wp\/v2\/posts\/386503","targetHints":{"allow":["GET"]}}],"collection":[{"href":"https:\/\/www.europesays.com\/fr\/wp-json\/wp\/v2\/posts"}],"about":[{"href":"https:\/\/www.europesays.com\/fr\/wp-json\/wp\/v2\/types\/post"}],"author":[{"embeddable":true,"href":"https:\/\/www.europesays.com\/fr\/wp-json\/wp\/v2\/users\/2"}],"replies":[{"embeddable":true,"href":"https:\/\/www.europesays.com\/fr\/wp-json\/wp\/v2\/comments?post=386503"}],"version-history":[{"count":0,"href":"https:\/\/www.europesays.com\/fr\/wp-json\/wp\/v2\/posts\/386503\/revisions"}],"wp:featuredmedia":[{"embeddable":true,"href":"https:\/\/www.europesays.com\/fr\/wp-json\/wp\/v2\/media\/386504"}],"wp:attachment":[{"href":"https:\/\/www.europesays.com\/fr\/wp-json\/wp\/v2\/media?parent=386503"}],"wp:term":[{"taxonomy":"category","embeddable":true,"href":"https:\/\/www.europesays.com\/fr\/wp-json\/wp\/v2\/categories?post=386503"},{"taxonomy":"post_tag","embeddable":true,"href":"https:\/\/www.europesays.com\/fr\/wp-json\/wp\/v2\/tags?post=386503"}],"curies":[{"name":"wp","href":"https:\/\/api.w.org\/{rel}","templated":true}]}}