{"id":386508,"date":"2025-09-12T23:54:17","date_gmt":"2025-09-12T23:54:17","guid":{"rendered":"https:\/\/www.europesays.com\/fr\/386508\/"},"modified":"2025-09-12T23:54:17","modified_gmt":"2025-09-12T23:54:17","slug":"eurobasket-la-turquie-ecrase-la-grece-et-rejoint-lallemagne-en-finale","status":"publish","type":"post","link":"https:\/\/www.europesays.com\/fr\/386508\/","title":{"rendered":"EuroBasket\u00a0: la Turquie \u00e9crase la Gr\u00e8ce et rejoint l\u2019Allemagne en finale"},"content":{"rendered":"<p class=\"paragraph text_align_left lp-f-body-02\">Finalistes en 2001, les Turcs peuvent croire \u00e0 un premier titre europ\u00e9en dans leur histoire apr\u00e8s avoir \u00e9teint la s\u00e9lection emmen\u00e9e par un Giannis Antetokounmpo frein\u00e9 (12 points). Emmen\u00e9e par un sublime Ercan Osmani &#8211; 28 points (6\/8 \u00e0 trois points), 6 rebonds et 2 passes d\u00e9cisives &#8211; la Turquie a ma\u00eetris\u00e9 son sujet de bout en bout. Malgr\u00e9 cette grosse performance, les Turcs ne seront pas favoris en finale.<\/p>\n<p class=\"paragraph text_align_left lp-f-body-02\">Plus t\u00f4t dans la journ\u00e9e, l\u2019Allemagne avait mis fin au r\u00eave de la Finlande en dominant logiquement sa rencontre (98-86).<\/p>\n<p class=\"paragraph text_align_left lp-f-body-02\">Champions du monde en titre, les Allemands, port\u00e9s par Franz Wagner et Dennis Schr\u00f6der, retrouvent la derni\u00e8re marche de l\u2019\u00e9preuve pour la premi\u00e8re fois depuis 20\u00a0ans et une finale perdue contre la Gr\u00e8ce.<\/p>\n<p class=\"paragraph text_align_left lp-f-body-02\">La Mannschaft a su se montrer intraitable tout au long de l\u2019\u00e9preuve (aucune d\u00e9faite et meilleure attaque).<\/p>\n<p class=\"paragraph text_align_left lp-f-body-02\">La Finlande, surprenant et m\u00e9ritant demi-finaliste en a encore fait les frais, malgr\u00e9 une fin de troisi\u00e8me quart-temps qui a un temps laiss\u00e9 r\u00eaver \u00e0 une remont\u00e9e fantastique et un nouvel exploit.<\/p>\n<p class=\"paragraph text_align_left lp-f-body-02\">Coupable notamment d\u2019un deuxi\u00e8me quart-temps tr\u00e8s compliqu\u00e9, et victime en prime de l\u2019efficacit\u00e9 et la belle adresse adverse &#8211; 8\/16 \u00e0 50\u00a0% de r\u00e9ussite \u00e0 3 points \u00e0 la pause &#8211; la s\u00e9lection emmen\u00e9e par la vedette Lauri Markkanen, plus discr\u00e8te (16 pts, 8 rebonds), comptait d\u00e9j\u00e0 14 points de retard \u00e0 la mi-temps (61-47).<\/p>\n<p class=\"paragraph text_align_left lp-f-body-02\">La belle partition d\u2019Olivier Nkamhoua (21 pts, 9 rebonds, 3 passes), suivie de peu par le tir prim\u00e9 d\u2019Edon Maxhuni, les a ramen\u00e9s un court instant \u00e0 six unit\u00e9s (77-71) en fin d\u2019un troisi\u00e8me quart-temps au cours duquel les Finlandais ont accus\u00e9 18 points de retard.<\/p>\n<p class=\"paragraph text_align_left lp-f-body-02\">Une r\u00e9volte qui n\u2019a pas \u00e9t\u00e9 suivie d\u2019effet. De trois tirs prim\u00e9s cons\u00e9cutifs, les co\u00e9quipiers de Daniel Theis ont remis un dernier coup d\u2019acc\u00e9l\u00e9rateur pour filer \u00e0 grande vitesse vers la finale.<\/p>\n<p class=\"paragraph text_align_left lp-f-body-02\">Pr\u00e9sents dans le dernier carr\u00e9 pour la premi\u00e8re fois, apr\u00e8s avoir notamment \u00e9cart\u00e9 la Serbie, les Finlandais tenteront d\u2019accrocher le podium dimanche face \u00e0 la Gr\u00e8ce.<\/p>\n","protected":false},"excerpt":{"rendered":"Finalistes en 2001, les Turcs peuvent croire \u00e0 un premier titre europ\u00e9en dans leur histoire apr\u00e8s avoir \u00e9teint&hellip;\n","protected":false},"author":2,"featured_media":386509,"comment_status":"","ping_status":"","sticky":false,"template":"","format":"standard","meta":{"footnotes":""},"categories":[1587],"tags":[11,672,1465,1804,1805,1803,1777,674,1801,12,1802,60],"class_list":{"0":"post-386508","1":"post","2":"type-post","3":"status-publish","4":"format-standard","5":"has-post-thumbnail","7":"category-allemagne","8":"tag-actualites","9":"tag-allemagne","10":"tag-basket","11":"tag-bundesrepublik-deutschland","12":"tag-de","13":"tag-deutschland","14":"tag-eu","15":"tag-europe","16":"tag-germany","17":"tag-news","18":"tag-republique-federale-dallemagne","19":"tag-sports"},"share_on_mastodon":{"url":"https:\/\/pubeurope.com\/@fr\/115194027439973227","error":""},"_links":{"self":[{"href":"https:\/\/www.europesays.com\/fr\/wp-json\/wp\/v2\/posts\/386508","targetHints":{"allow":["GET"]}}],"collection":[{"href":"https:\/\/www.europesays.com\/fr\/wp-json\/wp\/v2\/posts"}],"about":[{"href":"https:\/\/www.europesays.com\/fr\/wp-json\/wp\/v2\/types\/post"}],"author":[{"embeddable":true,"href":"https:\/\/www.europesays.com\/fr\/wp-json\/wp\/v2\/users\/2"}],"replies":[{"embeddable":true,"href":"https:\/\/www.europesays.com\/fr\/wp-json\/wp\/v2\/comments?post=386508"}],"version-history":[{"count":0,"href":"https:\/\/www.europesays.com\/fr\/wp-json\/wp\/v2\/posts\/386508\/revisions"}],"wp:featuredmedia":[{"embeddable":true,"href":"https:\/\/www.europesays.com\/fr\/wp-json\/wp\/v2\/media\/386509"}],"wp:attachment":[{"href":"https:\/\/www.europesays.com\/fr\/wp-json\/wp\/v2\/media?parent=386508"}],"wp:term":[{"taxonomy":"category","embeddable":true,"href":"https:\/\/www.europesays.com\/fr\/wp-json\/wp\/v2\/categories?post=386508"},{"taxonomy":"post_tag","embeddable":true,"href":"https:\/\/www.europesays.com\/fr\/wp-json\/wp\/v2\/tags?post=386508"}],"curies":[{"name":"wp","href":"https:\/\/api.w.org\/{rel}","templated":true}]}}