{"id":386510,"date":"2025-09-12T23:55:12","date_gmt":"2025-09-12T23:55:12","guid":{"rendered":"https:\/\/www.europesays.com\/fr\/386510\/"},"modified":"2025-09-12T23:55:12","modified_gmt":"2025-09-12T23:55:12","slug":"terres-daventure-vous-fait-voyager-en-train-en-europe","status":"publish","type":"post","link":"https:\/\/www.europesays.com\/fr\/386510\/","title":{"rendered":"Terres d\u2019Aventure vous fait voyager en train en Europe"},"content":{"rendered":"<p>En 2025, Terres d\u2019Aventure va r\u00e9pondre aux attentes des voyageurs tout en r\u00e9duisant son impact carbone. <br \/>L\u2019entreprise va commercialiser\u00a0 plusieurs <strong>voyages en train<\/strong>. <br \/>L\u2019Italie, l\u2019Espagne, le Portugal, la Suisse, l\u2019Allemagne, les Pays-Bas, l\u2019Angleterre\/Ecosse et les pays scandinaves comptent parmi les destinations pr\u00e9vues dans cette nouvelle gamme \u00ab bas carbone \u00bb.<br \/>Par exemple, les merveilles de Castille ou le trek de Munich \u00e0 Venise. <br \/>Consulter la rubrique <a href=\"https:\/\/www.terdav.com\/lm-voyages-europe-en-train-667\" target=\"_blank\" rel=\"noopener\">\u201cL\u2019Europe en train\u201d<\/a>\u00a0\u00a0<\/p>\n<p><strong>Diversification des pratiques<\/strong>\u00a0<\/p>\n<p>Au-del\u00e0 de la randonn\u00e9e et du trek, Terres d\u2019Aventure va proposer des activit\u00e9s douces de nature. Des voyages autour de la neige comme le ski et la raquette, de l\u2019eau avec le kayak, de la terre autour du v\u00e9lo. <br \/>\u00c0 c\u00f4t\u00e9 des voyages en petits groupes, on pourra choisir les d\u00e9parts en libert\u00e9 et sur-mesure.\u00a0\u00a0<\/p>\n<p><strong>Une entreprise qui se porte bien\u00a0<\/strong><\/p>\n<p>L\u2019entreprise a enregistr\u00e9 un chiffre d\u2019affaires de 80 millions d\u2019euros en 2023 (+13% vs 2022) pour un b\u00e9n\u00e9fice net de 5,1 millions.\u00a0<br \/>L\u2019activit\u00e9 est en croissance en 2024, en chiffre d\u2019affaires comme en nombre de clients. <br \/>La grande majorit\u00e9 des ventes concernent toujours des voyages en avion mais la d\u00e9marche bas carbone est au coeut de sa strat\u00e9gie commerciale.\u00a0<\/p>\n<p><strong>Terres d\u2019Aventure partenaire de la FFRandonn\u00e9e\u00a0<\/strong><\/p>\n<p>Terres d\u2019Aventure accorde <a href=\"https:\/\/www.ffrandonnee.fr\/la-federation\/partenaires\/terres-d-aventure\" target=\"_blank\" rel=\"noopener\">une r\u00e9duction de 5%<\/a> sur le prix de vente public de l\u2019ensemble de ses voyages aux adh\u00e9rents de son partenaire la FFRandonn\u00e9e.\u00a0<\/p>\n<p>Source : L\u2019\u00c9cho touristique\u00a0<\/p>\n","protected":false},"excerpt":{"rendered":"En 2025, Terres d\u2019Aventure va r\u00e9pondre aux attentes des voyageurs tout en r\u00e9duisant son impact carbone. L\u2019entreprise va&hellip;\n","protected":false},"author":2,"featured_media":386511,"comment_status":"","ping_status":"","sticky":false,"template":"","format":"standard","meta":{"footnotes":""},"categories":[1586],"tags":[11,28225,28226,28217,28218,1777,674,28216,28227,28228,1011,27,28211,28212,28215,28224,28219,28222,12,28213,28221,28220,25,28214,28223],"class_list":{"0":"post-386510","1":"post","2":"type-post","3":"status-publish","4":"format-standard","5":"has-post-thumbnail","7":"category-europe","8":"tag-actualites","9":"tag-animateur-de-randonnee","10":"tag-balisage","11":"tag-clubs-de-randonnee","12":"tag-disciplines-de-randonnee","13":"tag-eu","14":"tag-europe","15":"tag-federation-francaise-de-la-randonnee-pedestre","16":"tag-ffrandonnee","17":"tag-ffrp","18":"tag-fr","19":"tag-france","20":"tag-gr","21":"tag-grande-randonnee","22":"tag-itineraires-de-randonnee","23":"tag-itinerance","24":"tag-longe-cote","25":"tag-marche-nordique","26":"tag-news","27":"tag-promenade-et-randonnee","28":"tag-rando-challenge","29":"tag-raquette-a-neige","30":"tag-republique-francaise","31":"tag-topoguide","32":"tag-trek"},"share_on_mastodon":{"url":"https:\/\/pubeurope.com\/@fr\/115194031547521661","error":""},"_links":{"self":[{"href":"https:\/\/www.europesays.com\/fr\/wp-json\/wp\/v2\/posts\/386510","targetHints":{"allow":["GET"]}}],"collection":[{"href":"https:\/\/www.europesays.com\/fr\/wp-json\/wp\/v2\/posts"}],"about":[{"href":"https:\/\/www.europesays.com\/fr\/wp-json\/wp\/v2\/types\/post"}],"author":[{"embeddable":true,"href":"https:\/\/www.europesays.com\/fr\/wp-json\/wp\/v2\/users\/2"}],"replies":[{"embeddable":true,"href":"https:\/\/www.europesays.com\/fr\/wp-json\/wp\/v2\/comments?post=386510"}],"version-history":[{"count":0,"href":"https:\/\/www.europesays.com\/fr\/wp-json\/wp\/v2\/posts\/386510\/revisions"}],"wp:featuredmedia":[{"embeddable":true,"href":"https:\/\/www.europesays.com\/fr\/wp-json\/wp\/v2\/media\/386511"}],"wp:attachment":[{"href":"https:\/\/www.europesays.com\/fr\/wp-json\/wp\/v2\/media?parent=386510"}],"wp:term":[{"taxonomy":"category","embeddable":true,"href":"https:\/\/www.europesays.com\/fr\/wp-json\/wp\/v2\/categories?post=386510"},{"taxonomy":"post_tag","embeddable":true,"href":"https:\/\/www.europesays.com\/fr\/wp-json\/wp\/v2\/tags?post=386510"}],"curies":[{"name":"wp","href":"https:\/\/api.w.org\/{rel}","templated":true}]}}