{"id":386512,"date":"2025-09-12T23:56:10","date_gmt":"2025-09-12T23:56:10","guid":{"rendered":"https:\/\/www.europesays.com\/fr\/386512\/"},"modified":"2025-09-12T23:56:10","modified_gmt":"2025-09-12T23:56:10","slug":"pourquoi-le-reglement-chat-control-divise-tant-leurope","status":"publish","type":"post","link":"https:\/\/www.europesays.com\/fr\/386512\/","title":{"rendered":"pourquoi le r\u00e8glement Chat Control divise tant l&rsquo;Europe"},"content":{"rendered":"<p>Le d\u00e9bat s&rsquo;annonce vif. Ce vendredi, le Conseil de <a href=\"https:\/\/www.latribune.fr\/economie\/union-europeenne\/bce-la-croissance-revue-a-la-hausse-vigilance-sur-l-inflation-1032321.html\" target=\"_blank\" rel=\"nofollow noopener\">l&rsquo;Union europ\u00e9enne<\/a> se penchait sur une proposition de r\u00e8glement controvers\u00e9e. Derri\u00e8re le surnom de \u00ab Chat Control \u00bb, donn\u00e9 par ses opposants, se trouve un projet destin\u00e9 \u00e0 lutter contre les abus sexuels sur mineurs en obligeant <a href=\"https:\/\/www.latribune.fr\/technos-medias\/internet\/meta-defie-bruxelles-sur-l-ai-act-un-geste-tres-politique-1030195.html\" target=\"_blank\" rel=\"nofollow noopener\">les services de messagerie<\/a>, de chat et de courriel \u00e0 analyser les communications priv\u00e9es de leurs utilisateurs. Si l&rsquo;issue du vote reste incertaine, la pr\u00e9sidence danoise du Conseil de l&rsquo;UE plaide pour un compromis qui pourrait \u00eatre soumis au vote final le 14 octobre.<\/p>\n<p>Le projet tra\u00eene depuis plusieurs ann\u00e9es dans les couloirs de Bruxelles. En mai 2022, la Commission europ\u00e9enne avait pr\u00e9sent\u00e9 un premier document officiel avec une proposition de \u00ab scan \u00bb des messageries. On pouvait y lire que les \u00ab <a href=\"https:\/\/www.latribune.fr\/economie\/france\/data-centers-la-nouvelle-ruee-vers-l-or-des-investisseurs-1026182.html\" target=\"_blank\" rel=\"nofollow noopener\">fournisseurs de services d&rsquo;h\u00e9bergement<\/a> ou de communication interpersonnelle [&#8230;] doivent d\u00e9tecter de mani\u00e8re proactive les contenus p\u00e9dopornographiques en ligne \u00bb. Le texte allait plus loin en donnant la possibilit\u00e9 \u00e0 une autorit\u00e9 nationale ou \u00e0 un tribunal de forcer une entreprise \u00e0 r\u00e9aliser ces analyses.<\/p>\n","protected":false},"excerpt":{"rendered":"Le d\u00e9bat s&rsquo;annonce vif. Ce vendredi, le Conseil de l&rsquo;Union europ\u00e9enne se penchait sur une proposition de r\u00e8glement&hellip;\n","protected":false},"author":2,"featured_media":386513,"comment_status":"","ping_status":"","sticky":false,"template":"","format":"standard","meta":{"footnotes":""},"categories":[1586],"tags":[17,11,7654,1444,51388,1777,674,1779,1011,27,7998,12,1974,7555,50322,25,1807,1778,364],"class_list":{"0":"post-386512","1":"post","2":"type-post","3":"status-publish","4":"format-standard","5":"has-post-thumbnail","7":"category-europe","8":"tag-17","9":"tag-actualites","10":"tag-chat","11":"tag-contre","12":"tag-control","13":"tag-eu","14":"tag-europe","15":"tag-european-union","16":"tag-fr","17":"tag-france","18":"tag-lutte","19":"tag-news","20":"tag-pedocriminalite","21":"tag-pourquoi","22":"tag-reglement","23":"tag-republique-francaise","24":"tag-technos-medias","25":"tag-ue","26":"tag-union-europeenne"},"share_on_mastodon":{"url":"https:\/\/pubeurope.com\/@fr\/115194035182852664","error":""},"_links":{"self":[{"href":"https:\/\/www.europesays.com\/fr\/wp-json\/wp\/v2\/posts\/386512","targetHints":{"allow":["GET"]}}],"collection":[{"href":"https:\/\/www.europesays.com\/fr\/wp-json\/wp\/v2\/posts"}],"about":[{"href":"https:\/\/www.europesays.com\/fr\/wp-json\/wp\/v2\/types\/post"}],"author":[{"embeddable":true,"href":"https:\/\/www.europesays.com\/fr\/wp-json\/wp\/v2\/users\/2"}],"replies":[{"embeddable":true,"href":"https:\/\/www.europesays.com\/fr\/wp-json\/wp\/v2\/comments?post=386512"}],"version-history":[{"count":0,"href":"https:\/\/www.europesays.com\/fr\/wp-json\/wp\/v2\/posts\/386512\/revisions"}],"wp:featuredmedia":[{"embeddable":true,"href":"https:\/\/www.europesays.com\/fr\/wp-json\/wp\/v2\/media\/386513"}],"wp:attachment":[{"href":"https:\/\/www.europesays.com\/fr\/wp-json\/wp\/v2\/media?parent=386512"}],"wp:term":[{"taxonomy":"category","embeddable":true,"href":"https:\/\/www.europesays.com\/fr\/wp-json\/wp\/v2\/categories?post=386512"},{"taxonomy":"post_tag","embeddable":true,"href":"https:\/\/www.europesays.com\/fr\/wp-json\/wp\/v2\/tags?post=386512"}],"curies":[{"name":"wp","href":"https:\/\/api.w.org\/{rel}","templated":true}]}}