{"id":386516,"date":"2025-09-12T23:58:11","date_gmt":"2025-09-12T23:58:11","guid":{"rendered":"https:\/\/www.europesays.com\/fr\/386516\/"},"modified":"2025-09-12T23:58:11","modified_gmt":"2025-09-12T23:58:11","slug":"les-liens-de-lhomme-mis-en-examen-avec-la-manche","status":"publish","type":"post","link":"https:\/\/www.europesays.com\/fr\/386516\/","title":{"rendered":"les liens de l\u2019homme mis en examen avec la Manche"},"content":{"rendered":"<p>            Par<br \/>\n        <strong><br \/>\n            <a href=\"https:\/\/actu.fr\/auteur\/ludivine-laniepce\" title=\"Consulter tous les articles de Ludivine Laniepce\" target=\"_blank\" rel=\"noopener\">Ludivine Laniepce<\/a><br \/>\n        <\/strong><\/p>\n<p>        Publi\u00e9 le<\/p>\n<p>            12 sept. 2025 \u00e0 20h21        <\/p>\n<p>\u00c9ric Camous, le <b>procureur de la R\u00e9publique<\/b> de <a href=\"https:\/\/actu.fr\/provence-alpes-cote-d-azur\/grasse_06069\" target=\"_blank\" rel=\"noopener\">Grasse <\/a>(Alpes-Maritimes), a tenu ce <b>vendredi 12\u00a0septembre 2025<\/b> une courte conf\u00e9rence de presse au sujet de <a href=\"https:\/\/actu.fr\/provence-alpes-cote-d-azur\/antibes_06004\/attaque-au-couteau-dans-un-lycee-pres-de-nice-deux-blesses-un-homme-interpelle_63143171.html\" target=\"_blank\" rel=\"noopener\">l\u2019attaque au couteau de mercredi <\/a>survenue dans un<b> lyc\u00e9e horticole<\/b> d\u2019Antibes.<\/p>\n<p>Deux bless\u00e9s et deux nouvelles mises en examen<\/p>\n<p class=\" wall-content\">Ce jour-l\u00e0, peu avant 14\u00a0heures, un jeune homme de 18\u00a0ans est entr\u00e9 dans cet \u00e9tablissement o\u00f9 il avait \u00e9t\u00e9 <b>scolaris\u00e9<\/b>. Apr\u00e8s \u00eatre pass\u00e9 aux toilettes et avoir ing\u00e9r\u00e9 des m\u00e9dicaments, il a crois\u00e9 la route de plusieurs personnes, <b>couteau de cuisine<\/b> \u00e0 la main.<\/p>\n<p class=\" wall-content\">Il a d\u2019abord tent\u00e9 de <b>blesser un \u00e9l\u00e8ve<\/b> qui est parvenu \u00e0 esquiver son geste. Il a ensuite port\u00e9 des coups \u00e0 la t\u00eate d\u2019un autre \u00e9l\u00e8ve. Celui-ci, \u00e2g\u00e9 de 16\u00a0ans, gardera des \u00ab<b>\u2009s\u00e9quelles importantes<\/b>\u2009\u00bb. Enfin, l\u2019<b>assaillant<\/b> a port\u00e9 trois coups \u00e0 une <b>enseignante <\/b>de 52\u00a0ans, dont un particuli\u00e8rement s\u00e9rieux \u00e0 l\u2019abdomen. Leur <b>pronostic vital<\/b> n\u2019\u00e9tait cependant pas engag\u00e9.<\/p>\n<p class=\" wall-content\">Ceux qui ont crois\u00e9 sa route le d\u00e9crivent anim\u00e9 d\u2019une \u00ab\u2009volont\u00e9 mortif\u00e8re\u2009\u00bb et d\u2019une \u00ab\u2009d\u00e9termination manifeste\u2009\u00bb, mais tenant aussi\u00a0un \u00ab\u2009discours confus\u2009\u00bb. Il aurait \u00e9galement point\u00e9 son couteau sur lui \u00e0 plusieurs reprises. Il a \u00e9t\u00e9 \u00e9loign\u00e9 des autres par un agent technique puis calm\u00e9 par le <b>proviseur <\/b>de l\u2019\u00e9tablissement et <b>interpell\u00e9 <\/b>sans difficult\u00e9.<\/p>\n<p class=\" wall-content\">Ce jeune homme, issu d\u2019une famille kurde <b>r\u00e9fugi\u00e9e politique<\/b> en <b>France<\/b> \u00e9tait <b>fich\u00e9 S<\/b>.<a href=\"https:\/\/actu.fr\/provence-alpes-cote-d-azur\/antibes_06004\/attaque-au-couteau-a-antibes-le-suspect-avoue-et-dit-avoir-entendu-des-voix_63156592.html\" target=\"_blank\" rel=\"noopener\"> Il a reconnu les faits<\/a> devant les enqu\u00eateurs, \u00e9voquant \u00ab\u2009une journ\u00e9e difficile\u2009\u00bb au cours de laquelle il a \u00ab\u2009entendu des voix\u2009\u00bb qui ont provoqu\u00e9 \u00ab\u2009une <b>anxi\u00e9t\u00e9 montante<\/b>\u2009\u00bb, selon \u00c9ric Camous.<\/p>\n<p class=\" wall-content\">Il a \u00e9t\u00e9 <b>mis en examen<\/b> pour <b>tentative d\u2019assassinat <\/b>et plac\u00e9 en <b>d\u00e9tention provisoire<\/b>. Il est d\u00e9sormais dans l\u2019attente d\u2019un <b>diagnostic psychiatrique<\/b> d\u00e9finitif en raison de \u00ab\u2009<b>troubles graves<\/b> de la <b>personnalit\u00e9 <\/b>associ\u00e9s \u00e0 des probl\u00e9matiques psychiatriques et hallucinatoires\u2009\u00bb.<\/p>\n<p>Un lien avec Cherbourg-en-Cotentin\u2009?<\/p>\n<p class=\" wall-content\">Dans la foul\u00e9e de son <b>arrestation<\/b>, deux autres personnes ont \u00e9t\u00e9 plac\u00e9es en<b> garde \u00e0 vue<\/b>. La premi\u00e8re est un <b>adolescent de 17\u00a0ans<\/b> r\u00e9sidant dans le <b>Var<\/b>.<\/p>\n<p class=\" wall-content\">La seconde est une jeune femme interpell\u00e9e en <b>Normandie<\/b>, plus pr\u00e9cis\u00e9ment par la <b>police judiciaire<\/b> de <a href=\"https:\/\/actu.fr\/normandie\/caen_14118\" target=\"_blank\" rel=\"noopener\">Caen <\/a>(Calvados), selon nos informations. Elle est pr\u00e9sent\u00e9e comme la petite amie de l\u2019assaillant. Elle est soup\u00e7onn\u00e9e de l\u2019avoir encourag\u00e9 \u00e0 attaquer ce lyc\u00e9e. Des <b>v\u00e9rifications <\/b>sont en cours quant \u00e0 leur possible implication dans cette attaque. Une information judiciaire les concernant a \u00e9t\u00e9 ouverte ce vendredi matin.<\/p>\n<p>Votre r\u00e9gion, votre actu !<\/p>\n<p>Recevez chaque jour les infos qui comptent pour vous.<\/p>\n<p>\t<a href=\"https:\/\/actu.fr\/newsletter\" class=\"ac-btn ac-btn--corner ac-btn--medium ac-btn--blue800\" target=\"_blank\" rel=\"noopener\">S&rsquo;incrire<\/a><\/p>\n<p class=\" wall-content\">Cette jeune femme interpell\u00e9e en Normandie aurait-elle <a href=\"https:\/\/actu.fr\/normandie\/cherbourg-en-cotentin_50129\/cherbourg-une-adolescente-de-17-ans-suspectee-de-preparer-une-tuerie-de-masse_60998000.html\" target=\"_blank\" rel=\"noopener\">d\u00e9j\u00e0 fait parler d\u2019elle au printemps 2024<\/a> \u00e0 Cherbourg-en-Cotentin\u2009? Tout porte \u00e0 le croire, selon un faisceau d\u2019indices concordants.<\/p>\n<p class=\" wall-content\">Cette ann\u00e9e-l\u00e0, en avril, l\u2019Antibois qui est aujourd\u2019hui mis en examen pour tentative d\u2019assassinat \u00e9tait alors poursuivi pour <b>apologie de crime <\/b>apr\u00e8s avoir t\u00e9moign\u00e9 d\u2019une \u00ab\u2009fascination inqui\u00e9tante pour les crimes de masse et les tueurs en s\u00e9rie\u2009\u00bb, a rappel\u00e9 le procureur de la R\u00e9publique de Grasse.<\/p>\n<p class=\" wall-content\">Alors qu\u2019il sortait tout juste d\u2019un s\u00e9jour en <b>h\u00f4pital <\/b>psychiatrique, il \u00e9tait soup\u00e7onn\u00e9 de projeter une <b>tuerie de masse<\/b> sans connotation religieuse dans ce m\u00eame lyc\u00e9e horticole des Alpes-Maritimes. Des croix gamm\u00e9es, des signes cabalistiques et des carnets rendant compte de ses projets d\u2019attaque avaient \u00e9t\u00e9 retrouv\u00e9s \u00e0 son domicile.<\/p>\n<p class=\" wall-content\">Les enqu\u00eateurs \u00e9taient dans le m\u00eame temps remont\u00e9s jusqu\u2019\u00e0 une Manchoise de 17\u00a0ans, elle aussi hospitalis\u00e9e dans un service psychiatrique \u00e0 <a href=\"https:\/\/actu.fr\/normandie\/cherbourg-en-cotentin_50129\" target=\"_blank\" rel=\"noopener\">Cherbourg-en-Cotentin<\/a>, avec qui il \u00e9tait en contact. Cette derni\u00e8re, qui partageait ses envies meurtri\u00e8res, avait alors \u00e9t\u00e9 plac\u00e9e en garde \u00e0 vue dans les locaux de la police judiciaire de Caen. Elle a ensuite \u00e9t\u00e9 hospitalis\u00e9e, sans que propre consentement ne soit requis.<\/p>\n<p class=\" wall-content\">L\u2019Antibois, quant \u00e0 lui, avait \u00e9t\u00e9 <b>remis en libert\u00e9<\/b> pr\u00e8s d\u2019un an plus tard, en mars\u00a02025, avec des passages en service psychiatrique avant, pendant et apr\u00e8s sa d\u00e9tention (o\u00f9 il avait par ailleurs fait une <b>tentative de suicide<\/b>). Il\u00a0faisait l\u2019objet d\u2019un accompagnement psychiatrique, d\u2019un suivi par la\u00a0protection judiciaire de la jeunesse et par une psychologue.<\/p>\n<p class=\" wall-content\">Il\u00a0suivait un traitement m\u00e9dicamenteux, mais tous les rendez-vous \u00ab\u2009n\u2019ont pas permis d\u2019anticiper un nouveau passage \u00e0 l\u2019acte\u2009\u00bb, a assur\u00e9 le procureur de la R\u00e9publique de Grasse.<\/p>\n<p class=\" wall-content\">\u00c0 l\u2019issue de sa conf\u00e9rence de presse, \u00c9ric Camous s\u2019est abstenu de tout commentaire au sujet de cette jeune femme interpell\u00e9e dans notre r\u00e9gion cette semaine.<\/p>\n<p class=\" wall-content\">S\u2019il s\u2019av\u00e8re qu\u2019il s\u2019agit de nouveau de la Manchoise qui \u00e9tait en contact avec l\u2019assaillant il y a un an, force est de constater que ces deux-l\u00e0 avaient maintenu le dialogue.<\/p>\n<p class=\" wall-content\"><b>Avec AFP<\/b><\/p>\n<p class=\" wall-content\">Personnalisez votre actualit\u00e9 en ajoutant vos villes et m\u00e9dias en favori avec <a href=\"https:\/\/moncompte.actu.fr\" title=\"D\u00e9couvez Mon Actu\" rel=\"nofollow noopener\" data-trk=\"{&quot;cta&quot;:{&quot;action&quot;:&quot;https:\\\/\\\/moncompte.actu.fr&quot;,&quot;category&quot;:&quot;mon compte&quot;,&quot;from&quot;:&quot;article footer&quot;,&quot;name&quot;:&quot;Mon actu&quot;,&quot;type&quot;:&quot;cta&quot;}}\" target=\"_blank\">Mon Actu<\/a>.<\/p>\n","protected":false},"excerpt":{"rendered":"Par Ludivine Laniepce Publi\u00e9 le 12 sept. 2025 \u00e0 20h21 \u00c9ric Camous, le procureur de la R\u00e9publique de&hellip;\n","protected":false},"author":2,"featured_media":386517,"comment_status":"","ping_status":"","sticky":false,"template":"","format":"standard","meta":{"footnotes":""},"categories":[2],"tags":[11,3168,118,1011,27,12,1072,25],"class_list":{"0":"post-386516","1":"post","2":"type-post","3":"status-publish","4":"format-standard","5":"has-post-thumbnail","7":"category-actualites","8":"tag-actualites","9":"tag-cotentin","10":"tag-faits-divers","11":"tag-fr","12":"tag-france","13":"tag-news","14":"tag-police","15":"tag-republique-francaise"},"share_on_mastodon":{"url":"https:\/\/pubeurope.com\/@fr\/115194043047919084","error":""},"_links":{"self":[{"href":"https:\/\/www.europesays.com\/fr\/wp-json\/wp\/v2\/posts\/386516","targetHints":{"allow":["GET"]}}],"collection":[{"href":"https:\/\/www.europesays.com\/fr\/wp-json\/wp\/v2\/posts"}],"about":[{"href":"https:\/\/www.europesays.com\/fr\/wp-json\/wp\/v2\/types\/post"}],"author":[{"embeddable":true,"href":"https:\/\/www.europesays.com\/fr\/wp-json\/wp\/v2\/users\/2"}],"replies":[{"embeddable":true,"href":"https:\/\/www.europesays.com\/fr\/wp-json\/wp\/v2\/comments?post=386516"}],"version-history":[{"count":0,"href":"https:\/\/www.europesays.com\/fr\/wp-json\/wp\/v2\/posts\/386516\/revisions"}],"wp:featuredmedia":[{"embeddable":true,"href":"https:\/\/www.europesays.com\/fr\/wp-json\/wp\/v2\/media\/386517"}],"wp:attachment":[{"href":"https:\/\/www.europesays.com\/fr\/wp-json\/wp\/v2\/media?parent=386516"}],"wp:term":[{"taxonomy":"category","embeddable":true,"href":"https:\/\/www.europesays.com\/fr\/wp-json\/wp\/v2\/categories?post=386516"},{"taxonomy":"post_tag","embeddable":true,"href":"https:\/\/www.europesays.com\/fr\/wp-json\/wp\/v2\/tags?post=386516"}],"curies":[{"name":"wp","href":"https:\/\/api.w.org\/{rel}","templated":true}]}}