{"id":386528,"date":"2025-09-13T00:06:13","date_gmt":"2025-09-13T00:06:13","guid":{"rendered":"https:\/\/www.europesays.com\/fr\/386528\/"},"modified":"2025-09-13T00:06:13","modified_gmt":"2025-09-13T00:06:13","slug":"jai-pousse-comme-un-ane-raconte-isack-hadjar-apres-sa-10e-place-en-italie","status":"publish","type":"post","link":"https:\/\/www.europesays.com\/fr\/386528\/","title":{"rendered":"\u00abJ&rsquo;ai pouss\u00e9 comme un \u00e2ne\u00bb, raconte Isack Hadjar apr\u00e8s sa 10e place en Italie"},"content":{"rendered":"<p>Apr\u00e8s s\u2019\u00eatre \u00e9lanc\u00e9 de la voie des stands dimanche \u00e0 Monza, le pilote Red Bull a pris un point en terminant dans le top 10.<\/p>\n<p class=\"fig-paragraph\">\u00abJ&rsquo;ai pas r\u00e9fl\u00e9chi pendant la course, j&rsquo;ai juste pouss\u00e9 comme un \u00e2ne tout le temps\u00bb, a assur\u00e9 le Fran\u00e7ais\u00a0<a href=\"http:\/\/www.lefigaro.fr\/sports\/formule-1\/formule-1-le-francais-hadjar-s-offre-son-premier-podium-piastri-fait-mal-a-norris-aux-pays-bas-20250831\" data-fig-type=\"NewsFlash\" data-gtm-custom-categorie=\"navigation\" data-gtm-custom-action=\"crossclick\" data-gtm-custom-label=\"Contextuel\" data-gtm-event=\"customEventSPE\" data-fig-domain=\"LEFIGARO\" rel=\"nofollow noopener\" target=\"_blank\">Isack Hadjar<\/a>, dixi\u00e8me du\u00a0<a href=\"http:\/\/www.lefigaro.fr\/sports\/formule-1\/verstappen-en-maestro-la-gestion-mclaren-en-questions-les-tops-et-les-flops-du-grand-prix-d-italie-20250907\" data-fig-type=\"NewsFlash\" data-gtm-custom-categorie=\"navigation\" data-gtm-custom-action=\"crossclick\" data-gtm-custom-label=\"Contextuel\" data-gtm-event=\"customEventSPE\" data-fig-domain=\"LEFIGARO\" rel=\"nofollow noopener\" target=\"_blank\">Grand Prix d&rsquo;Italie en Formule 1<\/a>\u00a0apr\u00e8s s&rsquo;\u00eatre \u00e9lanc\u00e9 de la voie des stands dimanche \u00e0 Monza. Parti dernier avec son compatriote\u00a0<a href=\"http:\/\/www.lefigaro.fr\/sports\/formule-1\/formule-1-pierre-gasly-partira-de-la-voie-des-stands-a-monza-20250907\" data-fig-type=\"NewsFlash\" data-gtm-custom-categorie=\"navigation\" data-gtm-custom-action=\"crossclick\" data-gtm-custom-label=\"Contextuel\" data-gtm-event=\"customEventSPE\" data-fig-domain=\"LEFIGARO\" rel=\"nofollow noopener\" target=\"_blank\">Pierre Gasly<\/a>\u00a0(Alpine) en raison d&rsquo;une p\u00e9nalit\u00e9 li\u00e9e \u00e0 un changement de moteur, le pilote Red Bull a pris un point en terminant dans le top 10.<\/p>\n<p class=\"fig-paragraph\">Finir dans les dix premiers \u00abc&rsquo;est l&rsquo;objectif de chaque week-end et l\u00e0, en partant de la \u00ab\u00a0pitlane\u00a0\u00bb, c&rsquo;est pas mal\u00bb, s&rsquo;est f\u00e9licit\u00e9 le pilote Red Bull, une semaine apr\u00e8s avoir sign\u00e9 son premier podium en F1. \u00abJe me suis bien amus\u00e9\u00bb, a encore dit le Francilien de 20 ans. \u00abJe pense que nous m\u00e9ritions ce point parce que nous avions un tr\u00e8s bon rythme (&#8230;), il n&rsquo;y avait pas de d\u00e9gradation des pneus donc je me suis juste occup\u00e9 du rythme de la voiture et on est all\u00e9s tr\u00e8s vite\u00bb.<\/p>\n<p>                                    <a class=\"fig-a11y-skip a11y-hidden\" href=\"#fig-a11y-skip-main-inarticle\"><br \/>\n        Passer la publicit\u00e9<br \/>\n    <\/a><\/p>\n<p class=\"fig-paragraph\">Il a termin\u00e9 devant ses deux exp\u00e9riment\u00e9s compatriotes Esteban Ocon (Haas) et Gasly &#8211; respectivement 15e et 16e. Sur le circuit de Zandvoort dimanche dernier, Hadjar est devenu \u00e0 20 ans 11 mois et trois jours le plus jeune pilote fran\u00e7ais \u00e0 monter sur un podium de F1, gr\u00e2ce \u00e0 sa troisi\u00e8me place remport\u00e9e aux Pays-Bas.<\/p>\n<p class=\"fig-paragraph\">Cette performance pose d\u00e9sormais la question de son avenir\u00a0: arriv\u00e9 en F1 cette saison chez Racing Bulls, le Fran\u00e7ais fait figure de candidat pour piloter la deuxi\u00e8me Red Bull aux c\u00f4t\u00e9s du champion du monde en titre Max Verstappen.<\/p>\n","protected":false},"excerpt":{"rendered":"Apr\u00e8s s\u2019\u00eatre \u00e9lanc\u00e9 de la voie des stands dimanche \u00e0 Monza, le pilote Red Bull a pris un&hellip;\n","protected":false},"author":2,"featured_media":386529,"comment_status":"","ping_status":"","sticky":false,"template":"","format":"standard","meta":{"footnotes":""},"categories":[1412],"tags":[1451,1452,1453,1454,1455,1011,27,27138,60],"class_list":{"0":"post-386528","1":"post","2":"type-post","3":"status-publish","4":"format-standard","5":"has-post-thumbnail","7":"category-f1","8":"tag-f1","9":"tag-formula-1","10":"tag-formula1","11":"tag-formule-1","12":"tag-formule1","13":"tag-fr","14":"tag-france","15":"tag-sport-automobile","16":"tag-sports"},"share_on_mastodon":{"url":"https:\/\/pubeurope.com\/@fr\/115194074413877555","error":""},"_links":{"self":[{"href":"https:\/\/www.europesays.com\/fr\/wp-json\/wp\/v2\/posts\/386528","targetHints":{"allow":["GET"]}}],"collection":[{"href":"https:\/\/www.europesays.com\/fr\/wp-json\/wp\/v2\/posts"}],"about":[{"href":"https:\/\/www.europesays.com\/fr\/wp-json\/wp\/v2\/types\/post"}],"author":[{"embeddable":true,"href":"https:\/\/www.europesays.com\/fr\/wp-json\/wp\/v2\/users\/2"}],"replies":[{"embeddable":true,"href":"https:\/\/www.europesays.com\/fr\/wp-json\/wp\/v2\/comments?post=386528"}],"version-history":[{"count":0,"href":"https:\/\/www.europesays.com\/fr\/wp-json\/wp\/v2\/posts\/386528\/revisions"}],"wp:featuredmedia":[{"embeddable":true,"href":"https:\/\/www.europesays.com\/fr\/wp-json\/wp\/v2\/media\/386529"}],"wp:attachment":[{"href":"https:\/\/www.europesays.com\/fr\/wp-json\/wp\/v2\/media?parent=386528"}],"wp:term":[{"taxonomy":"category","embeddable":true,"href":"https:\/\/www.europesays.com\/fr\/wp-json\/wp\/v2\/categories?post=386528"},{"taxonomy":"post_tag","embeddable":true,"href":"https:\/\/www.europesays.com\/fr\/wp-json\/wp\/v2\/tags?post=386528"}],"curies":[{"name":"wp","href":"https:\/\/api.w.org\/{rel}","templated":true}]}}