{"id":386532,"date":"2025-09-13T00:08:14","date_gmt":"2025-09-13T00:08:14","guid":{"rendered":"https:\/\/www.europesays.com\/fr\/386532\/"},"modified":"2025-09-13T00:08:14","modified_gmt":"2025-09-13T00:08:14","slug":"il-y-a-beaucoup-denthousiasme-souligne-de-zerbi-apres-la-victoire-olympienne","status":"publish","type":"post","link":"https:\/\/www.europesays.com\/fr\/386532\/","title":{"rendered":"\u00ab\u00a0Il y a beaucoup d&rsquo;enthousiasme\u00a0\u00bb, souligne De Zerbi apr\u00e8s la victoire olympienne"},"content":{"rendered":"<p>Soulag\u00e9. Apr\u00e8s deux revers \u00e0 Rennes (1-0) et \u00e0 Lyon (1-0), ainsi qu\u2019un succ\u00e8s \u00e9triqu\u00e9 contre le Paris FC (5-2), Roberto De Zerbi a appr\u00e9ci\u00e9 la victoire nette et sans bavure de son \u00e9quipe face au promu lorientais (4-0), ce vendredi soir, au stade V\u00e9lodrome.<\/p>\n<p><strong>Est-ce que cette victoire met votre d\u00e9but de saison mouvement\u00e9 derri\u00e8re vous\u00a0?<\/strong>&#13;\n<\/p>\n<p>Le club a fait un grand mercato, l\u2019\u00e9quipe est forte, les joueurs sont tr\u00e8s bons. On peut penser que c\u2019est notre premier match de championnat puisque c\u2019est la premi\u00e8re fois que nos joueurs jouaient ensemble. Mais c\u2019est la 4e journ\u00e9e de championnat, on doit acc\u00e9l\u00e9rer et les joueurs doivent apprendre \u00e0 se conna\u00eetre. Aguerd, Pavard, O\u2019Riley, Vermeeren sont des joueurs intelligents, je ne me fais pas de souci. Pour Gouiri, il est touch\u00e9 \u00e0 l\u2019\u00e9paule et on doit voir s\u2019il pourra \u00eatre l\u00e0 mardi.<\/p>\n<p><strong>Les recrues ont marqu\u00e9 et vous n\u2019avez pas pris de but. <a href=\"https:\/\/www.laprovence.com\/article\/om\/2048828099428714\/om-real-madrid-psg-vivez-le-frisson-des-grands-soirs-avec-la-provence\" target=\"_blank\" rel=\"nofollow noopener\">C\u2019est une bonne chose avant d\u2019aller \u00e0 Madrid et de recevoir Paris\u00a0?<\/a><\/strong>&#13;\n<\/p>\n<p>L\u2019atmosph\u00e8re est diff\u00e9rente entre les joueurs maintenant. Il y a beaucoup d\u2019enthousiasme \u00e0 porter la tunique de l\u2019OM. On a retrouv\u00e9 nos joueurs apr\u00e8s la tr\u00eave et je vois de l\u2019optimisme chez eux. On va pr\u00e9parer le d\u00e9placement \u00e0 Madrid d\u00e8s demain (lire samedi, Ndlr). On y va avec humilit\u00e9 car c\u2019est le Real et c\u2019est au Bernabeu, mais il nous faudra beaucoup d\u2019ambitions. C\u2019est la Ligue des champions et on porte l\u2019histoire de l\u2019OM. Il faut aller \u00e0 Madrid avec l\u2019objectif de faire un bon r\u00e9sultat. C\u2019est ce que la ville et le club nous imposent, mais il ne faut pas oublier d\u2019o\u00f9 nous venons.<\/p>\n<p>Olivier Pantaloni (entra\u00eeneur du FC Lorient)<\/p>\n<p>\u00ab\u00a0On se met tr\u00e8s rapidement en difficult\u00e9 alors qu\u2019on savait que le match serait compliqu\u00e9. On voulait montrer un autre visage que face \u00e0 Lille, \u00eatre plus solide sur le plan d\u00e9fensif. L\u2019\u00e9quipe \u00e9tait pr\u00eate, mais l\u2019erreur d\u00e9fensive nous co\u00fbte un penalty, un but et un carton rouge. On se complique la t\u00e2che, on commet des erreurs. \u00c0 3-0 \u00e0 la mi-temps, on avait peur de revoir le spectre du dernier match\u2026 J\u2019ai juste demand\u00e9 \u00e0 mes joueurs de rester solidaires et de tout faire pour ne pas perdre la seconde mi-temps. On s\u2019incline sur une derni\u00e8re frappe contr\u00e9e, c\u2019est dommage. Le rouge\u00a0? Apparemment, c\u2019est le r\u00e8glement cette saison. Ce que je regrette, c\u2019est notre erreur. \u00c0 ce niveau, ce n\u2019est pas possible.\u00a0\u00bb<\/p>\n","protected":false},"excerpt":{"rendered":"Soulag\u00e9. Apr\u00e8s deux revers \u00e0 Rennes (1-0) et \u00e0 Lyon (1-0), ainsi qu\u2019un succ\u00e8s \u00e9triqu\u00e9 contre le Paris&hellip;\n","protected":false},"author":2,"featured_media":386533,"comment_status":"","ping_status":"","sticky":false,"template":"","format":"standard","meta":{"footnotes":""},"categories":[1410],"tags":[51912,17,26056,51913,63,1011,27,3707,149,51911,2290,60,4061],"class_list":{"0":"post-386532","1":"post","2":"type-post","3":"status-publish","4":"format-standard","5":"has-post-thumbnail","7":"category-football","8":"tag-4-0","9":"tag-17","10":"tag-beaucoup","11":"tag-denthousiasme","12":"tag-football","13":"tag-fr","14":"tag-france","15":"tag-il","16":"tag-om","17":"tag-om-lorient","18":"tag-souligne","19":"tag-sports","20":"tag-zerbi"},"share_on_mastodon":{"url":"https:\/\/pubeurope.com\/@fr\/115194082551870312","error":""},"_links":{"self":[{"href":"https:\/\/www.europesays.com\/fr\/wp-json\/wp\/v2\/posts\/386532","targetHints":{"allow":["GET"]}}],"collection":[{"href":"https:\/\/www.europesays.com\/fr\/wp-json\/wp\/v2\/posts"}],"about":[{"href":"https:\/\/www.europesays.com\/fr\/wp-json\/wp\/v2\/types\/post"}],"author":[{"embeddable":true,"href":"https:\/\/www.europesays.com\/fr\/wp-json\/wp\/v2\/users\/2"}],"replies":[{"embeddable":true,"href":"https:\/\/www.europesays.com\/fr\/wp-json\/wp\/v2\/comments?post=386532"}],"version-history":[{"count":0,"href":"https:\/\/www.europesays.com\/fr\/wp-json\/wp\/v2\/posts\/386532\/revisions"}],"wp:featuredmedia":[{"embeddable":true,"href":"https:\/\/www.europesays.com\/fr\/wp-json\/wp\/v2\/media\/386533"}],"wp:attachment":[{"href":"https:\/\/www.europesays.com\/fr\/wp-json\/wp\/v2\/media?parent=386532"}],"wp:term":[{"taxonomy":"category","embeddable":true,"href":"https:\/\/www.europesays.com\/fr\/wp-json\/wp\/v2\/categories?post=386532"},{"taxonomy":"post_tag","embeddable":true,"href":"https:\/\/www.europesays.com\/fr\/wp-json\/wp\/v2\/tags?post=386532"}],"curies":[{"name":"wp","href":"https:\/\/api.w.org\/{rel}","templated":true}]}}