{"id":386534,"date":"2025-09-13T00:09:12","date_gmt":"2025-09-13T00:09:12","guid":{"rendered":"https:\/\/www.europesays.com\/fr\/386534\/"},"modified":"2025-09-13T00:09:12","modified_gmt":"2025-09-13T00:09:12","slug":"le-couple-filme-en","status":"publish","type":"post","link":"https:\/\/www.europesays.com\/fr\/386534\/","title":{"rendered":"le couple film\u00e9 en &#8230;"},"content":{"rendered":"<p>EN BREF<\/p>\n<ul class=\"bloc_resume_post_list\">\n<li>Catherine Davydzenka et St\u00e9phane Blancafort ont marqu\u00e9 la<br \/>\n10e \u00e9dition du Marathon Karting Jules Bianchi du 12 au 14<br \/>\nseptembre.<\/li>\n<li>Le couple, connu pour leurs r\u00f4les dans \u00ab\u00a0Ici tout<br \/>\ncommence&rsquo;, a attir\u00e9 l&rsquo;attention malgr\u00e9 une l\u00e9g\u00e8re chute de St\u00e9phane<br \/>\nBlancafort.<\/li>\n<li>Leur diff\u00e9rence d&rsquo;\u00e2ge de 28 ans suscite des discussions,<br \/>\nmais leur relation semble d\u00e9fier les attentes<br \/>\nconventionnelles.<\/li>\n<\/ul>\n<p><a href=\"https:\/\/www.telestar.fr\/people\/catherine-davydzenka-ici-tout-commence-nue-sur-instagram-son-cheri-justifie-la-diffusion-de-cette-photo-intime-1736406\" target=\"_blank\" rel=\"noopener\"><br \/>\nCatherine Davydzenka<\/a> et <a href=\"https:\/\/www.telestar.fr\/serie_tv\/ici_tout_commence\/je-metais-mis-une-barriere-stephane-blancafort-ici-tout-commence-se-livre-sur-sa-relation-avec-catherine-davydzenka-1700913\" target=\"_blank\" rel=\"noopener\"><br \/>\nSt\u00e9phane Blancafort<\/a> ont fait une apparition tr\u00e8s remarqu\u00e9e lors<br \/>\nde la 10e \u00e9dition du <strong>Marathon Karting Jules<br \/>\nBianchi<\/strong>. Rappelons que l\u2019\u00e9v\u00e9nement en hommage au pilote<br \/>\nfran\u00e7ais, mort en 2015, se dispute sur le circuit Ricard du 12 au<br \/>\n14 septembre. Ce vendredi 12 septembre, le couple est apparu<br \/>\n<strong>main dans la main<\/strong>, pour <a href=\"https:\/\/www.closermag.fr\/people\/catherine-davydzenka-ici-tout-commence-lascive-elle-pose-entierement-nue-sur-une-photo-torride-partagee-par-stephane-blancafort-3574282\" target=\"_blank\" rel=\"noopener\"><br \/>\nun moment d\u2019adr\u00e9naline<\/a>.<\/p>\n<p>L\u2019arriv\u00e9e de ceux qui incarnent les r\u00f4les d\u2019<strong>Hortense<br \/>\nRochemont<\/strong> et de <strong>Marc Leroy<\/strong> dans<br \/>\n<strong>Ici tout commence<\/strong> \u00e9tait sous le signe du<br \/>\nglamour. Main dans la main, dans des tenues de circonstances, le<br \/>\ncouple de stars avait attir\u00e9 tous les regards. Seulement, un petit<br \/>\naccroc a eu raison de l\u2019aura de cette belle marche. Devant les<br \/>\ncam\u00e9ras, l\u2019acteur de 55 ans a <strong>tr\u00e9buch\u00e9 l\u00e9g\u00e8rement<\/strong>.<br \/>\nUn instant d\u2019inattention qui a tout de m\u00eame g\u00e2ch\u00e9 quelque<br \/>\nchose\u2026<\/p>\n<p>Catherine Davydzenka : 28 ans d\u2019\u00e9cart avec St\u00e9phane Blancafort<br \/>\n!<\/p>\n<p><strong>Catherine Davydzenka<\/strong>, 27 ans, et<br \/>\n<strong>St\u00e9phane Blancafort<\/strong>, 55 ans, se sont rencontr\u00e9s<br \/>\nsur le tournage de la s\u00e9rie de TF1. \u00ab\u00a0Un<br \/>\n<strong>coup de foudre imm\u00e9diat<\/strong> digne d\u2019une<br \/>\ncom\u00e9die romantique\u00a0\u00bb, confiait l\u2019actrice \u00e0 nos confr\u00e8res de<br \/>\nchez Gala concernant <a href=\"https:\/\/www.gala.fr\/l_actu\/news_de_stars\/catherine-davydzenka-et-stephane-blancafort-ici-tout-commence-s-aiment-avec-28-ans-d-ecart-un-projet-de-vie-commun-20250414\" target=\"_blank\" rel=\"noopener\"><br \/>\ncette idylle<\/a> qui a d\u00e9but\u00e9 en 2024. Qu\u2019en est-il des <a href=\"https:\/\/www.telestar.fr\/people\/catherine-davydzenka-et-stephane-blancafort-ici-tout-commence-la-comedienne-sur-leur-enorme-difference-dage-1730876\" target=\"_blank\" rel=\"noopener\"><br \/>\n28 ans d\u2019\u00e9cart<\/a> dans le couple ?<\/p>\n<p>A nos confr\u00e8res, l\u2019actrice a confi\u00e9 : \u00ab\u00a0On n\u2019en a<br \/>\n<strong>jamais discut\u00e9<\/strong>. Avant qu\u2019on ne nous<br \/>\nle fasse remarquer, cela ne nous \u00e9tait jamais venu \u00e0<br \/>\nl\u2019esprit\u00a0\u00bb. \u00ab\u00a0Notre histoire est tellement arriv\u00e9e de<br \/>\nfa\u00e7on <strong>fusionnelle et naturelle<\/strong><br \/>\nqu\u2019on ne s\u2019est absolument pas pos\u00e9 de question par rapport \u00e0<br \/>\n\u00e7a\u00a0\u00bb, a-t-elle ajout\u00e9 avec beaucoup de tendresse.<\/p>\n<blockquote class=\"instagram-media\" style=\"background: #ffffff;border: 0;margin: 1px;width: 100%;padding: 0;max-width: 500px;\" data-instgrm-permalink=\"https:\/\/www.instagram.com\/reel\/DOgQAHMDGPq\/?utm_source=ig_web_copy_link\" data-instgrm-version=\"14\"\/><p>\nCatherine Davydzenka et St\u00e9phane<br \/>\nBlancafort : ce que l\u2019actrice pense de leur \u00e9cart d\u2019\u00e2ge<\/p>\n<p>Si la diff\u00e9rence d\u2019\u00e2ge n\u2019a aucun r\u00e9el impact dans le couple de<br \/>\n<strong>Catherine Davydzenka<\/strong> et <strong>St\u00e9phane<br \/>\nBlancafort<\/strong>, elle avoue tout de m\u00eame : \u00ab\u00a0Apr\u00e8s, il y a<br \/>\nforc\u00e9ment eu une forme de questionnement, mais elle n\u2019a jamais \u00e9t\u00e9<br \/>\nsur le fait de rester ensemble ou non. C\u2019\u00e9tait plus une forme de<br \/>\ngestion <strong>pour se prot\u00e9ger<\/strong><br \/>\nun petit peu\u00a0\u00bb.<\/p>\n<p>A nos confr\u00e8res, l\u2019actrice de Mon B\u00e9b\u00e9 a \u00e9galement<br \/>\nr\u00e9pondu aux critiques. \u00ab\u00a0J\u2019avais vu certains commentaires de<br \/>\ngens qui disaient : \u2018On verra <strong>dans dix<br \/>\nans<\/strong> !\u2019 Des gens, qui ont le m\u00eame \u00e2ge, se s\u00e9parent<br \/>\nau bout de dix ans. Il n\u2019y a pas de corr\u00e9lation entre les 28 ans<br \/>\nd\u2019\u00e9cart et le temps que les gens passent ensemble\u00a0\u00bb, a-t-elle<br \/>\nd\u00e9clar\u00e9.<\/p>\n<p><script async src=\"\/\/www.instagram.com\/embed.js\"><\/script><\/p>\n","protected":false},"excerpt":{"rendered":"EN BREF Catherine Davydzenka et St\u00e9phane Blancafort ont marqu\u00e9 la 10e \u00e9dition du Marathon Karting Jules Bianchi du&hellip;\n","protected":false},"author":2,"featured_media":386535,"comment_status":"","ping_status":"","sticky":false,"template":"","format":"standard","meta":{"footnotes":""},"categories":[1359],"tags":[548,18648,58,59,1011,27,973],"class_list":{"0":"post-386534","1":"post","2":"type-post","3":"status-publish","4":"format-standard","5":"has-post-thumbnail","7":"category-people","8":"tag-article-simple","9":"tag-catherine-davydzenka","10":"tag-divertissement","11":"tag-entertainment","12":"tag-fr","13":"tag-france","14":"tag-people"},"share_on_mastodon":{"url":"https:\/\/pubeurope.com\/@fr\/115194086652398760","error":""},"_links":{"self":[{"href":"https:\/\/www.europesays.com\/fr\/wp-json\/wp\/v2\/posts\/386534","targetHints":{"allow":["GET"]}}],"collection":[{"href":"https:\/\/www.europesays.com\/fr\/wp-json\/wp\/v2\/posts"}],"about":[{"href":"https:\/\/www.europesays.com\/fr\/wp-json\/wp\/v2\/types\/post"}],"author":[{"embeddable":true,"href":"https:\/\/www.europesays.com\/fr\/wp-json\/wp\/v2\/users\/2"}],"replies":[{"embeddable":true,"href":"https:\/\/www.europesays.com\/fr\/wp-json\/wp\/v2\/comments?post=386534"}],"version-history":[{"count":0,"href":"https:\/\/www.europesays.com\/fr\/wp-json\/wp\/v2\/posts\/386534\/revisions"}],"wp:featuredmedia":[{"embeddable":true,"href":"https:\/\/www.europesays.com\/fr\/wp-json\/wp\/v2\/media\/386535"}],"wp:attachment":[{"href":"https:\/\/www.europesays.com\/fr\/wp-json\/wp\/v2\/media?parent=386534"}],"wp:term":[{"taxonomy":"category","embeddable":true,"href":"https:\/\/www.europesays.com\/fr\/wp-json\/wp\/v2\/categories?post=386534"},{"taxonomy":"post_tag","embeddable":true,"href":"https:\/\/www.europesays.com\/fr\/wp-json\/wp\/v2\/tags?post=386534"}],"curies":[{"name":"wp","href":"https:\/\/api.w.org\/{rel}","templated":true}]}}