{"id":386536,"date":"2025-09-13T00:10:16","date_gmt":"2025-09-13T00:10:16","guid":{"rendered":"https:\/\/www.europesays.com\/fr\/386536\/"},"modified":"2025-09-13T00:10:16","modified_gmt":"2025-09-13T00:10:16","slug":"le-salvator-mundi-attribue-a-leonard-au-coeur-dun-nouveau-debat-insolite","status":"publish","type":"post","link":"https:\/\/www.europesays.com\/fr\/386536\/","title":{"rendered":"Le Salvator Mundi attribu\u00e9 \u00e0 L\u00e9onard au c\u0153ur d\u2019un nouveau d\u00e9bat insolite"},"content":{"rendered":"<p class=\"editor-content__paragraph\">Le tableau le plus cher au monde n\u2019a pas fini de faire parler de lui\u2026 Bien des choses ont d\u00e9j\u00e0 \u00e9t\u00e9 dites sur <strong>le myst\u00e9rieux Salvator Mundi suppos\u00e9ment peint par <a href=\"https:\/\/www.beauxarts.com\/grand-format\/leonard-de-vinci-en-3-minutes\/\" target=\"_blank\" rel=\"noopener\">L\u00e9onard de Vinci<\/a><\/strong>, <a href=\"https:\/\/www.beauxarts.com\/grand-format\/salvator-mundi-les-dessous-de-la-vente-du-siecle\/\" target=\"_blank\" rel=\"noopener\">acquis 450\u00a0millions de dollars en 2017\u00a0par Mohammed bin Salman<\/a>, prince h\u00e9ritier d\u2019Arabie saoudite, avant de voir son attribution au ma\u00eetre de la <a href=\"https:\/\/www.beauxarts.com\/grand-format\/la-renaissance-italienne-en-3-minutes\/\" target=\"_blank\" rel=\"noopener\">Renaissance italienne<\/a> vertement remise en cause. L\u2019\u0153uvre, qui a depuis disparu des radars, fait d\u00e9sormais l\u2019objet d\u2019une <strong>nouvelle hypoth\u00e8se insolite<\/strong>\u00a0: le Christ d\u00e9peint porterait des \u00ab\u00a0v\u00eatements de femme\u00a0\u00bb pour un<strong> look sciemment \u00ab\u00a0transgenre\u00a0\u00bb ou \u00ab\u00a0gender fluid\u00a0\u00bb<\/strong>\u2026 Une th\u00e9orie qui fait d\u00e9bat.<\/p>\n<p class=\"editor-content__paragraph\">Ces mots sont ceux de<strong> Philipp Zitzlsperger<\/strong> (n\u00e9 en 1965), professeur d\u2019histoire de l\u2019art m\u00e9di\u00e9val et moderne \u00e0 l\u2019Universit\u00e9 d\u2019Innsbruck, en Autriche. Sp\u00e9cialis\u00e9 entre autres dans la <strong>signification symbolique des v\u00eatements<\/strong> dans l\u2019art de la Renaissance, cet Allemand natif de Munich a d\u00e9taill\u00e9 son id\u00e9e dans un article intitul\u00e9<a href=\"https:\/\/www.researchgate.net\/publication\/393185972_The_Meaning_of_Leonardo&#039;s_Salvator_Mundi\" target=\"_blank\" rel=\"noopener\"><strong> \u00ab\u00a0La signification du Salvator Mundi de L\u00e9onard\u00a0\u00bb<\/strong><\/a>, au sein du dernier num\u00e9ro de Artibus et Historiae, une prestigieuse revue semestrielle d\u2019histoire de l\u2019art cr\u00e9\u00e9e en 1980\u00a0et publi\u00e9e en Pologne par l\u2019IRSA (Institute for Art Historical Research).<\/p>\n<p>Un portrait androgyne du Christ\u00a0?<\/p>\n<p>    <img loading=\"lazy\" decoding=\"async\" class=\"image__img\" src=\"https:\/\/www.europesays.com\/fr\/wp-content\/uploads\/2025\/09\/websipa_ap22143390_000001-964x1284.jpg\" alt=\"Attribu\u00e9 \u00e0 L\u00e9onard de Vinci, Salvatore Mundi\" width=\"964\" height=\"1284\"\/><\/p>\n<p>Attribu\u00e9 \u00e0 L\u00e9onard de Vinci, Salvatore Mundi, vers 1500<\/p>\n<p>    i<\/p>\n<p class=\"legende__cartel\">Huile sur bois \u2022 65,7 \u00d7 45,4\u00a0cm \u2022 Coll. particuli\u00e8re<\/p>\n<p class=\"editor-content__paragraph\">La <strong>tunique bleue \u00e0 liser\u00e9 brod\u00e9 d\u2019or port\u00e9e par le Christ<\/strong> sur le tableau l\u2019a interpell\u00e9 en raison de son <strong>\u00ab\u00a0d\u00e9collet\u00e9 rectangulaire\u00a0\u00bb<\/strong> qui r\u00e9v\u00e8le un peu trop la peau du buste\u00a0: un \u00e9l\u00e9ment qui, selon lui, ne figure dans aucune repr\u00e9sentation ant\u00e9rieure connue du Christ, ni m\u00eame d\u2019un homme de \u00ab\u00a0statut social \u00e9lev\u00e9\u00a0\u00bb. Cette encolure serait en revanche <strong>typique des portraits de femmes nobles de cette p\u00e9riode<\/strong>, comme La Belle Ferronni\u00e8re de L\u00e9onard (1495\u20131497) et le portrait par <a href=\"https:\/\/www.beauxarts.com\/grand-format\/raphael-en-2-minutes\/\" target=\"_blank\" rel=\"noopener\">Rapha\u00ebl<\/a> de la duchesse d\u2019Urbino (1504). Le<strong> choix des couleurs<\/strong> irait \u00e9galement dans le sens d\u2019une tenue f\u00e9minine\u00a0: une cape bleue sur tunique bleue serait un choix vestimentaire <strong>typiquement associ\u00e9 \u00e0 la Vierge Marie<\/strong> \u2013 le Christ portant, selon lui, plut\u00f4t une cape bleue sur une tunique rouge dans la peinture de l\u2019\u00e9poque.<\/p>\n<p class=\"editor-content__paragraph\">Au niveau du col, le chercheur croit m\u00eame d\u00e9celer \u00ab\u00a0le <strong>d\u00e9but l\u00e9ger d\u2019une poitrine f\u00e9minine<\/strong>\u00a0\u00bb. Le peintre aurait ainsi voulu signifier \u00ab\u00a0<strong> l\u2019union du Christ et de la Vierge<\/strong> en la personne du Salvator Mundi\u00a0\u00bb. Le tout alors que se d\u00e9veloppe en Italie \u00ab\u00a0une <strong>esth\u00e9tique de la fluidit\u00e9 de genre<\/strong>\u00a0\u00bb, qui se per\u00e7oit effectivement dans plusieurs tableaux de L\u00e9onard, dont<strong> l\u2019androgynie des personnages<\/strong> (de <a href=\"https:\/\/www.beauxarts.com\/grand-format\/la-joconde-de-leonard-de-vinci-tout-le-genie-de-la-renaissance-dans-un-sourire\/\" target=\"_blank\" rel=\"noopener\">la Joconde<\/a> \u00e0 Saint Jean-Baptiste) a souvent \u00e9t\u00e9 comment\u00e9e.<\/p>\n<p>        \u00c0 lire aussi :<br \/>\n        <a class=\"renvoi-explicite__link\" href=\"https:\/\/www.beauxarts.com\/grand-format\/salvator-mundi-les-dessous-de-la-vente-du-siecle\/\" target=\"_blank\" rel=\"noopener\">Salvator Mundi : les dessous de la vente du si\u00e8cle<\/a><\/p>\n<p>Une th\u00e9orie re\u00e7ue avec scepticisme<\/p>\n<blockquote class=\"editor-content__blockquote editor-content__blockquote--align-left\">\n<p>\u00ab\u00a0Une tenue d\u2019aspect f\u00e9minin ne fait pas du Christ une femme.\u00a0\u00bb<\/p>\n<p>Frank Z\u00f6llner<\/p>\n<\/blockquote>\n<p class=\"editor-content__paragraph\">La th\u00e9orie a \u00e9t\u00e9 accueillie avec prudence, voire scepticisme, par certains experts. Cit\u00e9 dans <a href=\"https:\/\/www.theartnewspaper.com\/2025\/09\/11\/is-leonardo-da-vincis-salvator-mundi-wearing-womens-clothing\" target=\"_blank\" rel=\"noopener\">The Art Newspaper<\/a>, l\u2019historien de l\u2019art Matthew Landrus, de l\u2019Universit\u00e9 d\u2019Oxford, affirme ne <strong>\u00ab\u00a0pas disposer d\u2019assez d\u2019\u00e9l\u00e9ments\u00a0\u00bb<\/strong> pour affirmer que le choix de la tenue de ce Christ ait une signification particuli\u00e8re. Pour Frank Z\u00f6llner, professeur d\u2019histoire de l\u2019art \u00e0 l\u2019Universit\u00e9 de Leipzig et auteur de plusieurs articles sur le Salvator Mundi, le texte est <strong>\u00ab\u00a0un peu trop sensationnaliste\u00a0\u00bb<\/strong>. \u00ab\u00a0Une tenue d\u2019aspect f\u00e9minin ne fait pas du Christ une femme\u00a0\u00bb, temp\u00e8re-t-il, ajoutant qu\u2019il existe <strong>plusieurs repr\u00e9sentations d\u2019un Christ en tunique bleue et cape bleue<\/strong>, notamment dans les mosa\u00efques de <a href=\"https:\/\/www.beauxarts.com\/grand-format\/sainte-sophie-leglise-devenue-mosquee-qui-domine-istanbul\/\" target=\"_blank\" rel=\"noopener\">Sainte-Sophie \u00e0 Istanbul<\/a>, et dans le Triptyque Stefaneschi de <a href=\"https:\/\/www.beauxarts.com\/grand-format\/giotto-en-2-minutes\/\" target=\"_blank\" rel=\"noopener\">Giotto<\/a> \u2013 tout comme il y a de nombreuses Vierges en tuniques rouges et capes bleues.<\/p>\n<p>Un indice de plus de la fausse attribution \u00e0 L\u00e9onard\u00a0?<\/p>\n<p class=\"editor-content__paragraph\">\u00ab\u00a0Si cela est vrai que le choix vestimentaire de ce Christ est unique, cela viendrait appuyer l\u2019attribution \u00e0 L\u00e9onard\u00a0\u00bb, a de son c\u00f4t\u00e9 r\u00e9agi <strong>Martin Kemp<\/strong>. Mais cette voix n\u2019est pas neutre\u00a0: ce sp\u00e9cialiste du ma\u00eetre toscan, professeur \u00e9m\u00e9rite \u00e0 l\u2019Universit\u00e9 d\u2019Oxford, a jou\u00e9 un r\u00f4le important dans<strong> l\u2019attribution tr\u00e8s controvers\u00e9e du tableau \u00e0 L\u00e9onard<\/strong> en 2008, et serait impliqu\u00e9 dans <a href=\"https:\/\/www.beauxarts.com\/grand-format\/le-salvator-mundi-a-450-millions-bientot-expose\/\" rel=\"noopener\" target=\"_blank\">le projet de construction en Arabie saoudite d\u2019un futur mus\u00e9e<\/a> pour accueillir l\u2019\u0153uvre.<\/p>\n<p class=\"editor-content__paragraph\">Flou bizarre au niveau du cou, yeux mal positionn\u00e9s, effet d\u2019optique du globe de verre indigne des connaissances scientifiques de L\u00e9onard\u2026 De <strong>nombreux \u00e9l\u00e9ments \u00e9tranges<\/strong> ont \u00e9t\u00e9 remarqu\u00e9s dans cette \u0153uvre. Et si cette \u00ab\u00a0tenue f\u00e9minine\u00a0\u00bb faisait tout simplement partie de ces <strong>indices pointant vers une peinture ancienne sur-restaur\u00e9e<\/strong>, transform\u00e9e pour devenir un intrigant Salvator Mundi de L\u00e9onard\u00a0?<\/p>\n<p class=\"editor-content__paragraph\"><strong>Achet\u00e9 une bouch\u00e9e de pain en 2005<\/strong> dans une obscure vente aux ench\u00e8res am\u00e9ricaine, puis attribu\u00e9, apr\u00e8s restauration, \u00e0 L\u00e9onard de Vinci par la National Gallery de Londres, le tableau est depuis devenu la vedette de <a href=\"https:\/\/www.beauxarts.com\/lifestyle\/the-lost-leonardo-plongee-dans-les-secrets-du-salvator-mundi\/\" rel=\"noopener\" target=\"_blank\">plusieurs films documentaires<\/a> le pr\u00e9sentant comme une <strong>pure \u00ab\u00a0fabrication\u00a0\u00bb<\/strong> ayant impliqu\u00e9 une <strong>restauratrice dou\u00e9e<\/strong> et des hommes d\u2019affaires roublards. En 2019, il n\u2019avait, \u00e0 la derni\u00e8re minute, pas rejoint l\u2019exposition blockbuster du Louvre consacr\u00e9e \u00e0 l\u2019artiste.<\/p>\n<p>        \u00c0 lire aussi :<br \/>\n        <a class=\"renvoi-explicite__link\" href=\"https:\/\/www.beauxarts.com\/vu\/une-drole-de-joconde-pretend-etre-loriginale-peinte-dix-ans-avant-celle-du-louvre\/\" target=\"_blank\" rel=\"noopener\">Une dr\u00f4le de Joconde pr\u00e9tend \u00eatre l&rsquo;originale, peinte dix ans avant celle du Louvre<\/a><\/p>\n","protected":false},"excerpt":{"rendered":"Le tableau le plus cher au monde n\u2019a pas fini de faire parler de lui\u2026 Bien des choses&hellip;\n","protected":false},"author":2,"featured_media":386537,"comment_status":"","ping_status":"","sticky":false,"template":"","format":"standard","meta":{"footnotes":""},"categories":[1358],"tags":[1348,1384,1385,1386,58,59,1011,27,1585,3370],"class_list":{"0":"post-386536","1":"post","2":"type-post","3":"status-publish","4":"format-standard","5":"has-post-thumbnail","7":"category-arts-et-design","8":"tag-arts","9":"tag-arts-and-design","10":"tag-arts-et-design","11":"tag-design","12":"tag-divertissement","13":"tag-entertainment","14":"tag-fr","15":"tag-france","16":"tag-peinture","17":"tag-renaissance"},"share_on_mastodon":{"url":"https:\/\/pubeurope.com\/@fr\/115194090315490628","error":""},"_links":{"self":[{"href":"https:\/\/www.europesays.com\/fr\/wp-json\/wp\/v2\/posts\/386536","targetHints":{"allow":["GET"]}}],"collection":[{"href":"https:\/\/www.europesays.com\/fr\/wp-json\/wp\/v2\/posts"}],"about":[{"href":"https:\/\/www.europesays.com\/fr\/wp-json\/wp\/v2\/types\/post"}],"author":[{"embeddable":true,"href":"https:\/\/www.europesays.com\/fr\/wp-json\/wp\/v2\/users\/2"}],"replies":[{"embeddable":true,"href":"https:\/\/www.europesays.com\/fr\/wp-json\/wp\/v2\/comments?post=386536"}],"version-history":[{"count":0,"href":"https:\/\/www.europesays.com\/fr\/wp-json\/wp\/v2\/posts\/386536\/revisions"}],"wp:featuredmedia":[{"embeddable":true,"href":"https:\/\/www.europesays.com\/fr\/wp-json\/wp\/v2\/media\/386537"}],"wp:attachment":[{"href":"https:\/\/www.europesays.com\/fr\/wp-json\/wp\/v2\/media?parent=386536"}],"wp:term":[{"taxonomy":"category","embeddable":true,"href":"https:\/\/www.europesays.com\/fr\/wp-json\/wp\/v2\/categories?post=386536"},{"taxonomy":"post_tag","embeddable":true,"href":"https:\/\/www.europesays.com\/fr\/wp-json\/wp\/v2\/tags?post=386536"}],"curies":[{"name":"wp","href":"https:\/\/api.w.org\/{rel}","templated":true}]}}