{"id":386538,"date":"2025-09-13T00:11:15","date_gmt":"2025-09-13T00:11:15","guid":{"rendered":"https:\/\/www.europesays.com\/fr\/386538\/"},"modified":"2025-09-13T00:11:15","modified_gmt":"2025-09-13T00:11:15","slug":"des-milliers-de-livres-a-vendre-a-1-e-par-document-pour-faire-de-la-place-a-la-mediatheque","status":"publish","type":"post","link":"https:\/\/www.europesays.com\/fr\/386538\/","title":{"rendered":"Des milliers de livres \u00e0 vendre \u00e0 1\u00a0\u20ac par document pour faire de la place \u00e0 la m\u00e9diath\u00e8que"},"content":{"rendered":"<p>Il y aura de quoi faire des affaires. Ce samedi 13\u00a0septembre 2025, des milliers de livres, BD, CD, DVD et revues seront \u00e0 vendre \u00e0 1\u00a0\u20ac par document \u00e0 <a href=\"https:\/\/redon.maville.com\/actu\/actudet_-les-mediatheques-du-pays-de-redon-proposent-un-nouveau-service-_7-6541807_actu.Htm\" target=\"_blank\" rel=\"nofollow noopener\">la m\u00e9diath\u00e8que Jean-Michel Boll\u00e9<\/a>, \u00e0 Redon (Ille-et-Vilaine).<\/p>\n<p>Plus de 5\u00a0000\u00a0ouvrages et documents \u00e0 vendre<\/p>\n<p>L\u2019\u00e9tablissement organise, comme chaque ann\u00e9e, sa grande braderie, en vendant les ouvrages et documents retir\u00e9s des collections dans l\u2019ann\u00e9e. Depuis octobre\u00a02024, 7\u00a0000\u00a0au total ont \u00e9t\u00e9 \u00e9cart\u00e9s des rayons, parce qu\u2019ils \u00e9taient un peu vieux ou trop ab\u00eem\u00e9s. Entre-temps, ceux en tr\u00e8s mauvais \u00e9tat ont \u00e9t\u00e9 jet\u00e9s, d\u2019autres ont \u00e9t\u00e9 donn\u00e9s \u00e0 des associations, mais <strong>\u00ab\u00a0il y en aura tout de m\u00eame plus de 5\u00a0000\u00a0\u00e0 vendre, ce samedi\u00a0\u00bb<\/strong>, assurent les m\u00e9diath\u00e9caires.<\/p>\n<p>C\u2019est ce qui permet \u00e0 la m\u00e9diath\u00e8que de faire de la place d\u2019une ann\u00e9e sur l\u2019autre, alors que des nouveaut\u00e9s sont sans arr\u00eat achet\u00e9es, tout en donnant une nouvelle vie aux ouvrages.<\/p>\n<p><strong>Samedi 13\u00a0septembre,<\/strong> de 10\u00a0h \u00e0 18\u00a0h, dans la salle d\u2019animation de la m\u00e9diath\u00e8que, dont l\u2019acc\u00e8s se fait par le ch\u00e2teau.<\/p>\n<p>\u00a0<\/p>\n","protected":false},"excerpt":{"rendered":"Il y aura de quoi faire des affaires. Ce samedi 13\u00a0septembre 2025, des milliers de livres, BD, CD,&hellip;\n","protected":false},"author":2,"featured_media":386539,"comment_status":"","ping_status":"","sticky":false,"template":"","format":"standard","meta":{"footnotes":""},"categories":[1357],"tags":[12106,1379,58,16547,59,4560,1011,27,1380,16582,16755,766,5536,3086,9813],"class_list":{"0":"post-386538","1":"post","2":"type-post","3":"status-publish","4":"format-standard","5":"has-post-thumbnail","7":"category-livres","8":"tag-12106","9":"tag-books","10":"tag-divertissement","11":"tag-document","12":"tag-entertainment","13":"tag-faire","14":"tag-fr","15":"tag-france","16":"tag-livres","17":"tag-mediatheque","18":"tag-milliers","19":"tag-nantes","20":"tag-place","21":"tag-redon","22":"tag-vendre"},"share_on_mastodon":{"url":"https:\/\/pubeurope.com\/@fr\/115194094215697501","error":""},"_links":{"self":[{"href":"https:\/\/www.europesays.com\/fr\/wp-json\/wp\/v2\/posts\/386538","targetHints":{"allow":["GET"]}}],"collection":[{"href":"https:\/\/www.europesays.com\/fr\/wp-json\/wp\/v2\/posts"}],"about":[{"href":"https:\/\/www.europesays.com\/fr\/wp-json\/wp\/v2\/types\/post"}],"author":[{"embeddable":true,"href":"https:\/\/www.europesays.com\/fr\/wp-json\/wp\/v2\/users\/2"}],"replies":[{"embeddable":true,"href":"https:\/\/www.europesays.com\/fr\/wp-json\/wp\/v2\/comments?post=386538"}],"version-history":[{"count":0,"href":"https:\/\/www.europesays.com\/fr\/wp-json\/wp\/v2\/posts\/386538\/revisions"}],"wp:featuredmedia":[{"embeddable":true,"href":"https:\/\/www.europesays.com\/fr\/wp-json\/wp\/v2\/media\/386539"}],"wp:attachment":[{"href":"https:\/\/www.europesays.com\/fr\/wp-json\/wp\/v2\/media?parent=386538"}],"wp:term":[{"taxonomy":"category","embeddable":true,"href":"https:\/\/www.europesays.com\/fr\/wp-json\/wp\/v2\/categories?post=386538"},{"taxonomy":"post_tag","embeddable":true,"href":"https:\/\/www.europesays.com\/fr\/wp-json\/wp\/v2\/tags?post=386538"}],"curies":[{"name":"wp","href":"https:\/\/api.w.org\/{rel}","templated":true}]}}