{"id":386540,"date":"2025-09-13T00:12:21","date_gmt":"2025-09-13T00:12:21","guid":{"rendered":"https:\/\/www.europesays.com\/fr\/386540\/"},"modified":"2025-09-13T00:12:21","modified_gmt":"2025-09-13T00:12:21","slug":"elle-nest-pas-nulle-cyril-hanouna-prend-la-defense-de-lea-salame-suite-aux-polemiques-video","status":"publish","type":"post","link":"https:\/\/www.europesays.com\/fr\/386540\/","title":{"rendered":"\u00ab\u00a0Elle n&rsquo;est pas nulle !\u00a0\u00bb : Cyril Hanouna prend la d\u00e9fense de L\u00e9a Salam\u00e9 suite aux pol\u00e9miques (VIDEO)"},"content":{"rendered":"<p>L&rsquo;animateur de W9 a vol\u00e9 au secours de la nouvelle pr\u00e9sentatrice du 20h de France 2 dans son \u00e9mission \u00ab\u00a0Tout beau tout neuf\u00a0\u00bb sur W9, recadrant au passage Matthieu Delormeau qui s&rsquo;\u00e9tait montr\u00e9 particuli\u00e8rement critique envers la journaliste.<\/p>\n<p><a id=\"eztoc103294640_1\"\/>Un d\u00e9bat politique qui d\u00e9rape sur la vie priv\u00e9e des couples<\/p>\n<p>Ce vendredi 12 septembre, l&rsquo;\u00e9mission \u00ab\u00a0Tout beau tout neuf\u00a0\u00bb sur W9 a pris une tournure inattendue lorsque Cyril Hanouna et ses chroniqueurs ont abord\u00e9 la question d\u00e9licate des diff\u00e9rences d&rsquo;opinions politiques au sein des couples. Le cas de L\u00e9a Salam\u00e9   <a href=\"https:\/\/www.programme-television.org\/news\/tv\/sequences-tele\/lea-salame-au-20h-de-france-2-raphael-glucksmann-reagit-sans-filtre-aux-debuts-de-sa-compagne-video-4745008\" target=\"_self\" rel=\"nofollow noopener\">et de son compagnon Rapha\u00ebl Glucksmann<\/a>, d\u00e9put\u00e9 europ\u00e9en socialiste, a naturellement \u00e9t\u00e9 \u00e9voqu\u00e9, illustrant parfaitement cette probl\u00e9matique contemporaine.<\/p>\n<p>La discussion s&rsquo;est rapidement envenim\u00e9e lorsque Matthieu Delormeau s&rsquo;est montr\u00e9 particuli\u00e8rement acerbe envers la journaliste, l&rsquo;accusant notamment d&rsquo;avoir b\u00e9n\u00e9fici\u00e9 d&rsquo;un \u00ab\u00a0vent de hype\u00a0\u00bb injustifi\u00e9. Cette attaque frontale n&rsquo;a pas laiss\u00e9 indiff\u00e9rent l&rsquo;animateur vedette de C8, qui a imm\u00e9diatement pris la d\u00e9fense de celle qui incarne d\u00e9sormais le journal de 20h du service public.<\/p>\n<p>Depuis septembre dernier,   <a href=\"https:\/\/www.programme-television.org\/news\/tv\/sequences-tele\/je-suis-tres-heureuse-les-premiers-pas-de-lea-salame-au-journal-de-20h-sur-france-2-video-4744886\" target=\"_self\" rel=\"nofollow noopener\">L\u00e9a Salam\u00e9 a en effet succ\u00e9d\u00e9 \u00e0 Anne-Sophie Lapix<\/a> \u00e0 la pr\u00e9sentation du journal t\u00e9l\u00e9vis\u00e9 de France 2, dans le cadre d&rsquo;une strat\u00e9gie de renouvellement voulue par France T\u00e9l\u00e9visions. Son arriv\u00e9e, accompagn\u00e9e d&rsquo;une importante campagne de communication, t\u00e9moigne de la volont\u00e9 de la cha\u00eene publique d&rsquo;insuffler une nouvelle dynamique et de se rapprocher des pr\u00e9occupations du public.<a id=\"eztoc103294640_2\"\/><\/p>\n<p>Hanouna monte au cr\u00e9neau\u00a0<\/p>\n<p>Face aux critiques de son chroniqueur, Cyril Hanouna n&rsquo;a pas m\u00e2ch\u00e9 ses mots pour d\u00e9fendre la journaliste. \u00ab\u00a0Elle a beaucoup de m\u00e9rite, au contraire. La pauvre L\u00e9a, elle en prend de tous les c\u00f4t\u00e9s. Moi je la d\u00e9fends parce qu&rsquo;elle est hyper sympa\u00a0\u00bb, a-t-il d\u00e9clar\u00e9 avec v\u00e9h\u00e9mence, adoptant un ton protecteur inhabituel.<\/p>\n<p>L&rsquo;animateur a poursuivi son plaidoyer en soulignant les qualit\u00e9s professionnelles de la pr\u00e9sentatrice : \u00ab\u00a0Elle a du talent. La v\u00e9rit\u00e9, elle n&rsquo;est pas nulle. L\u00e9a Salam\u00e9, il y a plein de gens qui sont nuls \u00e0 la t\u00e9l\u00e9. Je peux le dire. Je peux en citer plein. Il y en a plein qui sont nuls. Mais L\u00e9a Salam\u00e9, je peux vous le dire, elle n&rsquo;est pas nulle.\u00a0\u00bb<\/p>\n<p>L&rsquo;animateur a m\u00eame lanc\u00e9 un d\u00e9fi \u00e0 ses d\u00e9tracteurs : \u00ab\u00a0Il y a qui de mieux qu&rsquo;elle ? Il y a qui de mieux qu&rsquo;elle ? En vrai, aujourd&rsquo;hui elle est dans le top 5\u00a0\u00bb, questionnant ouvertement la l\u00e9gitimit\u00e9 des critiques formul\u00e9es \u00e0 l&rsquo;encontre de la journaliste.<a id=\"eztoc103294640_3\"\/><\/p>\n<p>Une pol\u00e9mique syndicale qui alimente les critiques<\/p>\n<p>La d\u00e9fense de Cyril Hanouna intervient dans un contexte particuli\u00e8rement tendu pour la nouvelle pr\u00e9sentatrice du 20h. Quelques jours plus t\u00f4t, L\u00e9a Salam\u00e9 s&rsquo;\u00e9tait retrouv\u00e9e au c\u0153ur d&rsquo;une vive controverse suite au traitement \u00e9ditorial r\u00e9serv\u00e9 par son journal \u00e0 la journ\u00e9e de mobilisation sociale \u00ab\u00a0Bloquons Tout\u00a0\u00bb du 10 septembre dernier.<\/p>\n<p>  <a href=\"https:\/\/www.programme-television.org\/news\/tv\/actualites-audiovisuel\/lea-salame-la-cgt-de-france-televisions-en-colere-suite-a-son-jt-une-manipulation-grossiere-4745224\" target=\"_self\" rel=\"nofollow noopener\">La CGT de France T\u00e9l\u00e9visions<\/a> avait publi\u00e9 un communiqu\u00e9 particuli\u00e8rement virulent, accusant le journal de   <a href=\"https:\/\/www.programme-television.org\/news\/tv\/actualites-audiovisuel\/anne-claire-evoque-les-debuts-de-lea-salame-au-20h-meme-si-j-ai-un-regard-deforme-4745125\" target=\"_self\" rel=\"nofollow noopener\">L\u00e9a Salam\u00e9<\/a> de verser dans le \u00ab\u00a0journalisme de cour\u00a0\u00bb. \u00ab\u00a0Le 20h de France 2 en passe de gagner le concours du journal le plus r\u00e9actionnaire. Pour tenter de gagner le Graal de la meilleure audience devant TF1, la direction de l&rsquo;information de France T\u00e9l\u00e9visions semble avoir mis\u00e9 sur tout ce qu&rsquo;il y a de plus rance dans le spectre des opinions politiques\u00a0\u00bb, d\u00e9non\u00e7ait le syndicat.\n    <\/p>\n","protected":false},"excerpt":{"rendered":"L&rsquo;animateur de W9 a vol\u00e9 au secours de la nouvelle pr\u00e9sentatrice du 20h de France 2 dans son&hellip;\n","protected":false},"author":2,"featured_media":386541,"comment_status":"","ping_status":"","sticky":false,"template":"","format":"standard","meta":{"footnotes":""},"categories":[1356],"tags":[58,59,1011,27,252,1364],"class_list":{"0":"post-386540","1":"post","2":"type-post","3":"status-publish","4":"format-standard","5":"has-post-thumbnail","7":"category-television","8":"tag-divertissement","9":"tag-entertainment","10":"tag-fr","11":"tag-france","12":"tag-television","13":"tag-tv"},"share_on_mastodon":{"url":"https:\/\/pubeurope.com\/@fr\/115194098072208415","error":""},"_links":{"self":[{"href":"https:\/\/www.europesays.com\/fr\/wp-json\/wp\/v2\/posts\/386540","targetHints":{"allow":["GET"]}}],"collection":[{"href":"https:\/\/www.europesays.com\/fr\/wp-json\/wp\/v2\/posts"}],"about":[{"href":"https:\/\/www.europesays.com\/fr\/wp-json\/wp\/v2\/types\/post"}],"author":[{"embeddable":true,"href":"https:\/\/www.europesays.com\/fr\/wp-json\/wp\/v2\/users\/2"}],"replies":[{"embeddable":true,"href":"https:\/\/www.europesays.com\/fr\/wp-json\/wp\/v2\/comments?post=386540"}],"version-history":[{"count":0,"href":"https:\/\/www.europesays.com\/fr\/wp-json\/wp\/v2\/posts\/386540\/revisions"}],"wp:featuredmedia":[{"embeddable":true,"href":"https:\/\/www.europesays.com\/fr\/wp-json\/wp\/v2\/media\/386541"}],"wp:attachment":[{"href":"https:\/\/www.europesays.com\/fr\/wp-json\/wp\/v2\/media?parent=386540"}],"wp:term":[{"taxonomy":"category","embeddable":true,"href":"https:\/\/www.europesays.com\/fr\/wp-json\/wp\/v2\/categories?post=386540"},{"taxonomy":"post_tag","embeddable":true,"href":"https:\/\/www.europesays.com\/fr\/wp-json\/wp\/v2\/tags?post=386540"}],"curies":[{"name":"wp","href":"https:\/\/api.w.org\/{rel}","templated":true}]}}