{"id":386542,"date":"2025-09-13T00:13:12","date_gmt":"2025-09-13T00:13:12","guid":{"rendered":"https:\/\/www.europesays.com\/fr\/386542\/"},"modified":"2025-09-13T00:13:12","modified_gmt":"2025-09-13T00:13:12","slug":"interview-florent-pagny-fait-son-grand-retour-avec-grandeur-nature-son-21e-album-actualites","status":"publish","type":"post","link":"https:\/\/www.europesays.com\/fr\/386542\/","title":{"rendered":"Interview: Florent Pagny fait son grand retour avec \u00ab\u00a0Grandeur Nature\u00a0\u00bb, son 21e album : Actualit\u00e9s"},"content":{"rendered":"<p class=\"a__paragraph text-gray3 \" id=\"atm-video-summary-text\">\n                    L&rsquo;interpr\u00e8te de \u00ab\u00a0Ma libert\u00e9 de penser\u00a0\u00bb livre ses r\u00e9flexions sur son rapport aux autres ou encore sur l&rsquo;amour, dans son dernier album \u00ab\u00a0Grandeur Nature\u00a0\u00bb, qui sort ce vendredi 12 septembre.\n            <\/p>\n<p class=\"small mb-0 py-0\">Vid\u00e9o suivante dans 5 secondes<\/p>\n<p>                     Partager<\/p>\n<p>                    fermer<\/p>\n<p>      Signaler une vid\u00e9o illicite<\/p>\n<p class=\"a__paragraph \" id=\"atm-8b4d2df4392441c2bf4cae49a4d1f8e7\">\n                    Vous allez \u00eatre redirig\u00e9 vers la plateforme Dailymotion sur laquelle le contenu est h\u00e9berg\u00e9 afin de pouvoir le signaler\n            <\/p>\n<p>                    Signaler<\/p>\n","protected":false},"excerpt":{"rendered":"L&rsquo;interpr\u00e8te de \u00ab\u00a0Ma libert\u00e9 de penser\u00a0\u00bb livre ses r\u00e9flexions sur son rapport aux autres ou encore sur l&rsquo;amour,&hellip;\n","protected":false},"author":2,"featured_media":386543,"comment_status":"","ping_status":"","sticky":false,"template":"","format":"standard","meta":{"footnotes":""},"categories":[1355],"tags":[58,59,1011,27,1361,873],"class_list":{"0":"post-386542","1":"post","2":"type-post","3":"status-publish","4":"format-standard","5":"has-post-thumbnail","7":"category-musique","8":"tag-divertissement","9":"tag-entertainment","10":"tag-fr","11":"tag-france","12":"tag-music","13":"tag-musique"},"share_on_mastodon":{"url":"https:\/\/pubeurope.com\/@fr\/115194101992461151","error":""},"_links":{"self":[{"href":"https:\/\/www.europesays.com\/fr\/wp-json\/wp\/v2\/posts\/386542","targetHints":{"allow":["GET"]}}],"collection":[{"href":"https:\/\/www.europesays.com\/fr\/wp-json\/wp\/v2\/posts"}],"about":[{"href":"https:\/\/www.europesays.com\/fr\/wp-json\/wp\/v2\/types\/post"}],"author":[{"embeddable":true,"href":"https:\/\/www.europesays.com\/fr\/wp-json\/wp\/v2\/users\/2"}],"replies":[{"embeddable":true,"href":"https:\/\/www.europesays.com\/fr\/wp-json\/wp\/v2\/comments?post=386542"}],"version-history":[{"count":0,"href":"https:\/\/www.europesays.com\/fr\/wp-json\/wp\/v2\/posts\/386542\/revisions"}],"wp:featuredmedia":[{"embeddable":true,"href":"https:\/\/www.europesays.com\/fr\/wp-json\/wp\/v2\/media\/386543"}],"wp:attachment":[{"href":"https:\/\/www.europesays.com\/fr\/wp-json\/wp\/v2\/media?parent=386542"}],"wp:term":[{"taxonomy":"category","embeddable":true,"href":"https:\/\/www.europesays.com\/fr\/wp-json\/wp\/v2\/categories?post=386542"},{"taxonomy":"post_tag","embeddable":true,"href":"https:\/\/www.europesays.com\/fr\/wp-json\/wp\/v2\/tags?post=386542"}],"curies":[{"name":"wp","href":"https:\/\/api.w.org\/{rel}","templated":true}]}}