{"id":386550,"date":"2025-09-13T00:17:11","date_gmt":"2025-09-13T00:17:11","guid":{"rendered":"https:\/\/www.europesays.com\/fr\/386550\/"},"modified":"2025-09-13T00:17:11","modified_gmt":"2025-09-13T00:17:11","slug":"mask-singer-2025-qui-se-cachait-derriere-le-plancton-et-a-ete-demasque-ce-vendredi-12-septembre-sur-tf1","status":"publish","type":"post","link":"https:\/\/www.europesays.com\/fr\/386550\/","title":{"rendered":"\u201cMask Singer\u201d 2025 : Qui se cachait derri\u00e8re \u201cLe Plancton\u00a0\u00bb et a \u00e9t\u00e9 d\u00e9masqu\u00e9 ce vendredi 12 septembre sur TF1 ?"},"content":{"rendered":"<p>            <img loading=\"lazy\" decoding=\"async\" src=\"https:\/\/www.europesays.com\/fr\/wp-content\/uploads\/2025\/05\/76-64f37ccd06ff0-35x35-1.jpg\" class=\"author-article-picture\" width=\"35\" height=\"35\"\/><\/p>\n<p>                Par<br \/>\n                                    <a class=\"author-article-bio-link\" href=\"https:\/\/www.ozap.com\/auteur\/guillaume-faivre_a76\" rel=\"nofollow noopener\" target=\"_blank\">Guillaume Faivre<\/a><br \/>\n                                                    | Journaliste<\/p>\n<p>\n                Lorsque Guillaume Faivre est devant son petit \u00e9cran, c\u2019est pour regarder \u201cFort Boyard\u201d, son \u00e9mission f\u00e9tiche. Lorsqu\u2019il est devant son \u00e9cran de t\u00e9l\u00e9phone, c\u2019est pour voir \u201cLupin\u201d, sa s\u00e9rie pr\u00e9f\u00e9r\u00e9e. Lorsqu\u2019il est devant son \u00e9cran d\u2019ordi, le dimanche, c\u2019est pour \u00e9crire des articles pour Purem\u00e9dias.\n            <\/p>\n<p>\n    Camille Combal lan\u00e7ait la huiti\u00e8me saison de \u00ab\u00a0Mask Singer\u00a0\u00bb sur TF1, ce 12 septembre 2025. Au cours de cette premi\u00e8re \u00e9mission, une c\u00e9l\u00e9brit\u00e9 a d\u00e9j\u00e0 \u00e9t\u00e9 d\u00e9masqu\u00e9e.\n<\/p>\n<p>                            <img loading=\"lazy\" decoding=\"async\" class=\"player-thumbnail\" src=\"https:\/\/www.europesays.com\/fr\/wp-content\/uploads\/2025\/09\/0483539239c8483c-580x326-1.jpg\" width=\"580\" height=\"326\"\/><\/p>\n<p>                    La bande-annonce faite avec de l&rsquo;IA de \u00ab\u00a0Mask Singer\u00a0\u00bb saison 8.<\/p>\n<p>La suite apr\u00e8s la publicit\u00e9<\/p>\n<p>La comp\u00e9tition a d\u00e9but\u00e9. Ce vendredi 12 septembre 2025, les t\u00e9l\u00e9spectateurs de TF1 ont d\u00e9couvert les dix costumes de la saison 8 de \u00ab\u00a0Mask Singer\u00a0\u00bb. D\u00e8s 21h10, Camille Combal et le jury d&rsquo;enqu\u00eateurs (<a href=\"https:\/\/www.ozap.com\/actu\/tf1-nous-a-demande-de-faire-des-ajustements-kev-adams-se-confie-sur-les-evolutions-de-lhumour-a-la-plage-2\/650767\" rel=\"nofollow noopener\" target=\"_blank\">Kev Adams<\/a>, <a href=\"https:\/\/www.ozap.com\/actu\/mask-singer-pourquoi-michael-youn-remplace-t-il-laurent-ruquier-a-la-presentation-de-la-deuxieme-partie-de-soiree-sur-tf1\/651572\" rel=\"nofollow noopener\" target=\"_blank\">Micha\u00ebl Youn<\/a>, <a href=\"https:\/\/www.ozap.com\/actu\/on-etait-faches-ces-dernieres-annees-laurent-ruquier-evoque-pour-la-premiere-fois-depuis-la-disparition-de-thierry-ardisson-sa-relation-avec-l-homme-en-noir\/651476\" rel=\"nofollow noopener\" target=\"_blank\">Laurent Ruquier<\/a> et <a href=\"https:\/\/www.ozap.com\/actu\/chantal-ladesou-debarque-dans-scenes-de-menages-sur-m6-et-donnera-la-replique-a-gerard-hernandez\/648034\" rel=\"nofollow noopener\" target=\"_blank\">Chantal Ladesou<\/a>) ont ainsi assist\u00e9 aux prestations de tous les personnages de la saison. Mais qui dit comp\u00e9tition, dit \u00e9limination. Pendant cette premi\u00e8re soir\u00e9e, une c\u00e9l\u00e9brit\u00e9 a \u00e9t\u00e9 d\u00e9masqu\u00e9e et a quitt\u00e9 l&rsquo;aventure. <strong>Purem\u00e9dias.com<\/strong> rembobine pour vous ce premier prime sur le th\u00e8me \u00ab Sp\u00e9ciale Chanson Fran\u00e7aise \u00bb.<\/p>\n<p>Qui est le premier \u00e9limin\u00e9 de \u00ab\u00a0Mask Singer\u00a0\u00bb 2025 ?<\/p>\n<p>Les deux premiers duels ont oppos\u00e9 le Lapin au Doudou, ainsi que le Gladiateur \u00e0 l&rsquo;Agneau. Le troisi\u00e8me duel a vu le Plancton affronter le Scarab\u00e9e. Envoy\u00e9s en ballotage, le Gladiateur et le Doudou se sont finalement impos\u00e9s face au Plancton pour la suite de l&rsquo;aventure gr\u00e2ce aux votes du public pr\u00e9sent dans la salle. Le Plancton fut donc le premier \u00e9limin\u00e9 de la saison 8 de \u00ab\u00a0<a href=\"https:\/\/www.ozap.com\/actu\/mask-singer-2025-nouveautes-costumes-jures-casting-date-de-diffusion-tout-ce-qu-il-faut-savoir-sur-la-saison-8-de-l-emission-de-tf1\/651230\" rel=\"nofollow noopener\" target=\"_blank\">Mask Singer<\/a>\u00ab\u00a0. Le public a alors assist\u00e9 au d\u00e9masquage de&#8230; l&rsquo;ex-rugbyman international, animateur radio et com\u00e9dien Vincent Moscato. Deux fois champion de France au poste de talonneur en 1991 et en 1998, il avait \u00e9t\u00e9 nomm\u00e9 comme l&rsquo;un des dix joueurs de rugby les plus effrayants de la d\u00e9cennie d&rsquo;apr\u00e8s \u00ab\u00a0The Times\u00a0\u00bb.<\/p>\n<p>Dans son magn\u00e9to, les t\u00e9l\u00e9spectateurs avaient pu d\u00e9couvrir les indices suivants :\u00a0<\/p>\n<p>&#8211; Bombe de cavalier (pour son spectacle \u00ab\u00a0Moscato au galop\u00a0\u00bb)<br \/>&#8211; Shampoing<br \/>&#8211; 2<br \/>&#8211; Un gant de boxe (car il a box\u00e9 en poids lourd)<br \/>&#8211; 1998 (pour son titre de champion de France)<br \/>&#8211; Humoriste<br \/>&#8211; Voix famili\u00e8re \u00e0 ceux qui aiment le sport (pour son \u00e9mission embl\u00e9matique sur RMC \u00ab\u00a0Super Moscato Show\u00a0\u00bb)<\/p>\n<p>A lire aussi : <a href=\"https:\/\/www.ozap.com\/actu\/mask-singer-2025-surprise-tf1-devoile-deja-la-star-qui-se-cache-sous-le-costume-du-dj-il-s-agit-d-un-celebre-youtubeur-francais\/651541\" rel=\"nofollow noopener\" target=\"_blank\">\u00ab\u00a0Mask Singer\u00a0\u00bb 2025 : Surprise ! TF1 d\u00e9voile (d\u00e9j\u00e0) la star qui se cache sous le costume du DJ&#8230; il s&rsquo;agit d&rsquo;un c\u00e9l\u00e8bre youtubeur fran\u00e7ais<\/a><\/p>\n<p>Audiences : Quel bilan pour la saison 7 ?<\/p>\n<p>Diffus\u00e9e du 2 mai au 27 juin 2025, la septi\u00e8me saison de \u00ab\u00a0Mask Singer\u00a0\u00bb \u00e9tait parvenue \u00e0 r\u00e9unir 2,68 millions de t\u00e9l\u00e9spectateurs (16,1% sur l&rsquo;ensemble du public, 32,2% des FRDA-50) pour la partie 1, et 2,54 millions de t\u00e9l\u00e9spectateurs (20,7% de PDA sur les 4+ et 36,1% sur les FRDA-50) pour la partie 2. Selon TF1, le programme avait rassembl\u00e9 plus de 3,2 millions de t\u00e9l\u00e9spectateurs en moyenne \u00e0 J+7.<\/p>\n","protected":false},"excerpt":{"rendered":"Par Guillaume Faivre | Journaliste Lorsque Guillaume Faivre est devant son petit \u00e9cran, c\u2019est pour regarder \u201cFort Boyard\u201d,&hellip;\n","protected":false},"author":2,"featured_media":386551,"comment_status":"","ping_status":"","sticky":false,"template":"","format":"standard","meta":{"footnotes":""},"categories":[8],"tags":[58,59,1011,27],"class_list":{"0":"post-386550","1":"post","2":"type-post","3":"status-publish","4":"format-standard","5":"has-post-thumbnail","7":"category-divertissement","8":"tag-divertissement","9":"tag-entertainment","10":"tag-fr","11":"tag-france"},"share_on_mastodon":{"url":"https:\/\/pubeurope.com\/@fr\/115194117863976216","error":""},"_links":{"self":[{"href":"https:\/\/www.europesays.com\/fr\/wp-json\/wp\/v2\/posts\/386550","targetHints":{"allow":["GET"]}}],"collection":[{"href":"https:\/\/www.europesays.com\/fr\/wp-json\/wp\/v2\/posts"}],"about":[{"href":"https:\/\/www.europesays.com\/fr\/wp-json\/wp\/v2\/types\/post"}],"author":[{"embeddable":true,"href":"https:\/\/www.europesays.com\/fr\/wp-json\/wp\/v2\/users\/2"}],"replies":[{"embeddable":true,"href":"https:\/\/www.europesays.com\/fr\/wp-json\/wp\/v2\/comments?post=386550"}],"version-history":[{"count":0,"href":"https:\/\/www.europesays.com\/fr\/wp-json\/wp\/v2\/posts\/386550\/revisions"}],"wp:featuredmedia":[{"embeddable":true,"href":"https:\/\/www.europesays.com\/fr\/wp-json\/wp\/v2\/media\/386551"}],"wp:attachment":[{"href":"https:\/\/www.europesays.com\/fr\/wp-json\/wp\/v2\/media?parent=386550"}],"wp:term":[{"taxonomy":"category","embeddable":true,"href":"https:\/\/www.europesays.com\/fr\/wp-json\/wp\/v2\/categories?post=386550"},{"taxonomy":"post_tag","embeddable":true,"href":"https:\/\/www.europesays.com\/fr\/wp-json\/wp\/v2\/tags?post=386550"}],"curies":[{"name":"wp","href":"https:\/\/api.w.org\/{rel}","templated":true}]}}