{"id":386556,"date":"2025-09-13T00:20:10","date_gmt":"2025-09-13T00:20:10","guid":{"rendered":"https:\/\/www.europesays.com\/fr\/386556\/"},"modified":"2025-09-13T00:20:10","modified_gmt":"2025-09-13T00:20:10","slug":"une-dizaine-de-milliers-de-soldats-des-exercices-nucleaires-les-zapad-ces-manoeuvres-militaires-russes-qui-inquietent-les-occidentaux","status":"publish","type":"post","link":"https:\/\/www.europesays.com\/fr\/386556\/","title":{"rendered":"Une dizaine de milliers de soldats, des exercices nucl\u00e9aires&#8230; Les Zapad, ces man\u0153uvres militaires russes qui inqui\u00e8tent les Occidentaux"},"content":{"rendered":"<p><strong>D\u00c9CRYPTAGE <\/strong>&#8211; Ces entra\u00eenements conjoints avec la Bi\u00e9lorussie se tiennent trois jours apr\u00e8s l\u2019intrusion dans l\u2019espace a\u00e9rien polonais de drones, tr\u00e8s probablement russes, afin de \u00ab\u00a0tester\u00a0\u00bb l\u2019Otan.<\/p>\n<p class=\"fig-paragraph\">Une dizaine de milliers de soldats des trois arm\u00e9es (terre, air, mer) arborant les drapeaux de la\u00a0<a href=\"http:\/\/www.lefigaro.fr\/international\/guerre-en-ukraine-la-russie-met-en-pause-les-negociations-de-paix-avec-kiev-20250912\" data-fig-type=\"NewsFlash\" data-gtm-custom-categorie=\"navigation\" data-gtm-custom-action=\"crossclick\" data-gtm-custom-label=\"Contextuel\" data-gtm-event=\"customEventSPE\" data-fig-domain=\"LEFIGARO\" target=\"_blank\" rel=\"noopener\">Russie\u00a0<\/a>et de la\u00a0<a href=\"http:\/\/www.lefigaro.fr\/flash-actu\/moscou-appelle-la-pologne-a-rouvrir-sa-frontiere-avec-la-bielorussie-20250911\" data-fig-type=\"NewsFlash\" data-gtm-custom-categorie=\"navigation\" data-gtm-custom-action=\"crossclick\" data-gtm-custom-label=\"Contextuel\" data-gtm-event=\"customEventSPE\" data-fig-domain=\"LEFIGARO\" target=\"_blank\" rel=\"noopener\">Bi\u00e9lorussie\u00a0<\/a>ont commenc\u00e9 vendredi matin, et pour cinq jours,\u00a0<a href=\"http:\/\/www.lefigaro.fr\/international\/la-russie-et-la-bielorussie-entament-de-grands-exercices-militaires-conjoints-ce-vendredi-sous-l-oeil-inquiet-des-pays-de-l-otan-20250912\" data-fig-type=\"NewsFlash\" data-gtm-custom-categorie=\"navigation\" data-gtm-custom-action=\"crossclick\" data-gtm-custom-label=\"Contextuel\" data-gtm-event=\"customEventSPE\" data-fig-domain=\"LEFIGARO\" target=\"_blank\" rel=\"noopener\">leur entra\u00eenement conjoint\u00a0<\/a>sur les territoires des deux pays, de m\u00eame qu\u2019en Baltique et en mer de Barents. \u00ab\u00a0Des exercices planifi\u00e9s qui ne visent personne\u00a0\u00bb, a comment\u00e9 jeudi Dmitri Peskov. S\u2019il est vrai que ces man\u0153uvres, intitul\u00e9es \u00ab\u00a0Zapad- 2025\u00a0\u00bb (\u00ab\u00a0Ouest\u00a0\u00bb, en russe), \u00e9taient programm\u00e9es de longue date, difficile de banaliser l\u2019\u00e9v\u00e9nement dans le contexte de tension accrue qui pr\u00e9vaut ces jours derniers entre Moscou et l\u2019Otan.<\/p>\n<p class=\"fig-paragraph\">La\u00a0<a href=\"http:\/\/www.lefigaro.fr\/international\/drones-abattus-en-pologne-varsovie-limite-le-trafic-aerien-a-sa-frontiere-orientale-20250911\" data-fig-type=\"NewsFlash\" data-gtm-custom-categorie=\"navigation\" data-gtm-custom-action=\"crossclick\" data-gtm-custom-label=\"Contextuel\" data-gtm-event=\"customEventSPE\" data-fig-domain=\"LEFIGARO\" target=\"_blank\" rel=\"noopener\">Pologne<\/a>, la\u00a0<a href=\"http:\/\/www.lefigaro.fr\/international\/la-lituanie-appelle-l-otan-a-l-aide-pour-sa-defense-aerienne-apres-la-decouverte-sur-son-sol-d-un-drone-explosif-russe-20250805\" data-fig-type=\"NewsFlash\" data-gtm-custom-categorie=\"navigation\" data-gtm-custom-action=\"crossclick\" data-gtm-custom-label=\"Contextuel\" data-gtm-event=\"customEventSPE\" data-fig-domain=\"LEFIGARO\" target=\"_blank\" rel=\"noopener\">Lituanie\u00a0<\/a>et la\u00a0<a href=\"http:\/\/www.lefigaro.fr\/international\/un-soldat-canadien-porte-disparu-en-lettonie-retrouve-mort-20250907\" data-fig-type=\"NewsFlash\" data-gtm-custom-categorie=\"navigation\" data-gtm-custom-action=\"crossclick\" data-gtm-custom-label=\"Contextuel\" data-gtm-event=\"customEventSPE\" data-fig-domain=\"LEFIGARO\" target=\"_blank\" rel=\"noopener\">Lettonie\u00a0<\/a>&#8211; toutes trois membres de l\u2019Alliance &#8211; scrutent avec f\u00e9brilit\u00e9 ces man\u0153uvres, si pr\u00e8s de leurs fronti\u00e8res. Varsovie a m\u00eame dit s\u2019attendre durant leur d\u00e9roulement \u00e0 des \u00ab\u00a0provocations\u00a0\u00bb. Un mot d\u00e9j\u00e0 utilis\u00e9 \u00e0 l\u2019Ouest apr\u00e8s l\u2019intrusion, dans la nuit de mardi \u00e0 mercredi dernier, d\u2019<a href=\"http:\/\/www.lefigaro.fr\/international\/la-pologne-a-cran-apres-cette-nuit-du-9-septembre-ou-les-drones-russes-l-ont-agressee-20250910\" data-fig-type=\"Article\" data-gtm-custom-categorie=\"navigation\" data-gtm-custom-action=\"crossclick\" data-gtm-custom-label=\"Contextuel\" data-gtm-event=\"customEventSPE\" data-fig-domain=\"LEFIGARO\" target=\"_blank\" rel=\"noopener\">une vingtaine de drones dans l\u2019espace a\u00e9rien polonais<\/a>\u2026<\/p>\n<p class=\"fig-premium-paywall__infos\">\n        Cet article est r\u00e9serv\u00e9 aux abonn\u00e9s.        Il vous reste 78% \u00e0 d\u00e9couvrir.\n    <\/p>\n<p>                <img  data- alt=\"Le Figaro\" class=\"fig-img--complete fig-img\"\/><\/p>\n<p class=\"fig-premium-paywall__title\">Vous avez envie de lire la suite ?<\/p>\n<p class=\"fig-premium-paywall__subtitle\">D\u00e9bloquez tous les articles imm\u00e9diatement.<\/p>\n<p class=\"fig-premium-paywall__connect\">\n                D\u00e9j\u00e0 abonn\u00e9\u00a0?                <a class=\"fig-premium-paywall__connect-link\" href=\"https:\/\/connect.lefigaro.fr\/login?client=horizon_web&amp;type=main&amp;redirect_uri=https%3A%2F%2Fwww.lefigaro.fr%2Finternational%2Fune-dizaine-de-milliers-de-soldats-des-exercices-nucleaires-les-zapad-ces-manoeuvres-militaires-russes-qui-inquietent-les-occidentaux-20250912\" data-js-gtm=\"{&quot;customCategorie&quot;: &quot;conversion&quot;, &quot;customAction&quot;: &quot;before_Landing_Connexion_paywall_auto&quot;, &quot;customLabel&quot;: &quot;bGVmaWdhcm8uZnJfXzFmMDhmYzljLWFmM2UtNmNhNC04MTgwLWZmODUyMzM0NGNjNV9fQXJ0aWNsZQ==_Une dizaine de milliers de soldats, des exercices nucl\u00e9aires... Les Zapad, ces man\u0153uvres militaires russes qui inqui\u00e8tent les Occidentaux_376&quot;, &quot;customIDSPE&quot;: &quot;bGVmaWdhcm8uZnJfXzFmMDhmYzljLWFmM2UtNmNhNC04MTgwLWZmODUyMzM0NGNjNV9fQXJ0aWNsZQ==&quot;, &quot;event&quot;: &quot;customEventSPE&quot;}\" target=\"_blank\" rel=\"noopener\"><br \/>\n                    Connectez-vous<br \/>\n                <\/a>\n            <\/p>\n","protected":false},"excerpt":{"rendered":"D\u00c9CRYPTAGE &#8211; Ces entra\u00eenements conjoints avec la Bi\u00e9lorussie se tiennent trois jours apr\u00e8s l\u2019intrusion dans l\u2019espace a\u00e9rien polonais&hellip;\n","protected":false},"author":2,"featured_media":386557,"comment_status":"","ping_status":"","sticky":false,"template":"","format":"standard","meta":{"footnotes":""},"categories":[5],"tags":[11,1011,27,14,12,135,28],"class_list":{"0":"post-386556","1":"post","2":"type-post","3":"status-publish","4":"format-standard","5":"has-post-thumbnail","7":"category-international","8":"tag-actualites","9":"tag-fr","10":"tag-france","11":"tag-international","12":"tag-news","13":"tag-vladimir-poutine","14":"tag-world"},"share_on_mastodon":{"url":"https:\/\/pubeurope.com\/@fr\/115194129502487498","error":""},"_links":{"self":[{"href":"https:\/\/www.europesays.com\/fr\/wp-json\/wp\/v2\/posts\/386556","targetHints":{"allow":["GET"]}}],"collection":[{"href":"https:\/\/www.europesays.com\/fr\/wp-json\/wp\/v2\/posts"}],"about":[{"href":"https:\/\/www.europesays.com\/fr\/wp-json\/wp\/v2\/types\/post"}],"author":[{"embeddable":true,"href":"https:\/\/www.europesays.com\/fr\/wp-json\/wp\/v2\/users\/2"}],"replies":[{"embeddable":true,"href":"https:\/\/www.europesays.com\/fr\/wp-json\/wp\/v2\/comments?post=386556"}],"version-history":[{"count":0,"href":"https:\/\/www.europesays.com\/fr\/wp-json\/wp\/v2\/posts\/386556\/revisions"}],"wp:featuredmedia":[{"embeddable":true,"href":"https:\/\/www.europesays.com\/fr\/wp-json\/wp\/v2\/media\/386557"}],"wp:attachment":[{"href":"https:\/\/www.europesays.com\/fr\/wp-json\/wp\/v2\/media?parent=386556"}],"wp:term":[{"taxonomy":"category","embeddable":true,"href":"https:\/\/www.europesays.com\/fr\/wp-json\/wp\/v2\/categories?post=386556"},{"taxonomy":"post_tag","embeddable":true,"href":"https:\/\/www.europesays.com\/fr\/wp-json\/wp\/v2\/tags?post=386556"}],"curies":[{"name":"wp","href":"https:\/\/api.w.org\/{rel}","templated":true}]}}