{"id":386561,"date":"2025-09-13T00:23:15","date_gmt":"2025-09-13T00:23:15","guid":{"rendered":"https:\/\/www.europesays.com\/fr\/386561\/"},"modified":"2025-09-13T00:23:15","modified_gmt":"2025-09-13T00:23:15","slug":"saint-etienne-le-vol-de-la-patrouille-de-france-annule-une-nouvelle-date-annoncee-voici-quand","status":"publish","type":"post","link":"https:\/\/www.europesays.com\/fr\/386561\/","title":{"rendered":"Saint-\u00c9tienne. Le vol de la Patrouille de France annul\u00e9, une nouvelle date annonc\u00e9e : voici quand"},"content":{"rendered":"<p>            Par<br \/>\n        <strong><br \/>\n            <a href=\"https:\/\/actu.fr\/auteur\/julien-sournies\" title=\"Consulter tous les articles de Julien Sournies\" rel=\"nofollow noopener\" target=\"_blank\">Julien Sournies<\/a><br \/>\n        <\/strong><\/p>\n<p>        Publi\u00e9 le<\/p>\n<p>            12 sept. 2025 \u00e0 11h14        <\/p>\n<p>Le show a\u00e9rien de la <strong>Patrouille de France<\/strong> aura finalement lieu dans la capitale de la <a href=\"https:\/\/actu.fr\/auvergne-rhone-alpes\/loire_42\" rel=\"nofollow noopener\" target=\"_blank\">Loire<\/a>\u2009! Alors qu\u2019il \u00e9tait initialement <a href=\"https:\/\/actu.fr\/auvergne-rhone-alpes\/saint-etienne_42218\/saint-etienne-la-patrouille-de-france-annule-sa-representation-dans-la-ville-voici-pourquoi_63137550.html\" rel=\"nofollow noopener\" target=\"_blank\">programm\u00e9 pour ce jeudi 11\u00a0septembre<\/a>\u00a0dans le cadre de \u00ab\u2009Septembre Rouge\u2009\u00bb, le survol du CHU de <a href=\"https:\/\/actu.fr\/saint-etienne\/\" rel=\"nofollow noopener\" target=\"_blank\">Saint-\u00c9tienne<\/a> par les huit Alphajets de la PAF a en effet \u00e9t\u00e9 cal\u00e9 \u00e0 une autre date.<\/p>\n<p class=\" wall-content\">La repr\u00e9sentation se tiendra finalement ce lundi 15 septembre \u00e0 16h50, tr\u00e8s exactement.<\/p>\n<p>Le show initial annul\u00e9 \u00e0 cause d\u2019un d\u00e9c\u00e8s<\/p>\n<p class=\" wall-content\">\u00ab\u2009Un moment fort rendu possible par l\u2019association ELLYE, pour sensibiliser aux cancers du sang (leuc\u00e9mies, lymphomes, my\u00e9lomes) et soutenir les patients ainsi que la recherche\u2009\u00bb, se r\u00e9jouit l\u2019\u00e9tablissement de soins sur ses r\u00e9seaux.<\/p>\n<p class=\" wall-content\">Pour rappel, la repr\u00e9sentation initiale avait d\u00fb \u00eatre annul\u00e9e en raison du <strong>d\u00e9c\u00e8s d\u2019un des m\u00e9caniciens<\/strong> de la Patrouille de France.<\/p>\n<p class=\" wall-content\">\u00c0 noter par ailleurs que la Patrouille de France sera sur le pont la veille, dimanche 14\u00a0septembre, \u00e0 l\u2019occasion du Meeting a\u00e9rien international de Roanne.<\/p>\n<p class=\" wall-content\">Personnalisez votre actualit\u00e9 en ajoutant vos villes et m\u00e9dias en favori avec <a href=\"https:\/\/moncompte.actu.fr\" title=\"D\u00e9couvez Mon Actu\" rel=\"nofollow noopener\" data-trk=\"{&quot;cta&quot;:{&quot;action&quot;:&quot;https:\\\/\\\/moncompte.actu.fr&quot;,&quot;category&quot;:&quot;mon compte&quot;,&quot;from&quot;:&quot;article footer&quot;,&quot;name&quot;:&quot;Mon actu&quot;,&quot;type&quot;:&quot;cta&quot;}}\" target=\"_blank\">Mon Actu<\/a>.<\/p>\n","protected":false},"excerpt":{"rendered":"Par Julien Sournies Publi\u00e9 le 12 sept. 2025 \u00e0 11h14 Le show a\u00e9rien de la Patrouille de France&hellip;\n","protected":false},"author":2,"featured_media":386562,"comment_status":"","ping_status":"","sticky":false,"template":"","format":"standard","meta":{"footnotes":""},"categories":[9653],"tags":[1111,11,2430,101,1777,674,1011,27,12,25,4001,71,104],"class_list":{"0":"post-386561","1":"post","2":"type-post","3":"status-publish","4":"format-standard","5":"has-post-thumbnail","7":"category-saint-etienne","8":"tag-actu","9":"tag-actualites","10":"tag-auvergne-rhone-alpes","11":"tag-cancer","12":"tag-eu","13":"tag-europe","14":"tag-fr","15":"tag-france","16":"tag-news","17":"tag-republique-francaise","18":"tag-saint-etienne","19":"tag-sante","20":"tag-societe"},"share_on_mastodon":{"url":"https:\/\/pubeurope.com\/@fr\/115194141377124269","error":""},"_links":{"self":[{"href":"https:\/\/www.europesays.com\/fr\/wp-json\/wp\/v2\/posts\/386561","targetHints":{"allow":["GET"]}}],"collection":[{"href":"https:\/\/www.europesays.com\/fr\/wp-json\/wp\/v2\/posts"}],"about":[{"href":"https:\/\/www.europesays.com\/fr\/wp-json\/wp\/v2\/types\/post"}],"author":[{"embeddable":true,"href":"https:\/\/www.europesays.com\/fr\/wp-json\/wp\/v2\/users\/2"}],"replies":[{"embeddable":true,"href":"https:\/\/www.europesays.com\/fr\/wp-json\/wp\/v2\/comments?post=386561"}],"version-history":[{"count":0,"href":"https:\/\/www.europesays.com\/fr\/wp-json\/wp\/v2\/posts\/386561\/revisions"}],"wp:featuredmedia":[{"embeddable":true,"href":"https:\/\/www.europesays.com\/fr\/wp-json\/wp\/v2\/media\/386562"}],"wp:attachment":[{"href":"https:\/\/www.europesays.com\/fr\/wp-json\/wp\/v2\/media?parent=386561"}],"wp:term":[{"taxonomy":"category","embeddable":true,"href":"https:\/\/www.europesays.com\/fr\/wp-json\/wp\/v2\/categories?post=386561"},{"taxonomy":"post_tag","embeddable":true,"href":"https:\/\/www.europesays.com\/fr\/wp-json\/wp\/v2\/tags?post=386561"}],"curies":[{"name":"wp","href":"https:\/\/api.w.org\/{rel}","templated":true}]}}