{"id":386563,"date":"2025-09-13T00:24:13","date_gmt":"2025-09-13T00:24:13","guid":{"rendered":"https:\/\/www.europesays.com\/fr\/386563\/"},"modified":"2025-09-13T00:24:13","modified_gmt":"2025-09-13T00:24:13","slug":"la-foire-stephanoise-se-metamorphose-direction-lirlande","status":"publish","type":"post","link":"https:\/\/www.europesays.com\/fr\/386563\/","title":{"rendered":"LA FOIRE ST\u00c9PHANOISE SE M\u00c9TAMORPHOSE : DIRECTION L&rsquo;IRLANDE"},"content":{"rendered":"<p>                <a href=\"https:\/\/42info.fr\/the-african-queen-en-4k-au-megarama-chavanelle\/\" target=\"_blank\" aria-label=\"Banni\u00e8re Africa Queen\" rel=\"nofollow noopener\"><img loading=\"lazy\" decoding=\"async\" src=\"https:\/\/www.europesays.com\/fr\/wp-content\/uploads\/2025\/09\/Banniere-Africa-Queen.jpg\" alt=\"\"   width=\"1536\" height=\"1024\"\/><\/a><\/p>\n<p>Un \u00e9v\u00e9nement qui reprend des couleurs apr\u00e8s la crise sanitaire Rendez-vous incontournable du calendrier \u00e9conomique lig\u00e9rien, la Foire de Saint-\u00c9tienne s\u2019appr\u00eate \u00e0 accueillir les visiteurs du 19 au 29 septembre au Parc des expositions. <strong><a href=\"https:\/\/42info.fr\/foire-de-saint-etienne-2025-quand-lirlande-rencontre-le-savoir-faire-ligerien\/\" target=\"_blank\" rel=\"noreferrer noopener nofollow\">Cette 76\u00e8me \u00e9dition<\/a><\/strong> marque un tournant dans l\u2019histoire de cette manifestation commerciale qui avait d\u00fb annuler sa programmation en 2020 \u00e0 cause de la pand\u00e9mie.<\/p>\n<p>Depuis sa reprise, l\u2019\u00e9v\u00e9nement conna\u00eet un regain d\u2019attractivit\u00e9 constant avec une progression notable du nombre de participants : 65 500 personnes en 2022, 67 000 l\u2019ann\u00e9e suivante, et pr\u00e8s de 76 000 visiteurs comptabilis\u00e9s lors de la derni\u00e8re \u00e9dition. Cette dynamique positive t\u00e9moigne de la vitalit\u00e9 retrouv\u00e9e de cette institution \u00e9conomique r\u00e9gionale. <\/p>\n<p>Plus d\u2019exposants pour une offre diversifi\u00e9e<\/p>\n<p><strong><a href=\"https:\/\/42info.fr\/la-foire-de-saint-etienne-2025-5-anecdotes-de-lirlande\/\" target=\"_blank\" rel=\"noreferrer noopener nofollow\">L\u2019\u00e9dition 2025 rassemblera 252 exposants<\/a><\/strong>, soit une augmentation significative par rapport aux 220 participants de l\u2019ann\u00e9e pr\u00e9c\u00e9dente. Cette croissance s\u2019accompagne d\u2019un ancrage territorial renforc\u00e9 puisque 48% des exposants proviennent de la Loire, contre 44% en 2024. Au niveau r\u00e9gional, la repr\u00e9sentation Auvergne-Rh\u00f4ne-Alpes atteint 76% du total des participants. Mika\u00ebl Henriot, responsable de Saint-\u00c9tienne Events, relativise l\u2019importance des chiffres bruts. Certains professionnels nous confient r\u00e9aliser jusqu\u2019\u00e0 la moiti\u00e9 de leur chiffre d\u2019affaires annuel durant ces onze journ\u00e9es.\u00a0\u00bb <\/p>\n<p>Une enqu\u00eate client guide la transformation<\/p>\n<p>Les organisateurs ont men\u00e9 une vaste consultation aupr\u00e8s de 1 300 visiteurs de l\u2019\u00e9dition pr\u00e9c\u00e9dente pour cerner leurs attentes et pr\u00e9f\u00e9rences. Cette d\u00e9marche participative a directement influenc\u00e9 la conception de la programmation 2025, structur\u00e9e autour de trois axes strat\u00e9giques : \u00e9quipement, gastronomie et divertissement. Deux nouveaux secteurs th\u00e9matiques enrichissent l\u2019offre existante : un espace d\u00e9di\u00e9 aux sports et loisirs, ainsi qu\u2019un univers mode, d\u00e9coration, beaut\u00e9 et bien-\u00eatre. Ces ajouts r\u00e9pondent aux \u00e9volutions des modes de consommation locaux.<\/p>\n<p>L\u2019Irlande s\u2019invite \u00e0 Saint-\u00c9tienne<\/p>\n<p>La th\u00e9matique celte constitue le fil rouge de cette \u00e9dition avec des animations immersives spectaculaires. Une reconstitution fid\u00e8le d\u2019une rue dublinoise prendra place entre les halles d\u2019exposition, comprenant un authentique pub irlandais, une librairie traditionnelle et une boutique d\u2019artisanat local. La guinguette centrale du site proposera une exp\u00e9rience culinaire vari\u00e9e avec des stands de restauration rapide et des bars th\u00e9matiques. La maison st\u00e9phanoise Chapuis cr\u00e9era sp\u00e9cialement pour l\u2019occasion des irish coffees aux saveurs locales, fusionnant traditions celtiques and savoir-faire lig\u00e9rien.<\/p>\n<p>Soir\u00e9es festives et exp\u00e9riences magiques<\/p>\n<p>Deux nocturnes exceptionnelles ponctueront la manifestation. Le 23 septembre d\u00e8s 18 heures, une Irish Party anim\u00e9e par le collectif local Le Club et le groupe Irish Sky offrira une soir\u00e9e acoustique authentique. Le 26 septembre, une Green Party d\u00e9butera par une parade Val Grangent \u00e0 19 heures avant de laisser place aux performances d\u2019Euphoria Music. Les amateurs de fantasy d\u00e9couvriront une exposition Harry Potter incluant une reproduction de la cabane d\u2019Hagrid, promettant une immersion totale dans l\u2019univers du c\u00e9l\u00e8bre sorcier. ## Un laboratoire d\u2019innovations commerciales <strong><a href=\"https:\/\/42info.fr\/la-foire-de-roanne-au-scarabee-en-octobre-2025\/\" target=\"_blank\" rel=\"noreferrer noopener nofollow\">Cette 76\u00e8me \u00e9dition<\/a><\/strong> t\u00e9moigne de la capacit\u00e9 d\u2019adaptation des foires traditionnelles aux attentes contemporaines. En croisant identit\u00e9 territoriale forte et ouverture culturelle internationale, l\u2019\u00e9v\u00e9nement st\u00e9phanois dessine un mod\u00e8le \u00e9conomique renouvel\u00e9 qui pourrait inspirer d\u2019autres manifestations similaires.<\/p>\n","protected":false},"excerpt":{"rendered":"Un \u00e9v\u00e9nement qui reprend des couleurs apr\u00e8s la crise sanitaire Rendez-vous incontournable du calendrier \u00e9conomique lig\u00e9rien, la Foire&hellip;\n","protected":false},"author":2,"featured_media":277526,"comment_status":"","ping_status":"","sticky":false,"template":"","format":"standard","meta":{"footnotes":""},"categories":[9653],"tags":[1111,11,2430,33,1777,674,4434,1011,27,3367,12,25,4001],"class_list":{"0":"post-386563","1":"post","2":"type-post","3":"status-publish","4":"format-standard","5":"has-post-thumbnail","7":"category-saint-etienne","8":"tag-actu","9":"tag-actualites","10":"tag-auvergne-rhone-alpes","11":"tag-economie","12":"tag-eu","13":"tag-europe","14":"tag-foire","15":"tag-fr","16":"tag-france","17":"tag-loire","18":"tag-news","19":"tag-republique-francaise","20":"tag-saint-etienne"},"share_on_mastodon":{"url":"https:\/\/pubeurope.com\/@fr\/115194145395665986","error":""},"_links":{"self":[{"href":"https:\/\/www.europesays.com\/fr\/wp-json\/wp\/v2\/posts\/386563","targetHints":{"allow":["GET"]}}],"collection":[{"href":"https:\/\/www.europesays.com\/fr\/wp-json\/wp\/v2\/posts"}],"about":[{"href":"https:\/\/www.europesays.com\/fr\/wp-json\/wp\/v2\/types\/post"}],"author":[{"embeddable":true,"href":"https:\/\/www.europesays.com\/fr\/wp-json\/wp\/v2\/users\/2"}],"replies":[{"embeddable":true,"href":"https:\/\/www.europesays.com\/fr\/wp-json\/wp\/v2\/comments?post=386563"}],"version-history":[{"count":0,"href":"https:\/\/www.europesays.com\/fr\/wp-json\/wp\/v2\/posts\/386563\/revisions"}],"wp:featuredmedia":[{"embeddable":true,"href":"https:\/\/www.europesays.com\/fr\/wp-json\/wp\/v2\/media\/277526"}],"wp:attachment":[{"href":"https:\/\/www.europesays.com\/fr\/wp-json\/wp\/v2\/media?parent=386563"}],"wp:term":[{"taxonomy":"category","embeddable":true,"href":"https:\/\/www.europesays.com\/fr\/wp-json\/wp\/v2\/categories?post=386563"},{"taxonomy":"post_tag","embeddable":true,"href":"https:\/\/www.europesays.com\/fr\/wp-json\/wp\/v2\/tags?post=386563"}],"curies":[{"name":"wp","href":"https:\/\/api.w.org\/{rel}","templated":true}]}}