{"id":386568,"date":"2025-09-13T00:27:17","date_gmt":"2025-09-13T00:27:17","guid":{"rendered":"https:\/\/www.europesays.com\/fr\/386568\/"},"modified":"2025-09-13T00:27:17","modified_gmt":"2025-09-13T00:27:17","slug":"toulon-vincent-thierry-lheure-est-venue-de-reprendre-loffensive","status":"publish","type":"post","link":"https:\/\/www.europesays.com\/fr\/386568\/","title":{"rendered":"TOULON : Vincent THIERRY : \u00ab\u00a0L\u2019heure est venue de reprendre l\u2019offensive\u00a0\u00bb !"},"content":{"rendered":"<p style=\"text-align: left;\"><strong>Rien ne change.<\/strong><\/p>\n<p style=\"text-align: left;\">Les m\u00eames visages se succ\u00e8dent\u2026 Bayrou tombe, Lecornu prend sa place, mais le syst\u00e8me persiste, fig\u00e9. \u00c9ric Zemmour l\u2019a toujours dit : ce r\u00e9gime vit de lui-m\u00eame, pour lui-m\u00eame, et contre le peuple fran\u00e7ais.<\/p>\n<p style=\"text-align: left;\"><strong>Sarah Knafo<\/strong> l\u2019a \u00e9galement rappel\u00e9 dans La Grande Interview :<\/p>\n<p style=\"text-align: left;\">\u00ab On a une vie politique bouillonnante o\u00f9 les gens se parlent entre eux\u2026 et \u00e0 c\u00f4t\u00e9, un pays qui voit sa dette exploser, le niveau de son \u00e9cole s\u2019effondrer, l\u2019ins\u00e9curit\u00e9 qui est partout\u2026 et ils vivent entre eux, \u00e0 huis clos, et ne r\u00e8glent aucun de leurs probl\u00e8mes. \u00bb<\/p>\n<p style=\"text-align: left;\">Face \u00e0 ce statu quo mortif\u00e8re,\u00a0<strong>nous sommes pr\u00eats !\u00a0<\/strong>Pr\u00eats \u00e0 affronter une dissolution si elle vient, pr\u00eats \u00e0 porter haut nos convictions lors des l\u00e9gislatives, pr\u00eats \u00e0 r\u00e9pondre \u00e0 l\u2019appel d\u2019un peuple lucide et fatigu\u00e9.<\/p>\n<p style=\"text-align: left;\"><strong>Une rentr\u00e9e militante \u00e0 Orange\u00a0<\/strong><\/p>\n<p style=\"text-align: left;\">L\u2019Universit\u00e9 d\u2019\u00e9t\u00e9 fut un moment de formation et de r\u00e9flexion strat\u00e9gique, mais aussi un temps de fraternit\u00e9 entre Varois. Nous \u00e9tions 2 000 l\u2019an pass\u00e9, nous \u00e9tions 3 000 cette ann\u00e9e. Les cadres et les candidats y ont \u00e9t\u00e9 form\u00e9s, et tous les participants ont pu assister \u00e0 des conf\u00e9rences de tr\u00e8s grande qualit\u00e9.<\/p>\n<p style=\"text-align: left;\" align=\"center\"><img fetchpriority=\"high\" decoding=\"async\" id=\"x__x0000_i1031\" class=\"\" src=\"https:\/\/www.europesays.com\/fr\/wp-content\/uploads\/2025\/09\/photo_2025-09-10_17-32-59.jpg\" width=\"1049\" height=\"490\" border=\"0\" data-imagetype=\"External\"\/><\/p>\n<p style=\"text-align: left;\">Plus l\u00e9g\u00e8re mais tout aussi symbolique, l\u2019op\u00e9ration nationale Hisse ton drapeau a permis de hisser fi\u00e8rement nos couleurs partout en France. Dans le Var aussi, plusieurs militants ont jou\u00e9 le jeu et partag\u00e9 leurs photos : un geste simple, joyeux, mais porteur d\u2019un message clair : la France doit \u00eatre visible, dans nos rues comme dans nos c\u0153urs.<\/p>\n<p style=\"text-align: left;\" align=\"center\"><img loading=\"lazy\" decoding=\"async\" id=\"x__x0000_i1030\" class=\"\" src=\"https:\/\/www.europesays.com\/fr\/wp-content\/uploads\/2025\/09\/Nouveau projet (4).png\" width=\"1058\" height=\"1323\" border=\"0\" data-imagetype=\"External\"\/><\/p>\n<p style=\"text-align: left;\"><strong>R\u00e9organisation du bureau d\u00e9partemental<\/strong><\/p>\n<p style=\"text-align: left;\">Comme dans toute famille militante, des \u00e9volutions personnelles et professionnelles am\u00e8nent naturellement \u00e0 des ajustements. C\u2019est la vie d\u2019un mouvement qui grandit, et c\u2019est toujours dans la continuit\u00e9 et la confiance que nous avan\u00e7ons.<\/p>\n<p style=\"text-align: left;\">Odile Judice \u2192 responsable de la 3\u1d49 circonscription<br \/>Philippe Perez \u2192 responsable de la 2\u1d49<br \/>Julia Bonnefoy \u2192 adjointe d\u2019Alain Loiseau dans la 7\u1d49<br \/>Pierre-Olivier Picard \u2192 responsable de la 6\u1d49<\/p>\n<p style=\"text-align: left;\" align=\"center\"><a title=\"https:\/\/ez.nationbuilder.com\/r?u=nYNJtgT1becp6piwauS-TZ3PK7sM7xRj2OIBkevDbeD02NFefmWjaWINGRwo5goEzte03ezhfk1H9ynA14c77l5GkPdajUnjg6WvyLAeCU1PkfoOyU6tPRgma9iaSZPM&amp;e=6fd3c31c3c0d22379e5773365eafe848&amp;utm_source=ez&amp;utm_medium=email&amp;utm_campaign=automail_68c29e7c46a20&amp;n=2\" href=\"https:\/\/ez.nationbuilder.com\/r?u=nYNJtgT1becp6piwauS-TZ3PK7sM7xRj2OIBkevDbeD02NFefmWjaWINGRwo5goEzte03ezhfk1H9ynA14c77l5GkPdajUnjg6WvyLAeCU1PkfoOyU6tPRgma9iaSZPM&amp;e=6fd3c31c3c0d22379e5773365eafe848&amp;utm_source=ez&amp;utm_medium=email&amp;utm_campaign=automail_68c29e7c46a20&amp;n=2\" target=\"_blank\" rel=\"noopener noreferrer nofollow\" data-auth=\"NotApplicable\" data-linkindex=\"1\"><img loading=\"lazy\" decoding=\"async\" id=\"x__x0000_i1029\" class=\"\" src=\"https:\/\/www.europesays.com\/fr\/wp-content\/uploads\/2025\/09\/Vincent_Thi\u00e9ry_D\u00e9l\u00e9gu\u00e9_d\u00e9partemental_vincent_thiery@live_fr.png\" width=\"1054\" height=\"593\" border=\"0\" data-imagetype=\"External\"\/><\/a><\/p>\n<p style=\"text-align: left;\">Par ailleurs, j\u2019ai la joie de vous annoncer que Fabrice Morenval, \u00e9lu de Saint-Rapha\u00ebl, rejoint nos rangs. Son engagement et son exp\u00e9rience sont un signe fort : Reconqu\u00eate attire des personnalit\u00e9s de qualit\u00e9, pr\u00eates \u00e0 se mettre au service de la France et de notre mouvement.<\/p>\n<p style=\"text-align: left;\">Dans le m\u00eame esprit, je veux saluer l\u2019\u00e9lection de Christiane Lardat, maire Reconqu\u00eate de Cogolin. Cette victoire locale est une fiert\u00e9 pour nous tous.<\/p>\n<p style=\"text-align: left;\" align=\"center\">\u00a0 \u00a0\u00a0<img loading=\"lazy\" decoding=\"async\" id=\"x__x0000_i1028\" class=\"\" src=\"https:\/\/www.europesays.com\/fr\/wp-content\/uploads\/2025\/09\/photo_2025-09-06_18-27-05.jpg\" width=\"1021\" height=\"1798\" border=\"0\" data-imagetype=\"External\"\/>\u00a0<img loading=\"lazy\" decoding=\"async\" id=\"x__x0000_i1027\" class=\"\" src=\"https:\/\/www.europesays.com\/fr\/wp-content\/uploads\/2025\/09\/518322587_122093727572957163_2780323594815061440_n.jpg\" width=\"1037\" height=\"1037\" border=\"0\" data-imagetype=\"External\"\/><\/p>\n<p style=\"text-align: left;\"><strong>Les municipales approchent<\/strong><\/p>\n<p style=\"text-align: left;\">Elles seront une \u00e9tape d\u00e9cisive pour notre mouvement. Car c\u2019est par l\u2019enracinement local, par l\u2019action dans nos communes, que nous b\u00e2tirons des victoires durables. Je me d\u00e9place dans toutes les circonscriptions pour rencontrer nos forces vives. Vous avez, ou vous allez, recevoir un mail sp\u00e9cifique de votre circonscription pour vous informer et vous associer \u00e0 cette dynamique.<\/p>\n<p style=\"text-align: left;\">\u00c0 celles et ceux qui h\u00e9sitent encore \u00e0 franchir le pas, je veux dire ceci : n\u2019ayez aucune crainte. Je suis \u00e0 votre disposition pour en parler, pour \u00e9valuer ensemble la situation, et pour vous aider \u00e0 trouver votre juste place.<\/p>\n<p style=\"text-align: left;\">Chaque volont\u00e9 compte, chaque engagement renforce notre camp.<\/p>\n<p style=\"text-align: left;\">La rentr\u00e9e n\u2019est pas une pause.<br \/>Elle n\u2019est pas un retour aux habitudes.<br \/>Elle est le signal du combat qui vient.<\/p>\n<p style=\"text-align: left;\">Un combat pour la v\u00e9rit\u00e9, pour notre peuple, pour notre civilisation.<\/p>\n<p style=\"text-align: left;\">Nous aurons besoin de toutes les forces, de toutes les \u00e9nergies, de toutes les fid\u00e9lit\u00e9s.<br \/>Rien n\u2019est possible sans l\u2019unit\u00e9, rien n\u2019est possible sans la d\u00e9termination, rien n\u2019est possible sans vous.<\/p>\n<p style=\"text-align: left;\">Alors avan\u00e7ons ensemble, debout, confiants dans notre mission et fiers de notre banni\u00e8re.<\/p>\n<p style=\"text-align: left;\">Vincent THIERY,<br \/>D\u00e9l\u00e9gu\u00e9 d\u00e9partemental du Var.<\/p>\n","protected":false},"excerpt":{"rendered":"Rien ne change. Les m\u00eames visages se succ\u00e8dent\u2026 Bayrou tombe, Lecornu prend sa place, mais le syst\u00e8me persiste,&hellip;\n","protected":false},"author":2,"featured_media":386569,"comment_status":"","ping_status":"","sticky":false,"template":"","format":"standard","meta":{"footnotes":""},"categories":[9619],"tags":[1111,11,1777,674,1011,27,12,882,25,2310],"class_list":{"0":"post-386568","1":"post","2":"type-post","3":"status-publish","4":"format-standard","5":"has-post-thumbnail","7":"category-toulon","8":"tag-actu","9":"tag-actualites","10":"tag-eu","11":"tag-europe","12":"tag-fr","13":"tag-france","14":"tag-news","15":"tag-provence-alpes-cote-dazur","16":"tag-republique-francaise","17":"tag-toulon"},"share_on_mastodon":{"url":"https:\/\/pubeurope.com\/@fr\/115194157198015944","error":""},"_links":{"self":[{"href":"https:\/\/www.europesays.com\/fr\/wp-json\/wp\/v2\/posts\/386568","targetHints":{"allow":["GET"]}}],"collection":[{"href":"https:\/\/www.europesays.com\/fr\/wp-json\/wp\/v2\/posts"}],"about":[{"href":"https:\/\/www.europesays.com\/fr\/wp-json\/wp\/v2\/types\/post"}],"author":[{"embeddable":true,"href":"https:\/\/www.europesays.com\/fr\/wp-json\/wp\/v2\/users\/2"}],"replies":[{"embeddable":true,"href":"https:\/\/www.europesays.com\/fr\/wp-json\/wp\/v2\/comments?post=386568"}],"version-history":[{"count":0,"href":"https:\/\/www.europesays.com\/fr\/wp-json\/wp\/v2\/posts\/386568\/revisions"}],"wp:featuredmedia":[{"embeddable":true,"href":"https:\/\/www.europesays.com\/fr\/wp-json\/wp\/v2\/media\/386569"}],"wp:attachment":[{"href":"https:\/\/www.europesays.com\/fr\/wp-json\/wp\/v2\/media?parent=386568"}],"wp:term":[{"taxonomy":"category","embeddable":true,"href":"https:\/\/www.europesays.com\/fr\/wp-json\/wp\/v2\/categories?post=386568"},{"taxonomy":"post_tag","embeddable":true,"href":"https:\/\/www.europesays.com\/fr\/wp-json\/wp\/v2\/tags?post=386568"}],"curies":[{"name":"wp","href":"https:\/\/api.w.org\/{rel}","templated":true}]}}