{"id":386575,"date":"2025-09-13T00:34:20","date_gmt":"2025-09-13T00:34:20","guid":{"rendered":"https:\/\/www.europesays.com\/fr\/386575\/"},"modified":"2025-09-13T00:34:20","modified_gmt":"2025-09-13T00:34:20","slug":"les-verts-recyclent-leurs-promesses-non-tenues-a-lapproche-des-municipales","status":"publish","type":"post","link":"https:\/\/www.europesays.com\/fr\/386575\/","title":{"rendered":"LES VERTS RECYCLENT LEURS PROMESSES NON TENUES \u00c0 L&rsquo;APPROCHE DES MUNICIPALES"},"content":{"rendered":"<p>Posted On 12 septembre 2025 <\/p>\n<p style=\"text-align: justify;\">D\u00e9cid\u00e9ment tout est us\u00e9 jusqu&rsquo;\u00e0 la corde chez les Verts. Apr\u00e8s l&rsquo;op\u00e9ration de Piolle pour recycler le m\u00eame profil que lui au f\u00e9minin avec Laurence Ruffin (<a href=\"https:\/\/grenoble-le-changement.fr\/2025\/09\/07\/la-candidature-de-laurence-ruffin-dechire-la-majorite-municipale\/\" rel=\"nofollow noopener\" target=\"_blank\">tentative qu&rsquo;a fait exploser Lucille Lheureux<\/a>), voil\u00e0 que l&rsquo;adjointe Margot Belair ressort des tiroirs la vieille promesse non tenue de \u00ab\u00a0gratuit\u00e9\u00a0\u00bb des transports le week-end.<\/p>\n<p>LES VERTS FONT LA LE\u00c7ON ALORS QU&rsquo;ILS ONT SABORD\u00c9 LES TRANSPORTS<\/p>\n<p style=\"text-align: justify;\">Fin ao\u00fbt, l&rsquo;adjointe \u00e0 l&rsquo;urbanisme (et chef de file des Verts pour les municipales aux c\u00f4t\u00e9s de Laurence Ruffin et Lucille Lheureux qui se font la guerre) s&rsquo;\u00e9tait d\u00e9j\u00e0 <a href=\"https:\/\/grenoble-le-changement.fr\/2025\/08\/31\/transports-les-fossoyeurs-du-reseau-donnent-encore-des-lecons\/\" rel=\"nofollow noopener\" target=\"_blank\">fendu d&rsquo;une tribune avec l&rsquo;\u00e9lue communiste Jacqueline Madrennes, sign\u00e9e par les \u00e9lus m\u00e9tropolitains de gauche, pour donner des le\u00e7ons sur l&rsquo;offre de transports<\/a> en commun alors que c&rsquo;est bien la gouvernance Verts\/LFI du syndicat des transports (SMMAG), avec Yann Mongaburu, qui a paralys\u00e9 le r\u00e9seau pour la 1\u00e8re fois de son histoire.<\/p>\n<p><a href=\"https:\/\/grenoble-le-changement.fr\/wp-content\/uploads\/2022\/12\/deplacements-mobilite-2022-e.png\" rel=\"lightbox[84623] nofollow noopener\" target=\"_blank\"><img loading=\"lazy\" decoding=\"async\" class=\" wp-image-56695 jetpack-lazy-image\" src=\"https:\/\/grenoble-le-changement.fr\/wp-content\/uploads\/2022\/12\/deplacements-mobilite-2022-e-300x101.png\" alt=\"\" width=\"618\" height=\"208\" data-lazy-src=\"https:\/\/www.europesays.com\/fr\/wp-content\/uploads\/2025\/09\/deplacements-mobilite-2022-e-300x101.png\" \/><\/a>Sous la gestion des Rouge\/Verts Grenoblois, la part modale des transports en communs stagne.<br \/>\nLA PROMESSE DE GRATUIT\u00c9 ENTERR\u00c9E DEUX FOIS&#8230;<\/p>\n<p style=\"text-align: justify;\">Elles profitaient alors de l&rsquo;occasion pour \u00e0 nouveau agiter l&rsquo;id\u00e9e de la \u00ab\u00a0gratuit\u00e9\u00a0\u00bb, <a href=\"https:\/\/grenoble-le-changement.fr\/2024\/07\/21\/gratuite-des-transports-les-piollistes-se-font-encore-allumer\/\" rel=\"nofollow noopener\" target=\"_blank\">cette vieille lune d\u00e9magogique<\/a> que brandissent les Verts \u00e0 chaque \u00e9lection. Ils l&rsquo;avaient promis pour les 18-25 ans avant les municipales de 2014 et ne l&rsquo;ont jamais mise en oeuvre alors qu&rsquo;ils en avaient tous les moyens (m\u00e9tro, SMMAG). Ils ont r\u00e9cidiv\u00e9 en la promettant pour le week-end en 2020, et n&rsquo;ont pas davantage tenu leur engagement.<\/p>\n<p>&#8230; MAIS LES VERTS LA SORTENT \u00c0 NOUVEAU<\/p>\n<p style=\"text-align: justify;\">Leur tribune n&rsquo;a pas suffi. Pour en remettre une couche, Jacqueline Madrennes et Margot Belair ont <a target=\"_blank\" href=\"https:\/\/www.placegrenet.fr\/2025\/09\/08\/metropole-de-grenoble-deux-elues-plaident-pour-la-gratuite-des-transports-en-commun-le-week-end\/659146\" rel=\"nofollow noopener\">organis\u00e9 une conf\u00e9rence de presse<\/a> et ressortent une nouvelle fois des cartons la lubie de \u00ab\u00a0gratuit\u00e9\u00a0\u00bb le week-end. Visiblement souffrantes d&rsquo;amn\u00e9sie, elles osent aller jusqu&rsquo;\u00e0 consid\u00e9rer leur d\u00e9marche comme \u00ab\u00a0in\u00e9dite\u00a0\u00bb. Il suffit pour cela de consid\u00e9rer que l&rsquo;\u00e9lecteur est un poisson-rouge qui ne se souvient pas que les Piollistes avaient d\u00e9j\u00e0 promis exactement la m\u00eame chose il y a 5 ans.<\/p>\n<p><a href=\"https:\/\/grenoble-le-changement.fr\/wp-content\/uploads\/2023\/11\/Alternatiba-Namur-Belair-.png\" rel=\"lightbox[84623] nofollow noopener\" target=\"_blank\"><img loading=\"lazy\" decoding=\"async\" class=\" wp-image-69690 jetpack-lazy-image\" src=\"https:\/\/grenoble-le-changement.fr\/wp-content\/uploads\/2023\/11\/Alternatiba-Namur-Belair--300x188.png\" alt=\"\" width=\"728\" height=\"456\" data-lazy-src=\"https:\/\/www.europesays.com\/fr\/wp-content\/uploads\/2025\/09\/Alternatiba-Namur-Belair--300x188.png\" \/><\/a>Margot Belair, ici avec l&rsquo;adjoint Gilles Namur (Verts), les seuls invit\u00e9s \u00e0 l&rsquo;inauguration des locaux d&rsquo;Alternatiba, une officine courroie de transmission des th\u00e8ses vertes.<br \/>\nSURFER SUR LES PEURS PAR \u00c9LECTORALISME<\/p>\n<p style=\"text-align: justify;\">Voil\u00e0 le peu de respect et de consid\u00e9ration qu&rsquo;ont les Verts pour les Grenoblois, se permettant de les tromper avec les m\u00eames ficelles tous les 6 ans \u00e0 l&rsquo;approche des municipales. Pour le reste, on retrouve leurs m\u00e9thodes habituelles de plus en plus \u00e9cul\u00e9es. Pour d\u00e9fendre leur id\u00e9e, les 2 \u00e9lues se la jouent anxiog\u00e8ne et <a href=\"https:\/\/grenoble-le-changement.fr\/2025\/08\/05\/berriat-le-service-apres-vente-des-verts-peine-a-convaincre\/\" rel=\"nofollow noopener\" target=\"_blank\">agitent les peurs<\/a>, en estimant qu&rsquo;il s&rsquo;agit ni plus ni moins que de \u00ab\u00a0survivre\u00a0\u00bb au r\u00e9chauffement climatique (<a target=\"_blank\" href=\"https:\/\/www.placegrenet.fr\/2025\/09\/08\/metropole-de-grenoble-deux-elues-plaident-pour-la-gratuite-des-transports-en-commun-le-week-end\/659146\" rel=\"nofollow noopener\">Place Gre&rsquo;net<\/a>).<\/p>\n<p>LA \u00ab\u00a0GRATUIT\u00c9\u00a0\u00bb NE PERMET PAS DE GAIN POUR LA PLAN\u00c8TE<\/p>\n<p style=\"text-align: justify;\">Il semble en effet limpide que des transports en commun \u00ab\u00a0gratuits\u00a0\u00bb le week-end \u00e0 Grenoble permettront de sauver la plan\u00e8te. Comme d&rsquo;habitude on ne peut que saluer ce sens de la mesure si caract\u00e9ristique des Verts. L&rsquo;argument est d&rsquo;autant plus bidon qu&rsquo;<a href=\"https:\/\/grenoble-le-changement.fr\/2023\/03\/28\/letude-qui-confirme-linutilite-de-la-gratuite-des-transports-grenoble\/\" rel=\"nofollow noopener\" target=\"_blank\">une \u00e9tude du SMMAG avait d\u00e9montr\u00e9 que la \u00ab\u00a0gratuit\u00e9\u00a0\u00bb ne permettait aucun gain pour l&rsquo;environnement<\/a> puisque les usagers qui se tourneraient alors vers les transports seraient en immense majorit\u00e9&#8230; des cyclistes ou pi\u00e9tons, donc d\u00e9j\u00e0 bas carbone.\u00a0<\/p>\n<p><a href=\"https:\/\/grenoble-le-changement.fr\/wp-content\/uploads\/2023\/02\/image_2023-02-09_164808305.png\" rel=\"lightbox[84623] nofollow noopener\" target=\"_blank\"><img loading=\"lazy\" decoding=\"async\" class=\" wp-image-58198 jetpack-lazy-image\" src=\"https:\/\/grenoble-le-changement.fr\/wp-content\/uploads\/2023\/02\/image_2023-02-09_164808305-300x283.png\" alt=\"\" width=\"628\" height=\"592\" data-lazy-src=\"https:\/\/www.europesays.com\/fr\/wp-content\/uploads\/2025\/09\/image_2023-02-09_164808305-300x283.png\" \/><\/a>Le PDU impuls\u00e9 par Piolle, Yann Mongaburu et leur majorit\u00e9 rouge\/verte en 2019 enterre lui-m\u00eame la gratuit\u00e9 puisqu&rsquo;il pr\u00e9voit une participation augment\u00e9e des usagers en 2030 : 31 % des couts d&rsquo;exploitation &#8230;<br \/>\nPRIORIT\u00c9 AU D\u00c9VELOPPEMENT DU R\u00c9SEAU&#8230;<\/p>\n<p style=\"text-align: justify;\">Pour convaincre les automobilistes et donc v\u00e9ritablement lutter contre la pollution, la question du tarif passe bien apr\u00e8s celle du d\u00e9veloppement d&rsquo;une offre ad\u00e9quate. Car quel que soit le prix du ticket, si aucune ligne de transport \u00e0 la fr\u00e9quence d\u00e9cente ne dessert un quartier, celui qui l&rsquo;habite ne se tournera pas vers cette solution. L&rsquo;enjeu est donc <a href=\"https:\/\/grenoble-le-changement.fr\/2024\/02\/04\/transports-la-gestion-piolle-mongaburu-torpillee\/\" rel=\"nofollow noopener\" target=\"_blank\">le d\u00e9veloppement du r\u00e9seau&#8230; au point mort depuis 12 ans<\/a> avec moins d&rsquo;1km de ligne de tram suppl\u00e9mentaire. L\u00e0 encore, merci les Verts pour cette paralysie historique.\u00a0<\/p>\n<p>&#8230; QUE LES VERTS ONT LAISS\u00c9 AU POINT MORT<\/p>\n<p style=\"text-align: justify;\">Et pour d\u00e9velopper ce r\u00e9seau, la question est purement financi\u00e8re. On en revient alors \u00e0 cette promesse de \u00ab\u00a0gratuit\u00e9\u00a0\u00bb, qui porte bien mal son nom : ne pas faire payer le prix de son transport \u00e0 l&rsquo;usager revient \u00e0 en transf\u00e9rer le co\u00fbt \u00e0 tous les contribuables, car c&rsquo;est la collectivit\u00e9 qui prend alors en charge les frais, lui laissant d&rsquo;autant moins de marges pour investir pour le r\u00e9seau.<\/p>\n<p><a href=\"https:\/\/grenoble-le-changement.fr\/wp-content\/uploads\/2024\/02\/dette-smmag-2024.png\" rel=\"lightbox[84623] nofollow noopener\" target=\"_blank\"><img loading=\"lazy\" decoding=\"async\" class=\" wp-image-71513 jetpack-lazy-image\" src=\"https:\/\/grenoble-le-changement.fr\/wp-content\/uploads\/2024\/02\/dette-smmag-2024-300x213.png\" alt=\"\" width=\"601\" height=\"427\" data-lazy-src=\"https:\/\/www.europesays.com\/fr\/wp-content\/uploads\/2025\/09\/dette-smmag-2024-300x213.png\" \/><\/a>La dette \u00e9crasante du SMMAG et sa trajectoire de d\u00e9sendettement, h\u00e9ritage de Piolle\/Mongaburu que l&rsquo;on va se coltiner pour encore des ann\u00e9es.<\/p>\n<p style=\"text-align: justify;\">Marges aujourd&rsquo;hui d\u00e9j\u00e0 tr\u00e8s contraintes puisque <a href=\"https:\/\/grenoble-le-changement.fr\/2022\/12\/22\/deplacements-la-grande-arnaque-de-mongaburu-eclate-a-la-metro\/\" rel=\"nofollow noopener\" target=\"_blank\">l&rsquo;endettement du syndicat des transports par Yann Mongaburu (Verts) et son absence d&rsquo;anticipation<\/a> d&rsquo;investissements n\u00e9cessaires freine \u00e9norm\u00e9ment la capacit\u00e9 d&rsquo;action de ses successeurs.<\/p>\n<p>LES ROUGES\/VERTS PROMETTENT EN ESP\u00c9RANT QUE LES AUTRES PAYENT<\/p>\n<p style=\"text-align: justify;\">Madrennes et Belair admettent d&rsquo;ailleurs ne pas avoir d&rsquo;id\u00e9e du co\u00fbt pr\u00e9cis de leur mesure. Mais elles souhaiteraient la financer avec le versement mobilit\u00e9, donc en imposant les entreprises&#8230; du Gr\u00e9sivaudan et du Pays Voironnais, puisque cet imp\u00f4t est d\u00e9j\u00e0 \u00e0 son niveau maximum dans la m\u00e9tropole ! Aucun doute que les \u00e9lus de ces deux territoires appr\u00e9cieront la sortie de nos Rouges\/Vertes qui pr\u00f4nent la \u00ab\u00a0gratuit\u00e9\u00a0\u00bb chez elles, en la faisant financer par les voisins.<\/p>\n<p>LA \u00ab\u00a0GRATUIT\u00c9\u00a0\u00bb SERAIT FINANC\u00c9E PAR LE CONTRIBUABLE&#8230;<\/p>\n<p style=\"text-align: justify;\">Il y a fort \u00e0 parier que les \u00e9lus des communes concern\u00e9es refuseront. Le prix reposerait alors sur la collectivit\u00e9. Pour <a target=\"_blank\" href=\"https:\/\/c.ledauphine.com\/societe\/2025\/09\/10\/si-les-transports-etaient-gratuits-le-week-end-j-irais-plus-au-centre-ville\" rel=\"nofollow noopener\">ne pas faire comme le DL<\/a> qui balance l&rsquo;id\u00e9e de \u00ab\u00a0gratuit\u00e9\u00a0\u00bb aux habitants qui y sont sans surprise plut\u00f4t favorable puisque le journaliste ne leur explique rien du m\u00e9canisme de financement, un d\u00e9bat \u00e9clair\u00e9 consisterait \u00e0 expliquer combien \u00e7a co\u00fbte, et donc au d\u00e9triment de quoi on pourrait la mettre en place. Un ordre de grandeur : la gratuit\u00e9 totale des transports \u00e0 Grenoble est estim\u00e9e \u00e0 60 \u00e0 80 millions d&rsquo;euros soit quasi l&rsquo;\u00e9quivalent de 2x les recettes de la hausse de taxe fonci\u00e8re des Verts.\u00a0<\/p>\n<p><a href=\"https:\/\/grenoble-le-changement.fr\/wp-content\/uploads\/2025\/09\/montpellier-gratuite-bilan.png\" rel=\"lightbox[84623] nofollow noopener\" target=\"_blank\"><img loading=\"lazy\" decoding=\"async\" class=\" wp-image-84634 jetpack-lazy-image\" src=\"https:\/\/grenoble-le-changement.fr\/wp-content\/uploads\/2025\/09\/montpellier-gratuite-bilan-300x88.png\" alt=\"\" width=\"770\" height=\"226\" data-lazy-src=\"https:\/\/www.europesays.com\/fr\/wp-content\/uploads\/2025\/09\/montpellier-gratuite-bilan-300x88.png\" \/><\/a>Montpellier est souvent pris en exemple par les Verts pour la gratuit\u00e9 (alors que le r\u00e9seau y est bien moins fourni qu&rsquo;\u00e0 Grenoble). Le bilan r\u00e9v\u00e8le toutes les failles de l&rsquo;id\u00e9e : d\u00e9gradation de la qualit\u00e9 de l&rsquo;offre et des conditions de travail des employ\u00e9s de l&rsquo;op\u00e9rateur, mod\u00e8le de financement qui entraine un d\u00e9ficit d&rsquo;exploitation paralysant les capacit\u00e9s d&rsquo;investissement pour la maintenance et le d\u00e9veloppement du r\u00e9seau, saturation et probl\u00e8mes de s\u00e9curit\u00e9&#8230;<br \/>\n&#8230; AU D\u00c9TRIMENT D&rsquo;AUTRES POLITIQUES PUBLIQUES<\/p>\n<p style=\"text-align: justify;\">Sur quels investissements rognerait-on ? Les d\u00e9penses relatives au d\u00e9veloppement \u00e9conomique, au traitement des d\u00e9chets, \u00e0 la culture, au d\u00e9veloppement du r\u00e9seau ? Ou augmenterait-on \u00e0 nouveau les imp\u00f4ts qui p\u00e8sent sur les particuliers ou les entreprises ? L&rsquo;ADTC, association pourtant tr\u00e8s proche des Verts ne s&rsquo;y trompe pas avec <a href=\"https:\/\/grenoble-le-changement.fr\/2025\/08\/16\/fausse-gratuite-des-transports-ladtc-se-separe-de-la-majorite-municipale\/\" rel=\"nofollow noopener\" target=\"_blank\">sa prise de position contre la \u00ab\u00a0gratuit\u00e9\u00a0\u00bb<\/a> cette \u00e9t\u00e9 en estimant que cela \u00ab\u00a0rendrait impossibles les extensions pourtant indispensables\u00a0\u00bb. Voil\u00e0 comment devrait-\u00eatre pos\u00e9e la question.<\/p>\n<p>LES PROMESSES R\u00c9P\u00c9T\u00c9ES SONT DE MOINS EN MOINS EFFICACES<\/p>\n<p style=\"text-align: justify;\">Mais rassurez-vous : \u00ab\u00a0il n\u2019y a pas de campagne derri\u00e8re cette tribune\u00a0\u00bb, assurent Jacqueline Madrennes et Margot Belair <a target=\"_blank\" href=\"https:\/\/c.ledauphine.com\/societe\/2025\/09\/10\/si-les-transports-etaient-gratuits-le-week-end-j-irais-plus-au-centre-ville\" rel=\"nofollow noopener\">au Dauphin\u00e9 Lib\u00e9r\u00e9<\/a>. Ouf. C&rsquo;est bien de le pr\u00e9ciser puisque, pure co\u00efncidence, on entend les Verts agiter la \u00ab\u00a0gratuit\u00e9\u00a0\u00bb \u00e0 l&rsquo;approche de chaque \u00e9lection municipale. La diff\u00e9rence \u00e9tant qu&rsquo;apr\u00e8s avoir \u00e9t\u00e9 aux commandes pendant deux mandats sans tenir leurs multiples engagements, les Grenoblois y croient de moins en moins&#8230; et \u00e0 raison, puisque l&rsquo;\u00e9tat financier des collectivit\u00e9s qu&rsquo;ils nous laissent permet de moins en moins de r\u00e9alisations.<\/p>\n<p style=\"text-align: justify;\">La fin de r\u00e8gne est d\u00e9cid\u00e9ment difficile pour les Verts\/LFI, entre divisions internes de plus en plus violentes et incapacit\u00e9 \u00e0 se renouveler, \u00e0 cr\u00e9er un nouveau narratif, qui les conduit \u00e0 r\u00e9pliquer en moins bien leurs vieilles recettes. Vivement la clot\u00fbre de ce mandat interminable.\u00a0<\/p>\n","protected":false},"excerpt":{"rendered":"Posted On 12 septembre 2025 D\u00e9cid\u00e9ment tout est us\u00e9 jusqu&rsquo;\u00e0 la corde chez les Verts. Apr\u00e8s l&rsquo;op\u00e9ration de&hellip;\n","protected":false},"author":2,"featured_media":284748,"comment_status":"","ping_status":"","sticky":false,"template":"","format":"standard","meta":{"footnotes":""},"categories":[9566],"tags":[1111,11,2430,9607,1777,674,1011,27,10230,2731,10136,10612,10613,12,25,13027],"class_list":{"0":"post-386575","1":"post","2":"type-post","3":"status-publish","4":"format-standard","5":"has-post-thumbnail","7":"category-grenoble","8":"tag-actu","9":"tag-actualites","10":"tag-auvergne-rhone-alpes","11":"tag-eric-piolle","12":"tag-eu","13":"tag-europe","14":"tag-fr","15":"tag-france","16":"tag-gilles-namur","17":"tag-grenoble","18":"tag-laurence-ruffin","19":"tag-lucille-lheureux","20":"tag-margot-belair","21":"tag-news","22":"tag-republique-francaise","23":"tag-yann-mongaburu"},"share_on_mastodon":{"url":"https:\/\/pubeurope.com\/@fr\/115194184796201962","error":""},"_links":{"self":[{"href":"https:\/\/www.europesays.com\/fr\/wp-json\/wp\/v2\/posts\/386575","targetHints":{"allow":["GET"]}}],"collection":[{"href":"https:\/\/www.europesays.com\/fr\/wp-json\/wp\/v2\/posts"}],"about":[{"href":"https:\/\/www.europesays.com\/fr\/wp-json\/wp\/v2\/types\/post"}],"author":[{"embeddable":true,"href":"https:\/\/www.europesays.com\/fr\/wp-json\/wp\/v2\/users\/2"}],"replies":[{"embeddable":true,"href":"https:\/\/www.europesays.com\/fr\/wp-json\/wp\/v2\/comments?post=386575"}],"version-history":[{"count":0,"href":"https:\/\/www.europesays.com\/fr\/wp-json\/wp\/v2\/posts\/386575\/revisions"}],"wp:featuredmedia":[{"embeddable":true,"href":"https:\/\/www.europesays.com\/fr\/wp-json\/wp\/v2\/media\/284748"}],"wp:attachment":[{"href":"https:\/\/www.europesays.com\/fr\/wp-json\/wp\/v2\/media?parent=386575"}],"wp:term":[{"taxonomy":"category","embeddable":true,"href":"https:\/\/www.europesays.com\/fr\/wp-json\/wp\/v2\/categories?post=386575"},{"taxonomy":"post_tag","embeddable":true,"href":"https:\/\/www.europesays.com\/fr\/wp-json\/wp\/v2\/tags?post=386575"}],"curies":[{"name":"wp","href":"https:\/\/api.w.org\/{rel}","templated":true}]}}