{"id":386576,"date":"2025-09-13T00:35:19","date_gmt":"2025-09-13T00:35:19","guid":{"rendered":"https:\/\/www.europesays.com\/fr\/386576\/"},"modified":"2025-09-13T00:35:19","modified_gmt":"2025-09-13T00:35:19","slug":"le-departement-dille-et-vilaine-met-en-garde-contre-lintervention-de-faux-agents-a-domicile","status":"publish","type":"post","link":"https:\/\/www.europesays.com\/fr\/386576\/","title":{"rendered":"Le d\u00e9partement d\u2019Ille-et-Vilaine met en garde contre l\u2019intervention de faux agents \u00e0 domicile"},"content":{"rendered":"<p>Un homme sonne \u00e0 l\u2019interphone d\u2019une r\u00e9sidence seniors du secteur de <a href=\"https:\/\/rennes.maville.com\/info\/info-locale\/\" target=\"_self\" rel=\"noopener\">Rennes<\/a> (Ille-et-Vilaine), en se pr\u00e9sentant \u00e0 une retrait\u00e9e comme un agent du d\u00e9partement qui venait la visiter \u00e0 propos de l\u2019APA (l\u2019Allocation personnalis\u00e9e d\u2019autonomie). La sc\u00e8ne peut para\u00eetre banale, mais dans ce cas pr\u00e9cis, l\u2019individu n\u2019est en rien un salari\u00e9 de la collectivit\u00e9.\u00a0Fort heureusement, la personne n\u2019a pas ouvert et a le r\u00e9flexe d\u2019appeler sa fille, qui demande \u00e0 l\u2019homme de partir.<\/p>\n<p><strong>Lire aussi\u00a0:<\/strong> <a href=\"https:\/\/rennes.maville.com\/actu\/actudet_-faux-banquier-faux-coursier-deux-hommes-de-19-ans-amassent-26-000-e-avec-leur-arnaque-a-rennes-_7-6886089_actu.Htm\" target=\"_self\" rel=\"noopener\">Faux banquier, faux coursier\u00a0: deux hommes de 19\u00a0ans amassent 26\u00a0000\u00a0\u20ac avec leur arnaque \u00e0 Rennes<\/a><\/p>\n<p>\u00ab\u00a0Il n\u2019y a jamais de visite inopin\u00e9e\u00a0\u00bb<\/p>\n<p>De quoi pousser le d\u00e9partement d\u2019Ille-et-Vilaine a effectuer un rappel \u00e0 la vigilance et informer que des individus se pr\u00e9sentent actuellement au domicile de personnes \u00e2g\u00e9es, sous ce m\u00eame pr\u00e9texte.<\/p>\n<p>Selon les services du D\u00e9partement, <strong>\u00ab\u00a0une infirmi\u00e8re de la r\u00e9sidence s\u00e9niors a confirm\u00e9 que c\u2019\u00e9tait le premier signalement en Ille-et-Vilaine mais que des faits similaires ont \u00e9t\u00e9 constat\u00e9s dans d\u2019autres d\u00e9partements\u00a0\u00bb<\/strong>. La collectivit\u00e9 tient \u00e0 rappeler qu\u2019avant chaque visite \u00e0 domicile, les personnes sont contact\u00e9es en amont par t\u00e9l\u00e9phone. <strong>\u00ab\u00a0Il n\u2019y a jamais de visite inopin\u00e9e\u00a0\u00bb<\/strong>. En cas de doute, ne laissez entrer personne et signalez cette visite aux services comp\u00e9tents du d\u00e9partement au 02\u00a099\u00a002\u00a035\u00a035.<\/p>\n<p>\u00a0<\/p>\n","protected":false},"excerpt":{"rendered":"Un homme sonne \u00e0 l\u2019interphone d\u2019une r\u00e9sidence seniors du secteur de Rennes (Ille-et-Vilaine), en se pr\u00e9sentant \u00e0 une&hellip;\n","protected":false},"author":2,"featured_media":386577,"comment_status":"","ping_status":"","sticky":false,"template":"","format":"standard","meta":{"footnotes":""},"categories":[2821],"tags":[1111,11,6891,829,9968,15335,1777,674,10483,1011,27,8712,848,19975,3736,12,584,25],"class_list":{"0":"post-386576","1":"post","2":"type-post","3":"status-publish","4":"format-standard","5":"has-post-thumbnail","7":"category-rennes","8":"tag-actu","9":"tag-actualites","10":"tag-agents","11":"tag-bretagne","12":"tag-departement","13":"tag-domicile","14":"tag-eu","15":"tag-europe","16":"tag-faux","17":"tag-fr","18":"tag-france","19":"tag-garde","20":"tag-ille-et-vilaine","21":"tag-intervention","22":"tag-met","23":"tag-news","24":"tag-rennes","25":"tag-republique-francaise"},"share_on_mastodon":{"url":"https:\/\/pubeurope.com\/@fr\/115194188589505382","error":""},"_links":{"self":[{"href":"https:\/\/www.europesays.com\/fr\/wp-json\/wp\/v2\/posts\/386576","targetHints":{"allow":["GET"]}}],"collection":[{"href":"https:\/\/www.europesays.com\/fr\/wp-json\/wp\/v2\/posts"}],"about":[{"href":"https:\/\/www.europesays.com\/fr\/wp-json\/wp\/v2\/types\/post"}],"author":[{"embeddable":true,"href":"https:\/\/www.europesays.com\/fr\/wp-json\/wp\/v2\/users\/2"}],"replies":[{"embeddable":true,"href":"https:\/\/www.europesays.com\/fr\/wp-json\/wp\/v2\/comments?post=386576"}],"version-history":[{"count":0,"href":"https:\/\/www.europesays.com\/fr\/wp-json\/wp\/v2\/posts\/386576\/revisions"}],"wp:featuredmedia":[{"embeddable":true,"href":"https:\/\/www.europesays.com\/fr\/wp-json\/wp\/v2\/media\/386577"}],"wp:attachment":[{"href":"https:\/\/www.europesays.com\/fr\/wp-json\/wp\/v2\/media?parent=386576"}],"wp:term":[{"taxonomy":"category","embeddable":true,"href":"https:\/\/www.europesays.com\/fr\/wp-json\/wp\/v2\/categories?post=386576"},{"taxonomy":"post_tag","embeddable":true,"href":"https:\/\/www.europesays.com\/fr\/wp-json\/wp\/v2\/tags?post=386576"}],"curies":[{"name":"wp","href":"https:\/\/api.w.org\/{rel}","templated":true}]}}