{"id":386580,"date":"2025-09-13T00:37:25","date_gmt":"2025-09-13T00:37:25","guid":{"rendered":"https:\/\/www.europesays.com\/fr\/386580\/"},"modified":"2025-09-13T00:37:25","modified_gmt":"2025-09-13T00:37:25","slug":"un-nouveau-resto-italien-va-bientot-ouvrir-a-lorangerie","status":"publish","type":"post","link":"https:\/\/www.europesays.com\/fr\/386580\/","title":{"rendered":"un nouveau resto italien va bient\u00f4t ouvrir \u00e0 l\u2019Orangerie"},"content":{"rendered":"<p>    <img loading=\"lazy\" width=\"1800\" height=\"900\" src=\"https:\/\/www.europesays.com\/fr\/wp-content\/uploads\/2025\/08\/jeanne-callthepolice.jpg\" class=\"attachment-full size-full\" alt=\"\" id=\"imageLove\" decoding=\"async\"  \/><\/p>\n<p id=\"breadcrumbs\"><a href=\"https:\/\/pokaa.fr\/\" target=\"_blank\" rel=\"noopener\">Accueil<\/a> \/ <a href=\"https:\/\/pokaa.fr\/categories\/les-bonnes-adresses\/\" target=\"_blank\" rel=\"noopener\">Bonnes adresses<\/a> \/ \u00ab La Foglia \u00bb \u00e0 Strasbourg : un nouveau resto italien va bient\u00f4t ouvrir \u00e0 l\u2019Orangerie<\/p>\n<p>                    Bonnes adresses<\/p>\n<p><strong>Vous ne l\u2019avez pas vu venir, mais un tout nouveau restaurant italien va bient\u00f4t ouvrir. Il s\u2019appellera La Foglia, et il est sign\u00e9 par l\u2019\u00e9quipe d\u2019une pizzeria que l\u2019on ne pr\u00e9sente plus : Capricciosa. On vous donne les premi\u00e8res infos sur cette adresse qui ouvrira bient\u00f4t \u00e0 c\u00f4t\u00e9 du parc de l\u2019Orangerie, \u00e0 Strasbourg.\u00a0<\/strong><\/p>\n<p>C\u2019est une <strong>bonne nouvelle pour le quartier de l\u2019Orangerie<\/strong> et ses alentours : un <strong>nouveau restaurant prometteur<\/strong> devrait voir le jour, probablement d\u00e9but octobre, \u00e0 la place de Arnaud &amp; Co. Son petit nom, c\u2019est <strong>La Foglia<\/strong> (\u00ab feuille \u00bb en italien).<\/p>\n<p>Actuellement en travaux pour \u00eatre <strong>retap\u00e9e du sol au plafond<\/strong>, l\u2019adresse a d\u00e9j\u00e0 des arguments pour convaincre et rassembler les habitant(e)s qui, il faut l\u2019avouer, n\u2019ont <strong>pas \u00e9norm\u00e9ment de choix de restos dans leur quartier. <\/strong>Bient\u00f4t, tout \u00e7a va changer.<\/p>\n<p>    <img width=\"800\" height=\"450\" src=\"https:\/\/www.europesays.com\/fr\/wp-content\/uploads\/2025\/09\/les-agenceurs-img-4592-800x450.png\" class=\"attachment-image-size-L size-image-size-L\" alt=\"La foglia restaurant italien Les Agenceurs\" decoding=\"async\" loading=\"lazy\"  \/>         \u00a9 Les Agenceurs \/ Document remis <\/p>\n<p>La Foglia, un nouvel univers et beaucoup d\u2019ambition <\/p>\n<p>En ce moment,<strong> l\u2019\u00e9quipe du Capricciosa<\/strong> et celle des architectes<strong> Les Agenceurs<\/strong> travaillent sur l\u2019ouverture de La Foglia, <strong>un restaurant italien<\/strong> qui ne compte pas faire les choses \u00e0 moiti\u00e9.<\/p>\n<p><strong>Une grande et belle terrasse dans un d\u00e9cor bois\u00e9<\/strong>, de jolies baies vitr\u00e9es, un int\u00e9rieur o\u00f9 le vert et le rose p\u00e2les se m\u00e9langent : <strong>l\u2019humeur s\u2019annonce toute douce<\/strong>, loin du centre-ville.<\/p>\n<p>    <img width=\"800\" height=\"343\" src=\"https:\/\/www.europesays.com\/fr\/wp-content\/uploads\/2025\/09\/les-agenceurs-img-4591-800x343.png\" class=\"attachment-image-size-L size-image-size-L\" alt=\"La foglia restaurant italien Les Agenceurs\" decoding=\"async\" loading=\"lazy\"  \/>         \u00a9 Les Agenceurs \/ Document remis <\/p>\n<p>Au menu ? <strong>Des pizzas qui devraient s\u00e9duire<\/strong> (et qui selon la team Capricciosa devraient encore monter en gamme), <strong>des poissons travaill\u00e9s<\/strong>, <strong>des risottos et des viandes de qualit\u00e9\u2026<\/strong> Bref : <strong>une carte vari\u00e9e et toute en finesse devrait voir le jour<\/strong>, le tout avec <strong>des prix raisonnables. <\/strong>On nous annonce aussi que<strong> le resto devrait ouvrir<\/strong> <strong>7 jours sur 7<\/strong>, midi et soir. Pas mal.<\/p>\n<p>En fait, plein de petits d\u00e9tails mis bout \u00e0 bout semblent faire de ce nouveau resto <strong>une adresse qui donne envie avant m\u00eame son ouverture<\/strong>, mais gardons un peu de myst\u00e8re pour la suite. On vous donne deux projections 3D et une seule photo assez peu parlante, juste histoire que vous puissiez vaguement vous projeter un tout petit peu.<\/p>\n<p>    <img width=\"800\" height=\"600\" src=\"https:\/\/www.europesays.com\/fr\/wp-content\/uploads\/2025\/09\/les-agenceurs-c74dcb1a-8394-4270-a088-b705aa2dc603-800x600.jpg\" class=\"attachment-image-size-L size-image-size-L\" alt=\"La foglia restaurant italien\" decoding=\"async\" loading=\"lazy\"  \/>         \u00a9 Sebastien Fink \/ Document remis <\/p>\n<p>On reviendra dans quelques semaines avec un article complet,<strong> photos et gourmandise \u00e0 l\u2019appui.<\/strong> On l\u2019avoue, <strong>on a h\u00e2te d\u2019entrer en coulisse<\/strong> pour mieux vous parler de ce resto encore en travaux, <strong>que l\u2019on d\u00e9couvrira bient\u00f4t de l\u2019int\u00e9rieur.<\/strong><\/p>\n<p>            La Foglia<\/p>\n<p>            Quoi ?<br \/>\n            Restaurant italien         <\/p>\n<p>            o\u00f9 ?<br \/>\n            6 rue Fran\u00e7ois-Xavier Richter, \u00e0 Strasbourg        <\/p>\n<p>                Plus d&rsquo;infos ?<\/p>\n<p>Plus d\u2019infos \u00e0 venir<\/p>\n","protected":false},"excerpt":{"rendered":"Accueil \/ Bonnes adresses \/ \u00ab La Foglia \u00bb \u00e0 Strasbourg : un nouveau resto italien va bient\u00f4t&hellip;\n","protected":false},"author":2,"featured_media":386581,"comment_status":"","ping_status":"","sticky":false,"template":"","format":"standard","meta":{"footnotes":""},"categories":[2820],"tags":[1111,11,1777,674,51914,1011,27,775,28354,12,4565,25,1340,640],"class_list":{"0":"post-386580","1":"post","2":"type-post","3":"status-publish","4":"format-standard","5":"has-post-thumbnail","7":"category-strasbourg","8":"tag-actu","9":"tag-actualites","10":"tag-eu","11":"tag-europe","12":"tag-foglia","13":"tag-fr","14":"tag-france","15":"tag-grand-est","16":"tag-italien","17":"tag-news","18":"tag-nouveau","19":"tag-republique-francaise","20":"tag-restaurant","21":"tag-strasbourg"},"share_on_mastodon":{"url":"https:\/\/pubeurope.com\/@fr\/115194196677293883","error":""},"_links":{"self":[{"href":"https:\/\/www.europesays.com\/fr\/wp-json\/wp\/v2\/posts\/386580","targetHints":{"allow":["GET"]}}],"collection":[{"href":"https:\/\/www.europesays.com\/fr\/wp-json\/wp\/v2\/posts"}],"about":[{"href":"https:\/\/www.europesays.com\/fr\/wp-json\/wp\/v2\/types\/post"}],"author":[{"embeddable":true,"href":"https:\/\/www.europesays.com\/fr\/wp-json\/wp\/v2\/users\/2"}],"replies":[{"embeddable":true,"href":"https:\/\/www.europesays.com\/fr\/wp-json\/wp\/v2\/comments?post=386580"}],"version-history":[{"count":0,"href":"https:\/\/www.europesays.com\/fr\/wp-json\/wp\/v2\/posts\/386580\/revisions"}],"wp:featuredmedia":[{"embeddable":true,"href":"https:\/\/www.europesays.com\/fr\/wp-json\/wp\/v2\/media\/386581"}],"wp:attachment":[{"href":"https:\/\/www.europesays.com\/fr\/wp-json\/wp\/v2\/media?parent=386580"}],"wp:term":[{"taxonomy":"category","embeddable":true,"href":"https:\/\/www.europesays.com\/fr\/wp-json\/wp\/v2\/categories?post=386580"},{"taxonomy":"post_tag","embeddable":true,"href":"https:\/\/www.europesays.com\/fr\/wp-json\/wp\/v2\/tags?post=386580"}],"curies":[{"name":"wp","href":"https:\/\/api.w.org\/{rel}","templated":true}]}}