{"id":386584,"date":"2025-09-13T00:39:12","date_gmt":"2025-09-13T00:39:12","guid":{"rendered":"https:\/\/www.europesays.com\/fr\/386584\/"},"modified":"2025-09-13T00:39:12","modified_gmt":"2025-09-13T00:39:12","slug":"une-boite-de-nuit-rend-la-vie-impossible-a-ces-habitants","status":"publish","type":"post","link":"https:\/\/www.europesays.com\/fr\/386584\/","title":{"rendered":"une bo\u00eete de nuit rend la vie impossible \u00e0 ces habitants"},"content":{"rendered":"<p>            Par<br \/>\n        <strong><br \/>\n            <a href=\"https:\/\/actu.fr\/auteur\/manon-reinhardt\" title=\"Consulter tous les articles de Manon Reinhardt\" target=\"_blank\" rel=\"noopener\">Manon Reinhardt<\/a><br \/>\n        <\/strong><\/p>\n<p>        Publi\u00e9 le<\/p>\n<p>            12 sept. 2025 \u00e0 16h38        <\/p>\n<p>Klaxons, rassemblements, cris, points de drogue, rixes\u2026 Charlotte* n\u2019en finit plus d\u2019\u00e9num\u00e9rer les nuisances auxquelles elle est confront\u00e9e presque toutes les nuits. Cette habitante vit dans le tr\u00e8s pris\u00e9 Carr\u00e9 d\u2019or, sur l\u2019avenue H\u00f4tel des Postes pr\u00e8s de la place Mass\u00e9na \u00e0 <a href=\"https:\/\/actu.fr\/provence-alpes-cote-d-azur\/nice_06088\" target=\"_blank\" rel=\"noopener\">Nice<\/a> (<a href=\"https:\/\/actu.fr\/provence-alpes-cote-d-azur\/alpes-maritimes_06\" target=\"_blank\" rel=\"noopener\">Alpes-Maritimes<\/a>). <strong>Mais son quotidien s\u2019est transform\u00e9 en v\u00e9ritable cauchemar<\/strong>. La cause\u2009? Une bo\u00eete de nuit, \u00e0 quelques m\u00e8tres de chez elle. Au bout du rouleau, elle a engag\u00e9 un avocat qui constitue un dossier. T\u00e9moignage.<\/p>\n<p>Cris, regroupements, musique \u00e0 fond, protoxyde d\u2019azote\u2026<\/p>\n<p class=\" wall-content\">Charlotte a toujours v\u00e9cu en c\u0153ur de ville. Le bruit, elle conna\u00eet. Mais les nuisances nocturnes qu\u2019elle explique subir lui sont devenues insupportables. Son double vitrage en \u00e9tage \u00e9lev\u00e9 ne parvient plus \u00e0 contenir <strong>les cris et les coups de klaxon<\/strong> en pleine nuit. Elle raconte comment la discoth\u00e8que 305 Vice Club \u2013 anciennement Maze \u2013 lui fait vivre un v\u00e9ritable enfer.<\/p>\n<p class=\" wall-content\">C\u2019est en 2019 qu\u2019elle emm\u00e9nage tout proche de l\u2019\u00e9tablissement. Mais depuis des mois, les nuisances sont mont\u00e9es d\u2019un cran. \u00ab\u2009\u00c7a a commenc\u00e9 \u00e0 repartir en live en octobre dernier quand il y a eu une tr\u00e8s grosse rixe\u2009\u00bb, retrace-t-elle.<\/p>\n<p class=\" wall-content\">Elle d\u00e9crit des rassemblements<strong> entre 3h et 6h du matin<\/strong>, des hurlements, des coups de klaxon, du \u00ab\u2009rap \u00e0 fond\u2009\u00bb provenant des v\u00e9hicules des clients, des bagarres, des \u00ab\u2009kebabs sauvages\u2009\u00bb et plus r\u00e9cemment, l\u2019apparition de points de vente de protoxyde d\u2019azote \u00ab\u2009sous les cam\u00e9ras de surveillance\u2009\u00bb.<\/p>\n<p class=\" wall-content\">\n    <img   decoding=\"async\" loading=\"lazy\" src=\"https:\/\/www.europesays.com\/fr\/wp-content\/uploads\/2025\/09\/chauvain-nice-1-960x640.jpeg\" alt=\"La discoth\u00e8que est situ\u00e9e dans la rue Chauvain en plein centre de Nice, \u00e0 deux pas de la place Mass\u00e9na.\" width=\"960\" height=\"640\"\/><br \/>\n    La discoth\u00e8que est situ\u00e9e dans la rue Chauvain en plein centre de Nice, \u00e0 deux pas de la place Mass\u00e9na. (\u00a9Manon Reinhardt \/ actu Nice)<br \/>\n    <img   decoding=\"async\" loading=\"lazy\" src=\"https:\/\/www.europesays.com\/fr\/wp-content\/uploads\/2025\/09\/chauvain-nice-2-960x640.jpeg\" alt=\"Des points de deal de protoxyde d'azote s'installeraient r\u00e9guli\u00e8rement \u00e0 l'angle de la rue, sous la cam\u00e9ra de surveillance.\" width=\"960\" height=\"640\"\/><br \/>\n    Des points de deal de protoxyde d\u2019azote s\u2019installeraient r\u00e9guli\u00e8rement \u00e0 l\u2019angle de la rue, sous la cam\u00e9ra de surveillance. (\u00a9Manon Reinhardt \/ actu Nice)<\/p>\n<p>La discoth\u00e8que d\u00e9j\u00e0 avertie par la mairie<\/p>\n<p class=\" wall-content\">\u00ab\u2009On retrouve des bouteilles, des ballons sur le trottoir\u2009\u00bb, poursuit-elle. Du mardi au samedi, Charlotte est extraite de son sommeil. \u00ab\u2009Les cons\u00e9quences, ce sont la fatigue d\u2019abord. Je suis cheffe d\u2019entreprise, j\u2019ai deux enfants. Quand on ne dort plus, c\u2019est difficile. Puis l\u2019impact sur ma sant\u00e9 mentale bien s\u00fbr.\u2009\u00bb<\/p>\n<p class=\" wall-content\">Et elle n\u2019est pas la seule \u00e0 se plaindre. La Ni\u00e7oise a d\u00e9cid\u00e9 de faire appel \u00e0 un avocat afin d\u2019entamer une proc\u00e9dure collective. <strong>Proc\u00e9dure qu\u2019elle paie de sa poche.<\/strong> Elle a recueilli une quinzaine de t\u00e9moignages de voisins, commer\u00e7ants ou encore h\u00f4teliers, eux aussi g\u00ean\u00e9s par les clients de l\u2019\u00e9tablissement.<\/p>\n<p class=\" wall-content\">En juillet dernier, le 305 Vice Club a re\u00e7u un avertissement de la mairie de Nice, le mena\u00e7ant de fermeture administrative \u00ab\u2009en cas de nouvelles infractions\u2009\u00bb.<\/p>\n<p>Votre r\u00e9gion, votre actu !<\/p>\n<p>Recevez chaque jour les infos qui comptent pour vous.<\/p>\n<p>\t<a href=\"https:\/\/actu.fr\/newsletter\" class=\"ac-btn ac-btn--corner ac-btn--medium ac-btn--blue800\" target=\"_blank\" rel=\"noopener\">S&rsquo;incrire<\/a><br \/>\nUn deuxi\u00e8me club arrive bient\u00f4t\u2026 \u00e0 c\u00f4t\u00e9<\/p>\n<p class=\" wall-content\">Dans un courrier\u00a0adress\u00e9 \u00e0 l\u2019avocat de Charlotte, qu\u2019actu Nice a pu consulter, les services municipaux mentionnent que l\u2019exploitant de la discoth\u00e8que \u00ab\u2009s\u2019est engag\u00e9 \u00e0 sensibiliser l\u2019ensemble de son personnel, et notamment son service de s\u00e9curit\u00e9, mais aussi \u00e0 pr\u00e9venir tout comportement ou regroupement susceptible de g\u00e9n\u00e9rer des nuisances sonores ou troubles \u00e0 l\u2019ordre public, et particuli\u00e8rement lors des sorties de client\u00e8le\u2009\u00bb.<\/p>\n<p class=\" wall-content\">Probl\u00e8me, la riveraine dit n\u2019avoir constat\u00e9 <strong>aucune am\u00e9lioration depuis<\/strong>. Elle continue \u00e0 filmer \u00ab\u2009syst\u00e9matiquement\u2009\u00bb les incivilit\u00e9s. Cette derni\u00e8re est d\u2019autant plus inqui\u00e8te qu\u2019un second \u00e9tablissement de nuit va bient\u00f4t s\u2019installer juste \u00e0 c\u00f4t\u00e9 du 305 Vice Club.<\/p>\n<p>    <a href=\"https:\/\/www.google.com\/maps\/embed?pb=!4v1757604727348!6m8!1m7!1sCpL2qw2JfhOBtA50Yn3Jyw!2m2!1d43.69911036331464!2d7.271011774434146!3f92.5453396452322!4f-0.6290869051164378!5f0.7820865974627469\" title=\"Ouvrie le lien\" target=\"_blank\" rel=\"noopener\">Cliquez ici pour visualiser le contenu<\/a><\/p>\n<p class=\" wall-content\">Madame Arthur, c\u00e9l\u00e8bre cabaret parisien, <a href=\"https:\/\/actu.fr\/provence-alpes-cote-d-azur\/nice_06088\/nice-cet-immeuble-du-centre-ville-va-changer-et-le-projet-est-grandiose_60847335.html\" target=\"_blank\" rel=\"noopener\">va prendre ses quartiers dans l\u2019ancienne Bodeguita<\/a>. Le lieu devrait se transformer en club apr\u00e8s ses spectacles. \u00ab\u2009Je ne comprends pas comment la Ville a pu lui d\u00e9livrer la m\u00eame autorisation d\u2019ouverture de nuit\u2009\u00bb, pointe la Ni\u00e7oise.<\/p>\n<p>    <img   decoding=\"async\" loading=\"lazy\" src=\"https:\/\/www.europesays.com\/fr\/wp-content\/uploads\/2025\/09\/chauvain-nice-1-1-960x640.jpeg\" alt=\"Les commer\u00e7ants ramassent r\u00e9guli\u00e8rement des d\u00e9chets sur le trottoir le matin, provenant de la discoth\u00e8que.  \" width=\"960\" height=\"640\"\/><br \/>\n    Les commer\u00e7ants ramassent r\u00e9guli\u00e8rement des d\u00e9chets sur le trottoir le matin, provenant de la discoth\u00e8que. (\u00a9Manon Reinhardt \/ actu Nice)\u00ab\u2009Je ne l\u00e2cherai pas le morceau\u2009\u00bb<\/p>\n<p class=\" wall-content\">\u00ab\u2009J\u2019adore mon quartier, j\u2019adore mon appartement, tout le monde s\u2019entend bien, les habitants et les commer\u00e7ants, mais ce club est une verrue. Les h\u00f4tels ont essay\u00e9 de discuter avec eux mais ils n\u2019en ont rien \u00e0 faire\u2009\u00bb, jure-t-elle. Certains voisins auraient m\u00eame d\u00e9cid\u00e9 de <strong>d\u00e9m\u00e9nager<\/strong>.<\/p>\n<p class=\" wall-content\">Elle est d\u00e9sormais pr\u00eate \u00e0 aller en justice. Preuves \u00e0 l\u2019appui. \u00ab\u2009Pas le choix, et je ne l\u00e2cherai pas le morceau.\u2009\u00bb Contact\u00e9, l\u2019\u00e9tablissement n\u2019a pas r\u00e9pondu \u00e0 notre r\u00e9daction.<\/p>\n<p>Les d\u00e9chets finissent devant la pharmacie<\/p>\n<p>Interrog\u00e9e par actu Nice, Anne, qui tient la pharmacie \u00e0 l&rsquo;angle H\u00f4tel des Postes\/Chauvain, confirme le ras-le-bol. Si elle n&rsquo;est pas impact\u00e9e par les nuisances nocturnes, elle retrouve chaque matin les stigmates de la nuit pass\u00e9e devant son commerce. <\/p>\n<p>\u00ab\u00a0Nous, il faut que l&rsquo;on nettoie tous les matins. Les m\u00e9gots, les bouteilles d&rsquo;alcool, des boissons dont on ne sait pas ce qu&rsquo;il y a dedans, des ballons de protoxyde d&rsquo;azote, c&rsquo;est d\u00e9go\u00fbtant. Devant la pharmacie, partout\u00a0\u00bb, raconte-t-elle. \u00ab\u00a0Quand c&rsquo;est trop important, on appelle les services de la Ville pour qu&rsquo;ils viennent nettoyer.\u00a0\u00bb Plus largement, elle estime que le quartier \u00ab\u00a0s&rsquo;est d\u00e9grad\u00e9\u00a0\u00bb depuis plusieurs ann\u00e9es.<\/p>\n<p class=\" wall-content\"><strong>*Le pr\u00e9nom a \u00e9t\u00e9 modifi\u00e9<\/strong><\/p>\n<p class=\" wall-content\">Personnalisez votre actualit\u00e9 en ajoutant vos villes et m\u00e9dias en favori avec <a href=\"https:\/\/moncompte.actu.fr\" title=\"D\u00e9couvez Mon Actu\" rel=\"nofollow noopener\" data-trk=\"{&quot;cta&quot;:{&quot;action&quot;:&quot;https:\\\/\\\/moncompte.actu.fr&quot;,&quot;category&quot;:&quot;mon compte&quot;,&quot;from&quot;:&quot;article footer&quot;,&quot;name&quot;:&quot;Mon actu&quot;,&quot;type&quot;:&quot;cta&quot;}}\" target=\"_blank\">Mon Actu<\/a>.<\/p>\n","protected":false},"excerpt":{"rendered":"Par Manon Reinhardt Publi\u00e9 le 12 sept. 2025 \u00e0 16h38 Klaxons, rassemblements, cris, points de drogue, rixes\u2026 Charlotte*&hellip;\n","protected":false},"author":2,"featured_media":386585,"comment_status":"","ping_status":"","sticky":false,"template":"","format":"standard","meta":{"footnotes":""},"categories":[2819],"tags":[1111,11,5702,1052,1777,674,1011,27,12,2401,1072,882,25,104],"class_list":{"0":"post-386584","1":"post","2":"type-post","3":"status-publish","4":"format-standard","5":"has-post-thumbnail","7":"category-nice","8":"tag-actu","9":"tag-actualites","10":"tag-alcool","11":"tag-drogue","12":"tag-eu","13":"tag-europe","14":"tag-fr","15":"tag-france","16":"tag-news","17":"tag-nice","18":"tag-police","19":"tag-provence-alpes-cote-dazur","20":"tag-republique-francaise","21":"tag-societe"},"share_on_mastodon":{"url":"https:\/\/pubeurope.com\/@fr\/115194204314497360","error":""},"_links":{"self":[{"href":"https:\/\/www.europesays.com\/fr\/wp-json\/wp\/v2\/posts\/386584","targetHints":{"allow":["GET"]}}],"collection":[{"href":"https:\/\/www.europesays.com\/fr\/wp-json\/wp\/v2\/posts"}],"about":[{"href":"https:\/\/www.europesays.com\/fr\/wp-json\/wp\/v2\/types\/post"}],"author":[{"embeddable":true,"href":"https:\/\/www.europesays.com\/fr\/wp-json\/wp\/v2\/users\/2"}],"replies":[{"embeddable":true,"href":"https:\/\/www.europesays.com\/fr\/wp-json\/wp\/v2\/comments?post=386584"}],"version-history":[{"count":0,"href":"https:\/\/www.europesays.com\/fr\/wp-json\/wp\/v2\/posts\/386584\/revisions"}],"wp:featuredmedia":[{"embeddable":true,"href":"https:\/\/www.europesays.com\/fr\/wp-json\/wp\/v2\/media\/386585"}],"wp:attachment":[{"href":"https:\/\/www.europesays.com\/fr\/wp-json\/wp\/v2\/media?parent=386584"}],"wp:term":[{"taxonomy":"category","embeddable":true,"href":"https:\/\/www.europesays.com\/fr\/wp-json\/wp\/v2\/categories?post=386584"},{"taxonomy":"post_tag","embeddable":true,"href":"https:\/\/www.europesays.com\/fr\/wp-json\/wp\/v2\/tags?post=386584"}],"curies":[{"name":"wp","href":"https:\/\/api.w.org\/{rel}","templated":true}]}}