{"id":386588,"date":"2025-09-13T00:41:12","date_gmt":"2025-09-13T00:41:12","guid":{"rendered":"https:\/\/www.europesays.com\/fr\/386588\/"},"modified":"2025-09-13T00:41:12","modified_gmt":"2025-09-13T00:41:12","slug":"retour-dans-leur-ecole-pour-les-eleves-de-champenois-a-nantes","status":"publish","type":"post","link":"https:\/\/www.europesays.com\/fr\/386588\/","title":{"rendered":"Retour dans leur \u00e9cole pour les \u00e9l\u00e8ves de Champenois, \u00e0 Nantes"},"content":{"rendered":"<p>Les \u00e9l\u00e8ves de l\u2019\u00e9cole Champenois, quartier Dalby, \u00e0 Nantes, ont retrouv\u00e9 comme pr\u00e9vu, ce vendredi 12\u00a0septembre, leurs salles de classe. <a href=\"https:\/\/nantes.maville.com\/actu\/actudet_-a-nantes-une-ecole-infestee-de-puces-les-eleves-evacues-_52716-6971053_actu.Htm\" target=\"_self\" rel=\"noopener\">Ils avaient d\u00fb d\u00e9serter l\u2019\u00e9cole, en raison d\u2019une invasion de puces,<\/a> d\u00e9couverte jeudi 3\u00a0septembre, dans une des salles du p\u00e9riscolaire. Puis lundi, dans d\u2019autres salles. Un traitement a \u00e9t\u00e9 effectu\u00e9 mardi et mercredi, l\u2019entreprise sp\u00e9cialis\u00e9e n\u2019\u00e9tant pas disponible le week-end.<\/p>\n<p>Durant ces quelques jours, les enfants ont \u00e9t\u00e9 accueillis dans l\u2019\u00e9cole Alice-Guy, dans le quartier de l\u2019ex-caserne Mellinet.<\/p>\n<p>\u00a0<\/p>\n","protected":false},"excerpt":{"rendered":"Les \u00e9l\u00e8ves de l\u2019\u00e9cole Champenois, quartier Dalby, \u00e0 Nantes, ont retrouv\u00e9 comme pr\u00e9vu, ce vendredi 12\u00a0septembre, leurs salles&hellip;\n","protected":false},"author":2,"featured_media":386589,"comment_status":"","ping_status":"","sticky":false,"template":"","format":"standard","meta":{"footnotes":""},"categories":[2818],"tags":[1111,11,51915,1122,1121,1777,674,1011,27,766,12,2636,25,8133],"class_list":{"0":"post-386588","1":"post","2":"type-post","3":"status-publish","4":"format-standard","5":"has-post-thumbnail","7":"category-nantes","8":"tag-actu","9":"tag-actualites","10":"tag-champenois","11":"tag-ecole","12":"tag-eleves","13":"tag-eu","14":"tag-europe","15":"tag-fr","16":"tag-france","17":"tag-nantes","18":"tag-news","19":"tag-pays-de-la-loire","20":"tag-republique-francaise","21":"tag-retour"},"share_on_mastodon":{"url":"https:\/\/pubeurope.com\/@fr\/115194212121429107","error":""},"_links":{"self":[{"href":"https:\/\/www.europesays.com\/fr\/wp-json\/wp\/v2\/posts\/386588","targetHints":{"allow":["GET"]}}],"collection":[{"href":"https:\/\/www.europesays.com\/fr\/wp-json\/wp\/v2\/posts"}],"about":[{"href":"https:\/\/www.europesays.com\/fr\/wp-json\/wp\/v2\/types\/post"}],"author":[{"embeddable":true,"href":"https:\/\/www.europesays.com\/fr\/wp-json\/wp\/v2\/users\/2"}],"replies":[{"embeddable":true,"href":"https:\/\/www.europesays.com\/fr\/wp-json\/wp\/v2\/comments?post=386588"}],"version-history":[{"count":0,"href":"https:\/\/www.europesays.com\/fr\/wp-json\/wp\/v2\/posts\/386588\/revisions"}],"wp:featuredmedia":[{"embeddable":true,"href":"https:\/\/www.europesays.com\/fr\/wp-json\/wp\/v2\/media\/386589"}],"wp:attachment":[{"href":"https:\/\/www.europesays.com\/fr\/wp-json\/wp\/v2\/media?parent=386588"}],"wp:term":[{"taxonomy":"category","embeddable":true,"href":"https:\/\/www.europesays.com\/fr\/wp-json\/wp\/v2\/categories?post=386588"},{"taxonomy":"post_tag","embeddable":true,"href":"https:\/\/www.europesays.com\/fr\/wp-json\/wp\/v2\/tags?post=386588"}],"curies":[{"name":"wp","href":"https:\/\/api.w.org\/{rel}","templated":true}]}}