{"id":386606,"date":"2025-09-13T00:51:17","date_gmt":"2025-09-13T00:51:17","guid":{"rendered":"https:\/\/www.europesays.com\/fr\/386606\/"},"modified":"2025-09-13T00:51:17","modified_gmt":"2025-09-13T00:51:17","slug":"de-la-pluie-et-du-soleil-en-auvergne-rhone-alpes-meteo-mitigee-pour-ce-week-end","status":"publish","type":"post","link":"https:\/\/www.europesays.com\/fr\/386606\/","title":{"rendered":"De la pluie et du soleil en Auvergne-Rh\u00f4ne-Alpes : m\u00e9t\u00e9o mitig\u00e9e pour ce week-end"},"content":{"rendered":"<p>Pour ce week-end, la m\u00e9t\u00e9o sera globalement mitig\u00e9e en Auvergne-Rh\u00f4ne-Alpes. Le samedi risque d&rsquo;\u00eatre nuageux et pluvieux, avant le retour du soleil le dimanche.<\/p>\n<p>Comment le ciel va-t-il se comporter pour ce week-end du 13 et du 14 septembre ? La m\u00e9t\u00e9o sera plut\u00f4t mitig\u00e9e en Auvergne-Rh\u00f4ne-Alpes.<\/p>\n<p>Lyon<\/p>\n<p>Samedi 13 septembre<\/p>\n<p>La journ\u00e9e de samedi sera plut\u00f4t nuageuse, avec de l\u00e9g\u00e8res \u00e9claircies l&rsquo;apr\u00e8s-midi. Les temp\u00e9ratures seront aux alentours des 20 degr\u00e9s : avec <b>18 degr\u00e9s<\/b> le matin, <b>22 degr\u00e9s<\/b> l&rsquo;apr\u00e8s-midi.<\/p>\n<p>Dimanche 14 septembre<\/p>\n<p>Pour dimanche, le soleil devrait briller dans le ciel lyonnais, avec de belles \u00e9claircies le matin et un ciel d\u00e9gag\u00e9 l&rsquo;apr\u00e8s-midi. Il fera <b>jusqu&rsquo;\u00e0<\/b> <b>26 degr\u00e9s<\/b>.<\/p>\n<p>Bourg-en-Bresse<\/p>\n<p>Samedi 13 septembre<\/p>\n<p>La m\u00e9t\u00e9o du week-end sera mitig\u00e9e \u00e0 Bourg-en-Bresse. Samedi, il y aura un ciel couvert et quelques \u00e9claircies. Dans la soir\u00e9e, de faibles pluies sont attendues dans l&rsquo;agglom\u00e9ration burgienne. Il fera <b>jusqu&rsquo;\u00e0 22 degr\u00e9s<\/b>.<\/p>\n<p>Dimanche 14 septembre<\/p>\n<p>Dimanche, le ciel sera globalement nuageux le matin, avant de belles \u00e9claircies l&rsquo;apr\u00e8s-midi. C\u00f4t\u00e9 temp\u00e9ratures, il fera <b>jusqu&rsquo;\u00e0 26 degr\u00e9s<\/b>.<\/p>\n<p>Grenoble<\/p>\n<p>Samedi 13 septembre<\/p>\n<p>Une journ\u00e9e pluvieuse pour la journ\u00e9e de samedi dans l&rsquo;agglom\u00e9ration grenobloise, avec des pluies faibles jusqu&rsquo;au soir. Comptez <b>jusqu&rsquo;\u00e0<\/b> <b>23 degr\u00e9s<\/b> dans l&rsquo;apr\u00e8s-midi.<\/p>\n<p>Dimanche 14 septembre<\/p>\n<p>Pour dimanche, la m\u00e9t\u00e9o sera propice aux balades en ext\u00e9rieur, avec un ciel voil\u00e9 en matin\u00e9e, puis un ciel quasiment d\u00e9gag\u00e9 dans l&rsquo;apr\u00e8s-midi.<\/p>\n<p>Les temp\u00e9ratures vont largement remonter : <b>19 degr\u00e9s<\/b> le matin et <b>jusqu&rsquo;\u00e0 28 degr\u00e9s<\/b> dans l&rsquo;apr\u00e8s-midi.<\/p>\n<p>Saint-\u00c9tienne<\/p>\n<p>Samedi 13 septembre<\/p>\n<p>Un temps pluvieux et nuageux attend les St\u00e9phanois pour ce samedi. Avec une pluie faible le matin, puis un ciel tr\u00e8s nuageux jusqu&rsquo;\u00e0 la fin de la journ\u00e9e.<\/p>\n<p>C\u00f4t\u00e9 temp\u00e9ratures, comptez <b>17 degr\u00e9s<\/b> le matin et <b>jusqu&rsquo;\u00e0 20 degr\u00e9s<\/b> l&rsquo;apr\u00e8s-midi.<\/p>\n<p>Dimanche 14 septembre<\/p>\n<p>Dimanche, le soleil fera son retour dans le ciel. Avec des \u00e9claircies le matin et un ciel peu nuageux dans l&rsquo;apr\u00e8s-midi. Le mercure va remonter : <b>17 degr\u00e9s<\/b> le matin et <b>jusqu&rsquo;\u00e0 25 degr\u00e9s<\/b> l&rsquo;apr\u00e8s-midi.<\/p>\n<p>Le Puy-en-Velay<\/p>\n<p>Samedi 13 septembre<\/p>\n<p>Le samedi sera pluvieux dans la cit\u00e9 ponote, avec de faibles averses. C\u00f4t\u00e9 temp\u00e9ratures, il fera <b>14 degr\u00e9s<\/b> le matin et <b>19 degr\u00e9s maximum<\/b> samedi apr\u00e8s-midi.<\/p>\n<p>Dimanche 14 septembre<\/p>\n<p>Pour la journ\u00e9e du dimanche, le beau devrait \u00eatre de retour. Avec des \u00e9claircies le matin, puis le ciel qui se d\u00e9gage au fur et \u00e0 mesure de l&rsquo;apr\u00e8s-midi.<\/p>\n<p>Les temp\u00e9ratures remonteront l\u00e9g\u00e8rement, avec <b>14 degr\u00e9s<\/b> le matin et<b>\u00a0jusqu&rsquo;\u00e0 22 degr\u00e9s<\/b> l&rsquo;apr\u00e8s-midi.<\/p>\n<p>Clermont-Ferrand<\/p>\n<p>Samedi 13 septembre<\/p>\n<p>Pour la journ\u00e9e de samedi, le ciel sera particuli\u00e8rement couvert, avec quelques \u00e9claircies. Les temp\u00e9ratures d\u00e9passeront les <b>20 degr\u00e9s<\/b> : il fera 17 degr\u00e9s le matin et <b>jusqu&rsquo;\u00e0 22 degr\u00e9s<\/b> l&rsquo;apr\u00e8s-midi<\/p>\n<p>Dimanche 14 septembre<\/p>\n<p>Dimanche, le temps sera variable le matin avant de possibles averses dans l&rsquo;apr\u00e8s-midi.\u00a0<\/p>\n<p>Attention aussi au vent qui devrait se lever. Des rafales de 40 km\/h sont attendus dans la deuxi\u00e8me partie de la journ\u00e9e. C\u00f4t\u00e9 temp\u00e9ratures, il fera un peu plus chaud : <b>17 degr\u00e9s<\/b> le matin et <b>jusqu&rsquo; 23 degr\u00e9s<\/b> l&rsquo;apr\u00e8s-midi.<\/p>\n<p><img loading=\"lazy\" decoding=\"async\" src=\"https:\/\/www.europesays.com\/fr\/wp-content\/uploads\/2025\/09\/1757724677_827_img\" width=\"350\" height=\"200\" border=\"0\" title=\"Les plus beaux centres-villes commer\u00c3\u00a7ants de France\"\/><\/p>\n<p>\u25baCulture<\/p>\n<p style=\"font-size: 22px;\"><b>Le centre-ville de votre commune sera-t-il le plus beau de France ?<\/b><\/p>\n<p>Cette ann\u00e9e, c&rsquo;est la 5e \u00e9dition du concours photo&#8230;<\/p>\n<p><\/p>\n","protected":false},"excerpt":{"rendered":"Pour ce week-end, la m\u00e9t\u00e9o sera globalement mitig\u00e9e en Auvergne-Rh\u00f4ne-Alpes. Le samedi risque d&rsquo;\u00eatre nuageux et pluvieux, avant&hellip;\n","protected":false},"author":2,"featured_media":386607,"comment_status":"","ping_status":"","sticky":false,"template":"","format":"standard","meta":{"footnotes":""},"categories":[1889],"tags":[1111,11,30026,2430,29600,9050,1777,674,1011,27,2731,10444,2428,12,25,9920],"class_list":{"0":"post-386606","1":"post","2":"type-post","3":"status-publish","4":"format-standard","5":"has-post-thumbnail","7":"category-lyon","8":"tag-actu","9":"tag-actualites","10":"tag-auvergne-rhne-alpes","11":"tag-auvergne-rhone-alpes","12":"tag-bourg","13":"tag-clermont-ferrand","14":"tag-eu","15":"tag-europe","16":"tag-fr","17":"tag-france","18":"tag-grenoble","19":"tag-le-puy-en-velay","20":"tag-lyon","21":"tag-news","22":"tag-republique-francaise","23":"tag-saint-tienne"},"share_on_mastodon":{"url":"https:\/\/pubeurope.com\/@fr\/115194251519575256","error":""},"_links":{"self":[{"href":"https:\/\/www.europesays.com\/fr\/wp-json\/wp\/v2\/posts\/386606","targetHints":{"allow":["GET"]}}],"collection":[{"href":"https:\/\/www.europesays.com\/fr\/wp-json\/wp\/v2\/posts"}],"about":[{"href":"https:\/\/www.europesays.com\/fr\/wp-json\/wp\/v2\/types\/post"}],"author":[{"embeddable":true,"href":"https:\/\/www.europesays.com\/fr\/wp-json\/wp\/v2\/users\/2"}],"replies":[{"embeddable":true,"href":"https:\/\/www.europesays.com\/fr\/wp-json\/wp\/v2\/comments?post=386606"}],"version-history":[{"count":0,"href":"https:\/\/www.europesays.com\/fr\/wp-json\/wp\/v2\/posts\/386606\/revisions"}],"wp:featuredmedia":[{"embeddable":true,"href":"https:\/\/www.europesays.com\/fr\/wp-json\/wp\/v2\/media\/386607"}],"wp:attachment":[{"href":"https:\/\/www.europesays.com\/fr\/wp-json\/wp\/v2\/media?parent=386606"}],"wp:term":[{"taxonomy":"category","embeddable":true,"href":"https:\/\/www.europesays.com\/fr\/wp-json\/wp\/v2\/categories?post=386606"},{"taxonomy":"post_tag","embeddable":true,"href":"https:\/\/www.europesays.com\/fr\/wp-json\/wp\/v2\/tags?post=386606"}],"curies":[{"name":"wp","href":"https:\/\/api.w.org\/{rel}","templated":true}]}}