{"id":38661,"date":"2025-04-20T10:35:11","date_gmt":"2025-04-20T10:35:11","guid":{"rendered":"https:\/\/www.europesays.com\/fr\/38661\/"},"modified":"2025-04-20T10:35:11","modified_gmt":"2025-04-20T10:35:11","slug":"un-nouveau-president-au-credit-mutuel-de-loire-atlantique-et-du-centre-ouest","status":"publish","type":"post","link":"https:\/\/www.europesays.com\/fr\/38661\/","title":{"rendered":"Un nouveau pr\u00e9sident au Cr\u00e9dit Mutuel de Loire-Atlantique et du centre ouest"},"content":{"rendered":"<p>M\u00e9decin nantais retrait\u00e9, Alain Boye vient d\u2019\u00eatre \u00e9lu pr\u00e9sident du <a href=\"https:\/\/www.ouest-france.fr\/economie\/entreprises\/credit-mutuel\/\" target=\"_blank\" rel=\"noopener\">Cr\u00e9dit Mutuel<\/a> de Loire-Atlantique et du centre ouest.<\/p>\n<p>Alain Boye\u00a0est administrateur de la Caisse de Nantes cath\u00e9drale depuis 2012 et\u00a0de la Caisse r\u00e9gionale et de la F\u00e9d\u00e9ration du Cr\u00e9dit Mutuel de Loire-Atlantique et du centre ouest depuis 2018. Il succ\u00e8de \u00e0 Alain T\u00eatedoie, qui a \u00e9t\u00e9 pr\u00e9sident pendant dix-neuf\u00a0ans.<\/p>\n<p>744\u00a0000\u00a0soci\u00e9taires et clients<\/p>\n<p>Le Cr\u00e9dit Mutuel de Loire-Atlantique et du centre ouest, est une banque \u00e0 statut coop\u00e9ratif, qui intervient dans les d\u00e9partements de la Loire-Atlantique, du nord des Deux-S\u00e8vres, de la Vienne, de la Haute-Vienne, de la Corr\u00e8ze et de la Creuse, avec un r\u00e9seau de 109\u00a0caisses locales. Il compte\u00a0744\u00a0000\u00a0soci\u00e9taires et clients.<\/p>\n<p>Il emploie 1\u00a0723\u00a0personnels et compte, parmi ses clients soci\u00e9taires, 1\u00a0050\u00a0administratrices et administrateurs b\u00e9n\u00e9voles.<\/p>\n<p>\u00a0<\/p>\n","protected":false},"excerpt":{"rendered":"M\u00e9decin nantais retrait\u00e9, Alain Boye vient d\u2019\u00eatre \u00e9lu pr\u00e9sident du Cr\u00e9dit Mutuel de Loire-Atlantique et du centre ouest.&hellip;\n","protected":false},"author":2,"featured_media":38662,"comment_status":"","ping_status":"","sticky":false,"template":"","format":"standard","meta":{"footnotes":""},"categories":[2818],"tags":[1111,11,3335,11662,1777,674,1011,27,3047,12134,766,12,4565,9144,2636,4919,25],"class_list":{"0":"post-38661","1":"post","2":"type-post","3":"status-publish","4":"format-standard","5":"has-post-thumbnail","7":"category-nantes","8":"tag-actu","9":"tag-actualites","10":"tag-centre","11":"tag-credit","12":"tag-eu","13":"tag-europe","14":"tag-fr","15":"tag-france","16":"tag-loire-atlantique","17":"tag-mutuel","18":"tag-nantes","19":"tag-news","20":"tag-nouveau","21":"tag-ouest","22":"tag-pays-de-la-loire","23":"tag-president","24":"tag-republique-francaise"},"share_on_mastodon":{"url":"https:\/\/pubeurope.com\/@fr\/114369850573518168","error":""},"_links":{"self":[{"href":"https:\/\/www.europesays.com\/fr\/wp-json\/wp\/v2\/posts\/38661","targetHints":{"allow":["GET"]}}],"collection":[{"href":"https:\/\/www.europesays.com\/fr\/wp-json\/wp\/v2\/posts"}],"about":[{"href":"https:\/\/www.europesays.com\/fr\/wp-json\/wp\/v2\/types\/post"}],"author":[{"embeddable":true,"href":"https:\/\/www.europesays.com\/fr\/wp-json\/wp\/v2\/users\/2"}],"replies":[{"embeddable":true,"href":"https:\/\/www.europesays.com\/fr\/wp-json\/wp\/v2\/comments?post=38661"}],"version-history":[{"count":0,"href":"https:\/\/www.europesays.com\/fr\/wp-json\/wp\/v2\/posts\/38661\/revisions"}],"wp:featuredmedia":[{"embeddable":true,"href":"https:\/\/www.europesays.com\/fr\/wp-json\/wp\/v2\/media\/38662"}],"wp:attachment":[{"href":"https:\/\/www.europesays.com\/fr\/wp-json\/wp\/v2\/media?parent=38661"}],"wp:term":[{"taxonomy":"category","embeddable":true,"href":"https:\/\/www.europesays.com\/fr\/wp-json\/wp\/v2\/categories?post=38661"},{"taxonomy":"post_tag","embeddable":true,"href":"https:\/\/www.europesays.com\/fr\/wp-json\/wp\/v2\/tags?post=38661"}],"curies":[{"name":"wp","href":"https:\/\/api.w.org\/{rel}","templated":true}]}}