{"id":386614,"date":"2025-09-13T00:56:23","date_gmt":"2025-09-13T00:56:23","guid":{"rendered":"https:\/\/www.europesays.com\/fr\/386614\/"},"modified":"2025-09-13T00:56:23","modified_gmt":"2025-09-13T00:56:23","slug":"en-retrait-de-la-tele-depuis-plusieurs-mois-christophe-dechavanne-investi-dans-le-nouveau-projet-de-sa-fille-ninon-a-paris-cest-mon-associe","status":"publish","type":"post","link":"https:\/\/www.europesays.com\/fr\/386614\/","title":{"rendered":"En retrait de la t\u00e9l\u00e9 depuis plusieurs mois, Christophe Dechavanne investi dans le nouveau projet de sa fille Ninon \u00e0 Paris : \u00ab\u00a0C&rsquo;est mon associ\u00e9\u00a0\u00bb"},"content":{"rendered":"<p class=\"mb-4 text-lg md:leading-8 break-words\">Apr\u00e8s une ann\u00e9e compliqu\u00e9e marqu\u00e9e par son retrait de \u00ab\u00a0Quelle \u00e9poque !\u00a0\u00bb, Christophe Dechavanne a retrouv\u00e9 un second souffle aux c\u00f4t\u00e9s de sa fille Ninon. La jeune femme vient d\u2019ouvrir son propre studio de \u00ab\u00a0tufting\u00a0\u00bb \u00e0 Paris et peut compter sur le soutien ind\u00e9fectible de son p\u00e8re, qu\u2019elle d\u00e9crit comme son \u00ab\u00a0associ\u00e9\u00a0\u00bb \u00e0 nos confr\u00e8res de \u00ab\u00a0Paris Match\u00a0\u00bb.<\/p>\n<p class=\"mb-4 text-lg md:leading-8 break-words\">Au d\u00e9but de l\u2019ann\u00e9e 2025, <a href=\"https:\/\/www.purepeople.com\/people\/christophe-dechavanne_p560\" rel=\"nofollow noopener\" target=\"_blank\" data-ylk=\"slk:Christophe Dechavanne;elm:context_link;itc:0;sec:content-canvas\" class=\"link \">Christophe Dechavanne<\/a> a vu sa carri\u00e8re conna\u00eetre un brusque coup d\u2019arr\u00eat\u2026 L\u2019animateur et chroniqueur, figure famili\u00e8re du petit \u00e9cran, a \u00e9t\u00e9 condamn\u00e9 pour \u00ab\u00a0une infraction au code de la route\u00a0\u00bb apr\u00e8s un contr\u00f4le positif \u00e0 la coca\u00efne au volant. Le jugement a entra\u00een\u00e9 une amende de 1 200 euros, l\u2019annulation de son permis de conduire ainsi que la saisie de son v\u00e9hicule. <a href=\"https:\/\/fr.news.yahoo.com\/apr%C3%A8s-proc%C3%A8s-d%C3%A9part-france-t%C3%A9l%C3%A9visions-130400424.html\" data-ylk=\"slk:Une d\u00e9cision contre laquelle il a imm\u00e9diatement fait appel.;elm:context_link;itc:0;sec:content-canvas;outcm:mb_qualified_link;_E:mb_qualified_link;ct:story;\" class=\"link  yahoo-link\" target=\"_blank\" rel=\"noopener\">Une d\u00e9cision contre laquelle il a imm\u00e9diatement fait appel.<\/a> Si l\u2019affaire n\u2019a pas eu d\u2019incidence physique, aucun accident n\u2019ayant eu lieu, <strong>la sanction judiciaire a rapidement d\u00e9bord\u00e9 dans la sph\u00e8re m\u00e9diatique.<\/strong> L\u2019image de Christophe Dechavanne, redevenu une personnalit\u00e9 r\u00e9guli\u00e8re de la t\u00e9l\u00e9vision gr\u00e2ce \u00e0 son r\u00f4le de chroniqueur dans Quelle \u00e9poque ! sur France 2, a \u00e9t\u00e9 fragilis\u00e9e. Face \u00e0 la pression, l\u2019animateur a pris une d\u00e9cision radicale puisqu\u2019il a fait le choix de se retirer de l\u2019\u00e9mission pr\u00e9sent\u00e9e par L\u00e9a Salam\u00e9.<\/p>\n<p class=\"mb-4 text-lg md:leading-8 break-words\"><strong>Il a depuis d\u00e9cid\u00e9 de reprendre du poil de la b\u00eate et a \u00e9t\u00e9 un soutien de taille pour sa fille Ninon<\/strong> qui a r\u00e9alis\u00e9 son r\u00eave en ce d\u00e9but de mois de septembre. <a href=\"https:\/\/fr.news.yahoo.com\/rendez-1er-septembre-christophe-dechavanne-154400888.html\" data-ylk=\"slk:En effet, la jeune femme a ouvert, dans le 16e arrondissement de Paris, son studio de &quot;tufting&quot;;elm:context_link;itc:0;sec:content-canvas;outcm:mb_qualified_link;_E:mb_qualified_link;ct:story;\" class=\"link  yahoo-link\" target=\"_blank\" rel=\"noopener\">En effet, la jeune femme a ouvert, dans le 16e arrondissement de Paris, son studio de \u00ab\u00a0tufting\u00a0\u00bb<\/a>, \u00e0 savoir un endroit o\u00f9 l&rsquo;on peut cr\u00e9er des tapis et autres accessoires en laine. Elle s&rsquo;est confi\u00e9e sur le sujet \u00e0 nos confr\u00e8res de <a href=\"https:\/\/www.parismatch.com\/People\/ninon-dechavanne-se-lance-dans-une-drole-dactivite-le-tufting-mon-pere-me-soutient-dans-tout-ce-que-je-fais-256898\" rel=\"nofollow noopener\" target=\"_blank\" data-ylk=\"slk:Paris Match;elm:context_link;itc:0;sec:content-canvas\" class=\"link \">Paris Match<\/a> et a r\u00e9v\u00e9l\u00e9 le r\u00f4le important que son papa a eu. \u00ab\u00a0D\u00e9j\u00e0, <strong>il a un r\u00f4le dans toute ma vie<\/strong>. Disons qu\u2019il participe plus que grandement \u00e0 ce que ce projet fonctionne. C&rsquo;est comme dans la vie, c&rsquo;est mon associ\u00e9. Il a cr\u00e9\u00e9 sa soci\u00e9t\u00e9, il sait ce que c\u2019est d\u2019entreprendre, alors que moi, je d\u00e9bute. Donc il m\u2019aide et il m\u2019encourage. Il me soutient dans tout ce que je fais\u00a0\u00bb, s&rsquo;est r\u00e9jouie la ma\u00eetresse du chat Atchoum. Et de souligner : \u00ab\u00a0On est comme une paire de sushis, on va par deux\u00a0! [Rires] On s\u2019adore<strong>. On a toujours \u00e9t\u00e9 ins\u00e9parables, mais j\u2019ai grandi, notre relation a \u00e9volu\u00e9<\/strong>, et on ne s\u2019est jamais aussi bien entendus qu\u2019aujourd\u2019hui.\u00a0\u00bb<\/p>\n<p class=\"mb-4 text-lg md:leading-8 break-words\">Les mots de Christophe Dechavanne au moment de son retrait de Quelle \u00e9poque !<\/p>\n<p class=\"mb-4 text-lg md:leading-8 break-words\">L&rsquo;animateur a donc d\u00e9cid\u00e9 de laisser couler l&rsquo;eau sous les ponts, un changement de cap radical quand on se souvient de la fa\u00e7on dont il avait justifi\u00e9, en direct, son choix difficile de se mettre en retrait de Quelle \u00e9poque !. \u00ab\u00a0<a href=\"https:\/\/fr.news.yahoo.com\/christophe-dechavanne-dit-au-revoir-082100853.html\" data-ylk=\"slk:Je suis un peu trait\u00e9 comme si j&#039;\u00e9tais un criminel en gros;elm:context_link;itc:0;sec:content-canvas;outcm:mb_qualified_link;_E:mb_qualified_link;ct:story;\" class=\"link  yahoo-link\" target=\"_blank\" rel=\"noopener\">Je suis un peu trait\u00e9 comme si j&rsquo;\u00e9tais un criminel en gros<\/a>, comme si j&rsquo;avais fait beaucoup de choses. En tout cas, je rassure tout le monde, <strong>je n&rsquo;ai frapp\u00e9 personne, je n&rsquo;ai m\u00eame pas froiss\u00e9 une t\u00f4le,<\/strong> et ce jugement il y a un appel en cours et je suis oblig\u00e9 de dire et de r\u00e9p\u00e9ter que je suis pr\u00e9sum\u00e9 innocent, avait-il d\u00e9clar\u00e9 face cam\u00e9ra. Ce que je vis \u00e0 travers les r\u00e9seaux sociaux ou certains m\u00e9dias, et c&rsquo;est d&rsquo;une extr\u00eame violence ce que je vis, moi, ma famille et mes tout proches. Alors avoir <strong>autant d&rsquo;injures ou de calomnie<\/strong>, vous le savez, il peut toujours y avoir des \u00e9claboussures, et je n&rsquo;ai aucune envie que ni vous, ni les \u00e9quipes, ni ceux qui m&rsquo;entourent, n&rsquo;en receviez aucune. C&rsquo;est la raison pour laquelle j&rsquo;ai d\u00e9cid\u00e9 L\u00e9a, ce retrait, qui me fait mal au c\u0153ur, qui me fait mal au ventre\u00a0\u00bb, avait-il alors conclu.<\/p>\n<p class=\"mb-4 text-lg md:leading-8 break-words\"><a href=\"https:\/\/www.purepeople.com\/article\/en-retrait-de-la-tele-depuis-plusieurs-mois-christophe-dechavanne-investi-dans-le-nouveau-projet-de-sa-fille-ninon-a-paris-cest-mon-associe_a542444\/1\" rel=\"nofollow noopener\" target=\"_blank\" data-ylk=\"slk:Article original sur Purepeople;elm:context_link;itc:0;sec:content-canvas\" class=\"link \">Article original sur Purepeople<\/a><\/p>\n","protected":false},"excerpt":{"rendered":"Apr\u00e8s une ann\u00e9e compliqu\u00e9e marqu\u00e9e par son retrait de \u00ab\u00a0Quelle \u00e9poque !\u00a0\u00bb, Christophe Dechavanne a retrouv\u00e9 un second&hellip;\n","protected":false},"author":2,"featured_media":386615,"comment_status":"","ping_status":"","sticky":false,"template":"","format":"standard","meta":{"footnotes":""},"categories":[1888],"tags":[51917,1111,1928,11,1927,19005,1777,674,1011,27,51916,12,1926,626,1925,25,29622],"class_list":{"0":"post-386614","1":"post","2":"type-post","3":"status-publish","4":"format-standard","5":"has-post-thumbnail","7":"category-paris","8":"tag-16e-arrondissement-de-paris","9":"tag-actu","10":"tag-actu-paris","11":"tag-actualites","12":"tag-actualites-paris","13":"tag-christophe-dechavanne","14":"tag-eu","15":"tag-europe","16":"tag-fr","17":"tag-france","18":"tag-infraction-au-code-de-la-route","19":"tag-news","20":"tag-news-paris","21":"tag-paris","22":"tag-paris-news","23":"tag-republique-francaise","24":"tag-retrait"},"share_on_mastodon":{"url":"https:\/\/pubeurope.com\/@fr\/115194271188321127","error":""},"_links":{"self":[{"href":"https:\/\/www.europesays.com\/fr\/wp-json\/wp\/v2\/posts\/386614","targetHints":{"allow":["GET"]}}],"collection":[{"href":"https:\/\/www.europesays.com\/fr\/wp-json\/wp\/v2\/posts"}],"about":[{"href":"https:\/\/www.europesays.com\/fr\/wp-json\/wp\/v2\/types\/post"}],"author":[{"embeddable":true,"href":"https:\/\/www.europesays.com\/fr\/wp-json\/wp\/v2\/users\/2"}],"replies":[{"embeddable":true,"href":"https:\/\/www.europesays.com\/fr\/wp-json\/wp\/v2\/comments?post=386614"}],"version-history":[{"count":0,"href":"https:\/\/www.europesays.com\/fr\/wp-json\/wp\/v2\/posts\/386614\/revisions"}],"wp:featuredmedia":[{"embeddable":true,"href":"https:\/\/www.europesays.com\/fr\/wp-json\/wp\/v2\/media\/386615"}],"wp:attachment":[{"href":"https:\/\/www.europesays.com\/fr\/wp-json\/wp\/v2\/media?parent=386614"}],"wp:term":[{"taxonomy":"category","embeddable":true,"href":"https:\/\/www.europesays.com\/fr\/wp-json\/wp\/v2\/categories?post=386614"},{"taxonomy":"post_tag","embeddable":true,"href":"https:\/\/www.europesays.com\/fr\/wp-json\/wp\/v2\/tags?post=386614"}],"curies":[{"name":"wp","href":"https:\/\/api.w.org\/{rel}","templated":true}]}}