{"id":386620,"date":"2025-09-13T00:59:21","date_gmt":"2025-09-13T00:59:21","guid":{"rendered":"https:\/\/www.europesays.com\/fr\/386620\/"},"modified":"2025-09-13T00:59:21","modified_gmt":"2025-09-13T00:59:21","slug":"la-france-a-mis-en-garde-lambassadeur-de-russie-apres-lincursion-de-drones-en-pologne-12-09-2025-a-1908","status":"publish","type":"post","link":"https:\/\/www.europesays.com\/fr\/386620\/","title":{"rendered":"La France a mis en garde l&rsquo;ambassadeur de Russie apr\u00e8s l&rsquo;incursion de drones en Pologne &#8211; 12\/09\/2025 \u00e0 19:08"},"content":{"rendered":"<p>        <img fetchpriority=\"high\" decoding=\"async\" src=\"https:\/\/www.europesays.com\/fr\/wp-content\/uploads\/2025\/09\/3e262276796db0ff15b45dfe51eccc7f-760x508.jpg\" alt=\"Les drones abattus dans l'espace a\u00e9rien polonais d\u00e9clenchent des patrouilles militaires\" loading=\"eager\" width=\"760\" height=\"508\" style=\"max-width: 100%!important; height: auto;\"\/><\/p>\n<p class=\"c-image-news__legend\">Les drones abattus dans l&rsquo;espace a\u00e9rien polonais d\u00e9clenchent des patrouilles militaires<\/p>\n<p>\n PARIS (Reuters) -La France a convoqu\u00e9 vendredi l&rsquo;ambassadeur de Russie au minist\u00e8re des Affaires \u00e9trang\u00e8res qui a d\u00e9nonc\u00e9 le \u00ab\u00a0caract\u00e8re inacceptable\u00a0\u00bb de l&rsquo;incursion de drones militaires russes dans l&rsquo;espace a\u00e9rien polonais cette semaine, a-t-on appris de source diplomatique fran\u00e7aise.\n<\/p>\n<p>\n Le directeur de cabinet du ministre de l&rsquo;Europe et des Affaires \u00e9trang\u00e8res a dit \u00e0 l&rsquo;ambassadeur russe que l&rsquo;incursion des drones \u00ab\u00a0constitue une menace pour la s\u00e9curit\u00e9 de l&rsquo;Europe et de l&rsquo;Otan dans son ensemble\u00a0\u00bb et appel\u00e9 Moscou \u00e0 mettre fin \u00e0 sa \u00ab\u00a0guerre d&rsquo;agression ill\u00e9gale contre l&rsquo;Ukraine\u00a0\u00bb, a pr\u00e9cis\u00e9 la source.\n<\/p>\n<p>\n Le ministre d\u00e9missionnaire des Affaires \u00e9trang\u00e8res, Jean-No\u00ebl Barrot, avait indiqu\u00e9 vendredi matin sur France Inter que Paris entendait pr\u00e9venir la Russie que \u00ab\u00a0l&rsquo;Otan et ses alli\u00e9s ont une vocation d\u00e9fensive et dissuasive qui est la plus puissante du monde et qu&rsquo;il faut cesser de nous tester et de tenter de nous intimider\u00a0\u00bb.\n<\/p>\n<p>\n Le secr\u00e9taire g\u00e9n\u00e9ral de l&rsquo;Alliance atlantique, Mark Rutte, a annonc\u00e9 vendredi la mise en place de l&rsquo;op\u00e9ration \u00ab\u00a0sentinelle orientale\u00a0\u00bb visant \u00e0 renforcer les d\u00e9fenses de l&rsquo;Otan sur son flanc est.\n<\/p>\n<p>\n Cette op\u00e9ration impliquera des moyens a\u00e9riens et terrestres mis \u00e0 disposition par le Danemark, la France, le Royaume-uni et l&rsquo;Allemagne notamment, a-t-il pr\u00e9cis\u00e9.\n<\/p>\n<p>\n Le pr\u00e9sident Emmanuel Macron a annonc\u00e9 jeudi que la France allait mobiliser trois chasseurs Rafale pour contribuer \u00e0 la s\u00e9curit\u00e9 de l&rsquo;espace a\u00e9rien de la Pologne et de l&rsquo;est de l&rsquo;Europe.\n<\/p>\n<p>\n Avec le soutien d&rsquo;avions de ses alli\u00e9s de l&rsquo;Otan, la Pologne a abattu mercredi des drones pr\u00e9sum\u00e9s russes ayant viol\u00e9 son espace a\u00e9rien, une premi\u00e8re pour un pays membre de l&rsquo;alliance depuis le d\u00e9but de la guerre en Ukraine en 2022.\n<\/p>\n<p>\n La Russie a dit ne pas avoir l&rsquo;intention de frapper des cibles en Pologne.\n<\/p>\n<p>\n \u00ab\u00a0La Russie commettrait une grossi\u00e8re erreur \u00e0 consid\u00e9rer que les Europ\u00e9ens et les alli\u00e9s de l&rsquo;Otan ne sont pas solidaires\u00a0\u00bb, a assur\u00e9 Jean-No\u00ebl Barrot sur France Inter.\n<\/p>\n<p>\n (Nicolas Delame, Bertrand Boucey et Tangi Sala\u00fcn, avec la contribution de John Irish, \u00e9dit\u00e9 par Blandine H\u00e9nault)<\/p>\n","protected":false},"excerpt":{"rendered":"Les drones abattus dans l&rsquo;espace a\u00e9rien polonais d\u00e9clenchent des patrouilles militaires PARIS (Reuters) -La France a convoqu\u00e9 vendredi&hellip;\n","protected":false},"author":2,"featured_media":386621,"comment_status":"","ping_status":"","sticky":false,"template":"","format":"standard","meta":{"footnotes":""},"categories":[1591],"tags":[400,11,398,408,405,1887,403,402,399,404,12,1885,1886,132,401,406,407],"class_list":{"0":"post-386620","1":"post","2":"type-post","3":"status-publish","4":"format-standard","5":"has-post-thumbnail","7":"category-russie","8":"tag-action-cac-40","9":"tag-actualites","10":"tag-bourse-de-paris","11":"tag-boursorama","12":"tag-cotations","13":"tag-federation-de-russie","14":"tag-indices-devises","15":"tag-investir","16":"tag-investissement","17":"tag-marche-boursier","18":"tag-news","19":"tag-russia","20":"tag-russian-federation","21":"tag-russie","22":"tag-sicav","23":"tag-trackers","24":"tag-warrants"},"share_on_mastodon":{"url":"https:\/\/pubeurope.com\/@fr\/115194282960818040","error":""},"_links":{"self":[{"href":"https:\/\/www.europesays.com\/fr\/wp-json\/wp\/v2\/posts\/386620","targetHints":{"allow":["GET"]}}],"collection":[{"href":"https:\/\/www.europesays.com\/fr\/wp-json\/wp\/v2\/posts"}],"about":[{"href":"https:\/\/www.europesays.com\/fr\/wp-json\/wp\/v2\/types\/post"}],"author":[{"embeddable":true,"href":"https:\/\/www.europesays.com\/fr\/wp-json\/wp\/v2\/users\/2"}],"replies":[{"embeddable":true,"href":"https:\/\/www.europesays.com\/fr\/wp-json\/wp\/v2\/comments?post=386620"}],"version-history":[{"count":0,"href":"https:\/\/www.europesays.com\/fr\/wp-json\/wp\/v2\/posts\/386620\/revisions"}],"wp:featuredmedia":[{"embeddable":true,"href":"https:\/\/www.europesays.com\/fr\/wp-json\/wp\/v2\/media\/386621"}],"wp:attachment":[{"href":"https:\/\/www.europesays.com\/fr\/wp-json\/wp\/v2\/media?parent=386620"}],"wp:term":[{"taxonomy":"category","embeddable":true,"href":"https:\/\/www.europesays.com\/fr\/wp-json\/wp\/v2\/categories?post=386620"},{"taxonomy":"post_tag","embeddable":true,"href":"https:\/\/www.europesays.com\/fr\/wp-json\/wp\/v2\/tags?post=386620"}],"curies":[{"name":"wp","href":"https:\/\/api.w.org\/{rel}","templated":true}]}}