{"id":386622,"date":"2025-09-13T01:00:18","date_gmt":"2025-09-13T01:00:18","guid":{"rendered":"https:\/\/www.europesays.com\/fr\/386622\/"},"modified":"2025-09-13T01:00:18","modified_gmt":"2025-09-13T01:00:18","slug":"cinq-lecteurs-dialoguent-sur-le-role-de-trump-dans-la-guerre-en-ukraine","status":"publish","type":"post","link":"https:\/\/www.europesays.com\/fr\/386622\/","title":{"rendered":"Cinq lecteurs dialoguent sur le r\u00f4le de Trump dans la guerre en Ukraine"},"content":{"rendered":"<p><strong>Bernard Bordier, de Tours (Indre-et-Loire)\u00a0:<\/strong> \u00ab\u00a0Lorsque j\u2019ai vu les pr\u00e9sidents Poutine et Trump se serrer la main, presque se donner l\u2019accolade, j\u2019ai pens\u00e9 que la paix en Ukraine \u00e9tait peut-\u00eatre en bonne voie\u2026 Les conclusions de cette rencontre risquent de se mesurer encore en nombre de morts pour une question de territoire.<\/p>\n<\/p>\n<p>\u00ab\u00a0J\u2019ai mal mesur\u00e9 cette rencontre avec tapis rouge, congratulations, applaudissements du pr\u00e9sident Trump. En fait, il s\u2019agissait d\u2019un mauvais remake de la chanson d\u2019Aznavour\u00a0: \u201c Viens voir les com\u00e9diens, les magiciens, qui arrivent.\u00a0\u201d Les com\u00e9diens ont donn\u00e9 la parade \u00e0 grand renfort de tambours\u2026 Comme d\u2019habitude, la guerre consiste \u00e0 se battre entre eux des gens qui ne se connaissent pas, par des gens qui se connaissent tr\u00e8s bien.\u00a0\u00bb<\/p>\n<p>Anchorage-Munich<\/p>\n<p><strong>Jo\u00ebl Goring, de Niort (Deux-S\u00e8vres)\u00a0:<\/strong> \u00ab\u00a0La g\u00e9opolitique a chang\u00e9 depuis 1938. Les empires coloniaux fran\u00e7ais et britanniques ont disparu. Bien que voulant revenir vers l\u2019isolationnisme, les \u00c9tats-Unis sont commercialement plus pr\u00e9sents sur la sc\u00e8ne internationale. Toutefois, les dictatures et les gouvernements autocratiques foisonnent sur tous les continents avec des interconnexions.<\/p>\n<p>\u00ab\u00a0L\u2019ours russe est un danger mortel pour la d\u00e9mocratie dans le monde\u00a0\u00bb<\/p>\n<p>\u00ab\u00a0En recevant Vladimir Poutine sur le sol am\u00e9ricain, Donald Trump a commis la m\u00eame erreur que Franklin Roosevelt qui appelait Staline \u201c\u00a0Uncle Joe\u00a0\u201d, et on conna\u00eet la suite quelques ann\u00e9es apr\u00e8s. En arborant un d\u00e9bardeur avec le sigle USSR, Sergue\u00ef Lavrov a expos\u00e9 de mani\u00e8re tr\u00e8s explicite, mais fort peu diplomatique, le dessein expansionniste russe.<\/p>\n<p>\u00ab\u00a0Comme Hitler, Poutine a soif d\u2019annexion de territoires et rien sauf la force ne l\u2019arr\u00eatera. Comme Hitler, dont tout le monde savait que sa signature ne valait rien, tout le monde sait que la parole de Poutine n\u2019est que du vent, il a un objectif qu\u2019il veut atteindre \u00e0 tout prix.<\/p>\n<p>\u00ab\u00a0Les dirigeants de la \u201c\u00a0coalition des volontaires\u00a0\u201d sont moins na\u00effs qu\u2019\u00e9taient Daladier et Chamberlain en 1938, mais le pire est que l\u2019opinion publique fran\u00e7aise est amorphe. \u00c0 l\u2019\u00e9poque, on pensait que Daladier avait sauv\u00e9 la paix\u2026 Malgr\u00e9 l\u2019importance des m\u00e9dias qui relatent cette guerre et dont les retransmissions devraient choquer, interpeller, nous regardons notre nombril, en refusant tout effort.\u00a0\u00bb<\/p>\n<p>Int\u00e9grit\u00e9<\/p>\n<p><strong>Jean-Pierre Bouvier, de Montrichard-Val-de-Cher (Loir-et-Cher)\u00a0:<\/strong> \u00ab\u00a0Quand j\u2019ai eu 18\u00a0ans, j\u2019ai voulu rayer d\u00e9finitivement de mon vocabulaire l\u2019expression \u201c\u00a0Tous pareils\u00a0!\u00a0\u201d que je trouve \u00e0 vomir. J\u2019avais presque r\u00e9ussi, mais en consid\u00e9rant l\u2019exemple des \u00e9lites qui nous gouvernent, j\u2019ai pleur\u00e9 de rage, oui, j\u2019ai pleur\u00e9 de rage devant cet \u00e9chec lamentable.<\/p>\n<p>\u00ab\u00a0Pratiquement trente ans se sont \u00e9coul\u00e9s depuis cette premi\u00e8re tentative. Et je constate que les \u00e9v\u00e9nements ne plaident toujours pas en leur faveur, bien au contraire. Peu importe d\u2019o\u00f9 ils viennent, de l\u2019une des plus grandes puissances mondiales, de l\u2019Europe, de l\u2019Assembl\u00e9e nationale, du S\u00e9nat ou de l\u2019ex\u00e9cutif.<\/p>\n<p>\u00ab\u00a0Peu importe de quel parti ils sont. Il n\u2019y a plus un seul politicien au monde pour rattraper tous les autres. Sauf, peut-\u00eatre, le pr\u00e9sident ukrainien Volodymyr Zelensky\u00a0: c\u2019est le dernier homme d\u2019\u00c9tat que je peux consid\u00e9rer comme r\u00e9ellement int\u00e8gre. Mis \u00e0 part lui, nos politiciens sont vraiment\u2026 tous pareils\u00a0!\u00a0\u00bb<\/p>\n<p>\u00ab\u00a0On savait\u00a0\u00bb<\/p>\n<p><strong>Jean-Michel Fidanzi, de D\u00e9ols (Indre)\u00a0:<\/strong> \u00ab\u00a0A quoi sert l\u2019histoire, quand elle b\u00e9gaie sans tirer les cons\u00e9quences des trag\u00e9dies d\u2019hier, quand les victimes d\u2019hier sont les bourreaux d\u2019aujourd\u2019hui, quand le silence d\u2019hier du \u201c\u00a0on ne savait pas\u00a0\u201d se brise devant les images et les mots d\u2019aujourd\u2019hui, pour d\u00e9crire l\u2019horreur qui se joue \u00e0 quelques heures d\u2019avion de nos pays en paix\u00a0?<\/p>\n<p>\u00ab\u00a0Chez nous, voil\u00e0 des mois \u00e0 s\u2019\u00e9charper entre pro-Palestiniens et pro-Isra\u00e9liens pour qualifier de terroriste et d\u2019inacceptable l\u2019inqualifiable attaque du 7\u00a0octobre 2023 par un Hamas peu enclin \u00e0 la paix, ou pour attribuer le terme de g\u00e9nocide \u00e0 la guerre men\u00e9e \u00e0 Gaza, mais aussi en Cisjordanie par Netanyahou et son \u00e9quipe, tout aussi peu enclins \u00e0 la paix.<\/p>\n<p>\u00ab\u00a0Dans l\u2019Est europ\u00e9en, les bons et le m\u00e9chant sont plus clairement identifi\u00e9s, mais que de querelles et de perte de temps pour d\u00e9finir le niveau de notre engagement pour vraiment peser sur ce conflit. Dans le ghetto de Gaza ou les rues des villes ukrainiennes, les civils souffrent et meurent de faim ou sous les balles d\u2019\u00c9tats surpuissants militairement que le Guignol am\u00e9ricain, ancien gendarme du monde tomb\u00e9 dans la m\u00eame folie autocratique, fait semblant de condamner, de menacer pour le triste r\u00e9sultat qu\u2019on d\u00e9plore tous les jours devant nos \u00e9crans.<\/p>\n<p>\u00ab\u00a0Et que penser du silence assourdissant des pays du Golfe, pourtant si prompts \u00e0 montrer leur pouvoir financier et \u00e9conomique et \u00e0 s\u2019inviter \u00e0 la table des grands de ce monde, quand on assassine leurs fr\u00e8res de Palestine ou quand Tsahal \u00e9limine d\u00e9lib\u00e9r\u00e9ment leurs ressortissants, journalistes \u201c\u00a0privil\u00e9gi\u00e9s\u00a0\u201d au c\u0153ur du huis clos qu\u2019impose Isra\u00ebl sur le drame quotidien de Gaza\u00a0?<\/p>\n<p>\u00ab\u00a0Condamner ne suffit pas, il faut agir sur les leviers \u00e0 notre disposition\u00a0: cesser r\u00e9ellement nos ventes d\u2019armes ou de leurs composants \u00e0 Isra\u00ebl, en les affectant pourquoi pas \u00e0 l\u2019Ukraine\u00a0; durcir et appliquer nos sanctions \u00e9conomiques\u00a0; mettre en \u0153uvre le droit international bafou\u00e9 par ces fous qui gouvernent \u00e0 Moscou ou Tel-Aviv, menacent la d\u00e9mocratie et l\u2019\u00e9quilibre mondial \u00e0 Washington, P\u00e9kin ou Buenos Aires et l\u2019unit\u00e9 europ\u00e9enne \u00e0 Budapest, Bucarest ou Bratislava.<\/p>\n<p>\u00ab\u00a0C\u2019est \u00e0 ce prix que nous ne serons pas les \u201c\u00a0on ne savait pas\u00a0\u201d de ce 21e\u00a0si\u00e8cle et que l\u2019histoire cessera enfin de b\u00e9gayer, douce utopie \u00e0 laquelle nos dirigeants devraient souscrire s\u2019ils aimaient leurs peuples, la paix, la vie\u2026\u00a0\u00bb<\/p>\n<p>Diff\u00e9rence d\u2019accueil<\/p>\n<p><strong>Sylvio Le Blanc, de Montr\u00e9al (Canada)\u00a0:<\/strong> \u00ab\u00a0L\u2019histoire retiendra que Trump a applaudi le criminel de guerre Poutine lorsque celui-ci marchait sur le tapis rouge, qu\u2019il lui a chaleureusement souri et serr\u00e9 la main, puis qu\u2019il l\u2019a invit\u00e9 \u00e0 monter dans sa limousine. Tout un contraste avec l\u2019accueil hostile r\u00e9serv\u00e9 au pr\u00e9sident ukrainien Volodymyr Zelensky le 28\u00a0f\u00e9vrier dernier, \u00e0 la Maison-Blanche, dont le pays d\u00e9mocratique ind\u00e9pendant a \u00e9t\u00e9 envahi par la Russie en f\u00e9vrier\u00a02022.<\/p>\n<\/p>\n<p>\u00ab\u00a0Lorsque l\u2019Irak a envahi le Kowe\u00eft en 1990, les \u00c9tats-Unis n\u2019ont pas mis beaucoup de temps pour organiser la riposte. Mais aujourd\u2019hui, ils s\u2019\u00e9crasent devant l\u2019ours russe, alors qu\u2019il est un danger mortel pour la d\u00e9mocratie dans le monde.\u00a0\u00bb<\/p>\n","protected":false},"excerpt":{"rendered":"Bernard Bordier, de Tours (Indre-et-Loire)\u00a0: \u00ab\u00a0Lorsque j\u2019ai vu les pr\u00e9sidents Poutine et Trump se serrer la main, presque&hellip;\n","protected":false},"author":2,"featured_media":386623,"comment_status":"","ping_status":"","sticky":false,"template":"","format":"standard","meta":{"footnotes":""},"categories":[1590],"tags":[11,8617,1777,674,27,329,12,220],"class_list":{"0":"post-386622","1":"post","2":"type-post","3":"status-publish","4":"format-standard","5":"has-post-thumbnail","7":"category-ukraine","8":"tag-actualites","9":"tag-dialogue","10":"tag-eu","11":"tag-europe","12":"tag-france","13":"tag-france-monde","14":"tag-news","15":"tag-ukraine"},"share_on_mastodon":{"url":"https:\/\/pubeurope.com\/@fr\/115194286887105276","error":""},"_links":{"self":[{"href":"https:\/\/www.europesays.com\/fr\/wp-json\/wp\/v2\/posts\/386622","targetHints":{"allow":["GET"]}}],"collection":[{"href":"https:\/\/www.europesays.com\/fr\/wp-json\/wp\/v2\/posts"}],"about":[{"href":"https:\/\/www.europesays.com\/fr\/wp-json\/wp\/v2\/types\/post"}],"author":[{"embeddable":true,"href":"https:\/\/www.europesays.com\/fr\/wp-json\/wp\/v2\/users\/2"}],"replies":[{"embeddable":true,"href":"https:\/\/www.europesays.com\/fr\/wp-json\/wp\/v2\/comments?post=386622"}],"version-history":[{"count":0,"href":"https:\/\/www.europesays.com\/fr\/wp-json\/wp\/v2\/posts\/386622\/revisions"}],"wp:featuredmedia":[{"embeddable":true,"href":"https:\/\/www.europesays.com\/fr\/wp-json\/wp\/v2\/media\/386623"}],"wp:attachment":[{"href":"https:\/\/www.europesays.com\/fr\/wp-json\/wp\/v2\/media?parent=386622"}],"wp:term":[{"taxonomy":"category","embeddable":true,"href":"https:\/\/www.europesays.com\/fr\/wp-json\/wp\/v2\/categories?post=386622"},{"taxonomy":"post_tag","embeddable":true,"href":"https:\/\/www.europesays.com\/fr\/wp-json\/wp\/v2\/tags?post=386622"}],"curies":[{"name":"wp","href":"https:\/\/api.w.org\/{rel}","templated":true}]}}