{"id":386626,"date":"2025-09-13T01:02:27","date_gmt":"2025-09-13T01:02:27","guid":{"rendered":"https:\/\/www.europesays.com\/fr\/386626\/"},"modified":"2025-09-13T01:02:27","modified_gmt":"2025-09-13T01:02:27","slug":"la-bromance-starmer-macron-a-un-probleme-donald-trump-politico","status":"publish","type":"post","link":"https:\/\/www.europesays.com\/fr\/386626\/","title":{"rendered":"La bromance Starmer-Macron a un probl\u00e8me, Donald Trump \u2013 POLITICO"},"content":{"rendered":"<p>Fran\u00e7ois-Joseph Schichan, ancien diplomate fran\u00e7ais et directeur du cabinet de conseil Flint Global, partage l\u2019id\u00e9e que cette semaine peut \u00eatre consid\u00e9r\u00e9e comme un \u201csommet de r\u00e9conciliation\u201d, mais reconna\u00eet qu\u2019il y aura n\u00e9anmoins des \u201cdiff\u00e9rences sur certaines questions, sur la mani\u00e8re de faire avec Trump\u201d.<\/p>\n<p>Comme l\u2019a dit un universitaire fran\u00e7ais proche d\u2019Emmanuel Macron, le Premier ministre britannique est \u201cbeaucoup plus prudent\u201d lorsqu\u2019il s\u2019agit de traiter avec la Maison-Blanche.<\/p>\n<p>Emmanuel Macron a \u201cfait quelques caresses, mais pas autant que nous\u201d pour flatter l\u2019ego de Trump, estime l\u2019ancien diplomate britannique pr\u00e9cit\u00e9. Il qualifie d\u2019\u201c\u00e9hont\u00e9e, mais n\u00e9cessaire\u201d la strat\u00e9gie toute en douceur de Keir Starmer \u00e0 l\u2019\u00e9gard du pr\u00e9sident am\u00e9ricain.<\/p>\n<p><img loading=\"lazy\" decoding=\"async\" width=\"1024\" height=\"683\" src=\"https:\/\/www.europesays.com\/fr\/wp-content\/uploads\/2025\/09\/13153575-1024x683.jpg\" alt=\"\" class=\"wp-image-6864030\"  \/>Jusqu\u2019\u00e0 pr\u00e9sent, Londres et Paris se sont \u00e9troitement coordonn\u00e9s pour tenter de garder Donald Trump dans les pourparlers de paix sur l\u2019Ukraine. | Shawn Thew\/EPA<\/p>\n<p>Emmanuel Macron s\u2019est montr\u00e9 plus enclin \u00e0 challenger Donald Trump, en se rendant au Groenland en signe de solidarit\u00e9 et en s\u2019attirant l\u2019<a href=\"https:\/\/www.politico.eu\/article\/trump-slams-publicity-seeking-macron-amid-early-g7-exit\/\" target=\"_blank\" rel=\"noopener\">ire du pr\u00e9sident am\u00e9ricain<\/a> en sugg\u00e9rant aux journalistes qu\u2019il quittait le G7 plus t\u00f4t que pr\u00e9vu pour n\u00e9gocier un cessez-le-feu entre Isra\u00ebl et l\u2019Iran. En public, Keir Starmer et Donald Trump sont tout sourire.<\/p>\n<p>Guerres commerciales<\/p>\n<p>En particulier, Emmanuel Macron serait m\u00e9content de l\u2019accord conclu entre Keir Starmer et Donald Trump pour all\u00e9ger les droits de douane am\u00e9ricains sur les marchandises britanniques, alors que la France reste soumise aux p\u00e9nalit\u00e9s impos\u00e9es \u00e0 l\u2019UE.<\/p>\n<p>\u201cIl reste des d\u00e9tails \u00e0 n\u00e9gocier\u201d sur l\u2019accord entre le Royaume-Uni et les Etats-Unis, pointe Fran\u00e7ois-Joseph Schichan. \u201cJe m\u2019attends \u00e0 ce que Macron fasse pression sur Starmer pour qu\u2019il n\u2019accepte pas toutes les exigences de Trump et pour qu\u2019il pr\u00e9sente un front europ\u00e9en uni\u201d, alors que le <a href=\"https:\/\/www.cbsnews.com\/news\/tariffs-trump-china-vietnam-july-9\/\" target=\"_blank\" rel=\"noopener\">gel de 90 jours des droits de douane am\u00e9ricains<\/a> contre l\u2019UE expirera mercredi.<\/p>\n","protected":false},"excerpt":{"rendered":"Fran\u00e7ois-Joseph Schichan, ancien diplomate fran\u00e7ais et directeur du cabinet de conseil Flint Global, partage l\u2019id\u00e9e que cette semaine&hellip;\n","protected":false},"author":2,"featured_media":386627,"comment_status":"","ping_status":"","sticky":false,"template":"","format":"standard","meta":{"footnotes":""},"categories":[1588],"tags":[47,11,75,1073,1777,674,27,2581,12,473,1853,1851,1850,1852],"class_list":{"0":"post-386626","1":"post","2":"type-post","3":"status-publish","4":"format-standard","5":"has-post-thumbnail","7":"category-royaume-uni","8":"tag-actualite","9":"tag-actualites","10":"tag-donald-trump","11":"tag-emmanuel-macron","12":"tag-eu","13":"tag-europe","14":"tag-france","15":"tag-keir-starmer","16":"tag-news","17":"tag-royaume-uni","18":"tag-royaume-uni-de-grande-bretagne-et-dirlande-du-nord","19":"tag-uk","20":"tag-united-kingdom","21":"tag-united-kingdom-of-great-britain-and-northern-ireland"},"share_on_mastodon":{"url":"https:\/\/pubeurope.com\/@fr\/115194294767704710","error":""},"_links":{"self":[{"href":"https:\/\/www.europesays.com\/fr\/wp-json\/wp\/v2\/posts\/386626","targetHints":{"allow":["GET"]}}],"collection":[{"href":"https:\/\/www.europesays.com\/fr\/wp-json\/wp\/v2\/posts"}],"about":[{"href":"https:\/\/www.europesays.com\/fr\/wp-json\/wp\/v2\/types\/post"}],"author":[{"embeddable":true,"href":"https:\/\/www.europesays.com\/fr\/wp-json\/wp\/v2\/users\/2"}],"replies":[{"embeddable":true,"href":"https:\/\/www.europesays.com\/fr\/wp-json\/wp\/v2\/comments?post=386626"}],"version-history":[{"count":0,"href":"https:\/\/www.europesays.com\/fr\/wp-json\/wp\/v2\/posts\/386626\/revisions"}],"wp:featuredmedia":[{"embeddable":true,"href":"https:\/\/www.europesays.com\/fr\/wp-json\/wp\/v2\/media\/386627"}],"wp:attachment":[{"href":"https:\/\/www.europesays.com\/fr\/wp-json\/wp\/v2\/media?parent=386626"}],"wp:term":[{"taxonomy":"category","embeddable":true,"href":"https:\/\/www.europesays.com\/fr\/wp-json\/wp\/v2\/categories?post=386626"},{"taxonomy":"post_tag","embeddable":true,"href":"https:\/\/www.europesays.com\/fr\/wp-json\/wp\/v2\/tags?post=386626"}],"curies":[{"name":"wp","href":"https:\/\/api.w.org\/{rel}","templated":true}]}}