{"id":386628,"date":"2025-09-13T01:03:12","date_gmt":"2025-09-13T01:03:12","guid":{"rendered":"https:\/\/www.europesays.com\/fr\/386628\/"},"modified":"2025-09-13T01:03:12","modified_gmt":"2025-09-13T01:03:12","slug":"la-turquie-gifle-la-grece-et-rejoint-lallemagne-en-finale","status":"publish","type":"post","link":"https:\/\/www.europesays.com\/fr\/386628\/","title":{"rendered":"la Turquie gifle la Gr\u00e8ce et rejoint l&rsquo;Allemagne en finale"},"content":{"rendered":"<p>L\u2019Allemagne, championne du monde en titre, et la Turquie, \u00e9patante contre la Gr\u00e8ce de Giannis Antetokounmpo, se sont qualifi\u00e9es vendredi pour la finale de l\u2019Euro de basket \u00e0 Riga.<\/p>\n<p>Dimanche, l\u2019Arena de Riga sera le th\u00e9\u00e2tre d\u2019une finale europ\u00e9enne in\u00e9dite entre les deux nations invaincues de cette \u00e9dition : l\u2019Allemagne cherchera \u00e0 s\u2019offrir son premier titre depuis 1993, la Turquie son premier titre tout court.<\/p>\n<p>Vendredi, elles ont en tous cas prouv\u00e9 &#8211; si elles ne l\u2019avaient d\u00e9j\u00e0 pas fait &#8211; qu\u2019elles avaient l\u2019\u00e9toffe d\u2019\u00eatre championnes. L\u2019une en assumant son statut de favorite devant la Finlande (98-86), l\u2019autre en infligeant une claque \u00e0 la Gr\u00e8ce de la star Giannis Antetokounmpo (94-68).<\/p>\n<p>Tournant \u00e0 29,8 points de moyenne pendant tout l\u2019Euro, le \u00ab\u00a0Greek Freak\u00a0\u00bb a \u00e9t\u00e9 limit\u00e9 \u00e0 12 points (12 rebonds, 5 passes), l\u2019un des signes de la gueule de bois qui attendra samedi matin les Grecs.<\/p>\n<p>Car les co\u00e9quipiers d\u2019Alperen Sengun ont r\u00e9alis\u00e9 une performance \u00e9poustouflante, d\u00e8s la premi\u00e8re p\u00e9riode. <\/p>\n<p>Les hommes de Vassilis Spanoulis &#8211; coupables au total de 22 pertes de balles &#8211; ont pris l\u2019eau dans le premier acte (49-31), avec 18 points pour Ercan Osmani (28 au total, 6 rebonds), et un Alperen Sengun certes \u00e0 5 points, mais pr\u00e9cieux sur le plan d\u00e9fensif avec 9 rebonds capt\u00e9s et 2 interceptions, et \u00e0 la distribution avec 6 passes.<\/p>\n<p>Antetokounmpo \u00e9tait, lui, limit\u00e9 \u00e0 quatre petits points \u00e0 la pause, et n\u2019a pas pu se muer en h\u00e9ros du soir alors que les Turcs ont continu\u00e9 \u00e0 r\u00e9citer leur partition dans le deuxi\u00e8me acte et \u00e0 creuser l\u2019\u00e9cart.<\/p>\n<p>L\u2019Allemagne en patron<\/p>\n<p>Avec cette lourde d\u00e9faite &#8211; le deuxi\u00e8me revers le plus large subi en demi-finale au cours des 50 derni\u00e8res ann\u00e9es selon la Fiba &#8211; la Gr\u00e8ce devra se contenter d\u2019aller chercher le bronze dimanche.<\/p>\n<p>    <img decoding=\"async\" src=\"https:\/\/www.europesays.com\/fr\/wp-content\/uploads\/2025\/09\/2195515-le-meneur-allemand-dennis-schroder-balle-en-main-a.jpg\" alt=\"Le meneur allemand Dennis Schr\u00f6der (balle en main) a fait tr\u00e8s mal \u00e0 la d\u00e9fense finlandaise en demi-finale de l'Eurobasket \u00e0 Riga, le 12 septembre 2025 \"   class=\"article-media__image\" loading=\"lazy\" style=\"aspect-ratio:2048\/1365\"\/><\/p>\n<p>\n                    Le meneur allemand Dennis Schr\u00f6der (balle en main) a fait tr\u00e8s mal \u00e0 la d\u00e9fense finlandaise en demi-finale de l&rsquo;Eurobasket \u00e0 Riga, le 12 septembre 2025 <\/p>\n<p>                            Gints Ivuskans \/ AFP<\/p>\n<p>Et cela n\u2019aura rien d\u2019ais\u00e9 contre une valeureuse \u00e9quipe de Finlande qui, vendredi, a disput\u00e9 sa premi\u00e8re demi-finale lors d\u2019un Euro et dont le r\u00eave a logiquement pris fin contre l\u2019Allemagne, championne du monde.<\/p>\n<p>Malgr\u00e9 une fin de troisi\u00e8me quart-temps qui a un temps laiss\u00e9 imaginer une remont\u00e9e fantastique, la Mannschaft de Franz Wagner (22 pts, 5 rebonds) et Dennis Schr\u00f6der (26 pts, 12 passes, 5 rebonds) a domin\u00e9 les d\u00e9bats.<\/p>\n<p>Coupable notamment d\u2019un deuxi\u00e8me quart-temps tr\u00e8s compliqu\u00e9, et victime en prime de l\u2019efficacit\u00e9 et de la belle adresse adverse &#8211; 8\/16 \u00e0 50% de r\u00e9ussite \u00e0 3 points \u00e0 la pause &#8211; la s\u00e9lection emmen\u00e9e par Lauri Markkanen, discret vendredi (16 pts, 8 rebonds), comptait d\u00e9j\u00e0 14 points de retard \u00e0 la mi-temps (61-47).<\/p>\n<p>Le beau match d\u2019Olivier Nkamhoua (21 pts, 9 rebonds, 3 passes), et le tir prim\u00e9 d\u2019Edon Maxhuni, les a ramen\u00e9s un court instant \u00e0 six unit\u00e9s (77-71) en fin d\u2019un troisi\u00e8me quart-temps au cours duquel les Finlandais ont accus\u00e9 18 points de retard.<\/p>\n<p>Une r\u00e9volte qui n\u2019a pas \u00e9t\u00e9 suivie d\u2019effet. Avec trois tirs prim\u00e9s cons\u00e9cutifs, les co\u00e9quipiers de Daniel Theis ont remis un dernier coup d\u2019acc\u00e9l\u00e9rateur pour filer \u00e0 grande vitesse vers la finale.<\/p>\n","protected":false},"excerpt":{"rendered":"L\u2019Allemagne, championne du monde en titre, et la Turquie, \u00e9patante contre la Gr\u00e8ce de Giannis Antetokounmpo, se sont&hellip;\n","protected":false},"author":2,"featured_media":386629,"comment_status":"","ping_status":"","sticky":false,"template":"","format":"standard","meta":{"footnotes":""},"categories":[1587],"tags":[11,672,1804,1805,1803,1777,674,1801,12,1802],"class_list":{"0":"post-386628","1":"post","2":"type-post","3":"status-publish","4":"format-standard","5":"has-post-thumbnail","7":"category-allemagne","8":"tag-actualites","9":"tag-allemagne","10":"tag-bundesrepublik-deutschland","11":"tag-de","12":"tag-deutschland","13":"tag-eu","14":"tag-europe","15":"tag-germany","16":"tag-news","17":"tag-republique-federale-dallemagne"},"share_on_mastodon":{"url":"https:\/\/pubeurope.com\/@fr\/115194299101283264","error":""},"_links":{"self":[{"href":"https:\/\/www.europesays.com\/fr\/wp-json\/wp\/v2\/posts\/386628","targetHints":{"allow":["GET"]}}],"collection":[{"href":"https:\/\/www.europesays.com\/fr\/wp-json\/wp\/v2\/posts"}],"about":[{"href":"https:\/\/www.europesays.com\/fr\/wp-json\/wp\/v2\/types\/post"}],"author":[{"embeddable":true,"href":"https:\/\/www.europesays.com\/fr\/wp-json\/wp\/v2\/users\/2"}],"replies":[{"embeddable":true,"href":"https:\/\/www.europesays.com\/fr\/wp-json\/wp\/v2\/comments?post=386628"}],"version-history":[{"count":0,"href":"https:\/\/www.europesays.com\/fr\/wp-json\/wp\/v2\/posts\/386628\/revisions"}],"wp:featuredmedia":[{"embeddable":true,"href":"https:\/\/www.europesays.com\/fr\/wp-json\/wp\/v2\/media\/386629"}],"wp:attachment":[{"href":"https:\/\/www.europesays.com\/fr\/wp-json\/wp\/v2\/media?parent=386628"}],"wp:term":[{"taxonomy":"category","embeddable":true,"href":"https:\/\/www.europesays.com\/fr\/wp-json\/wp\/v2\/categories?post=386628"},{"taxonomy":"post_tag","embeddable":true,"href":"https:\/\/www.europesays.com\/fr\/wp-json\/wp\/v2\/tags?post=386628"}],"curies":[{"name":"wp","href":"https:\/\/api.w.org\/{rel}","templated":true}]}}