{"id":386630,"date":"2025-09-13T01:04:15","date_gmt":"2025-09-13T01:04:15","guid":{"rendered":"https:\/\/www.europesays.com\/fr\/386630\/"},"modified":"2025-09-13T01:04:15","modified_gmt":"2025-09-13T01:04:15","slug":"guerre-informationnelle-en-france-et-en-europe-les-premices-de-la-contre-attaque","status":"publish","type":"post","link":"https:\/\/www.europesays.com\/fr\/386630\/","title":{"rendered":"Guerre informationnelle en France et en Europe : les pr\u00e9mices de la contre-attaque"},"content":{"rendered":"<p>\n                                                Le fact-checking, la lutte contre la d\u00e9sinformation mobilisent d\u00e9sormais au-del\u00e0 de la sph\u00e8re journalistique, les institutions elles-m\u00eames vis\u00e9es par les manipulations de l&rsquo;information. Mais face \u00e0 l&rsquo;agressivit\u00e9 croissante des campagnes de d\u00e9sinformation, au perfectionnement des techniques visant \u00e0 tromper le public et au peu d&#8217;empressement des grandes plateformes \u00e0 mod\u00e9rer les contenus inauthentiques et trompeurs, une riposte s&rsquo;organise au c\u0153ur de la diplomatie fran\u00e7aise et europ\u00e9enne.\u00a0                    <\/p>\n<p>Le chercheur\u00a0<strong>Arnaud Mercier<\/strong>\u00a0dresse un constat alarmant de l\u2019\u00e9tat de la menace informationnelle visant la France, l&rsquo;Europe et plus g\u00e9n\u00e9ralement la d\u00e9mocratie lib\u00e9rale. Avec lui, nous d\u00e9cryptons <strong><a href=\"https:\/\/www.diplomatie.gouv.fr\/fr\/politique-etrangere-de-la-france\/diplomatie-numerique\/les-domaines-d-action-de-la-diplomatie-numerique-francaise\/la-france-a-l-initiative-face-a-la-desinformation\/\" target=\"_blank\" rel=\"noopener\">la riposte engag\u00e9e par la diplomatie fran\u00e7aise<\/a><\/strong>, et plus largement europ\u00e9enne. Face \u00e0 l\u2019inflation de moyens investis par Moscou notamment, la strat\u00e9gie d\u00e9voil\u00e9e par le Quai d\u2019Orsay vise non seulement \u00e0 se d\u00e9fendre, mais aussi \u00e0 contre-attaquer.\u00a0<\/p>\n<p>Arnaud Mercier est professeur en Communication \u00e0 l\u2019Institut fran\u00e7ais de presse (Universit\u00e9 Paris Panth\u00e9on-Assas), responsable du projet europ\u00e9en\u00a0<strong>De Facto<\/strong>\u00a0de lutte contre la d\u00e9sinformation.<\/p>\n<p><strong>Nicolas Qu\u00e9nel<\/strong>\u00a0de Intelligence Online : La potentielle \u00abcoalition des volontaires, nouvel axe de propagande russe\u00bb.<\/p>\n<p>La chronique de\u00a0<strong>Gr\u00e9gory Genevrier\u00a0<\/strong>de la cellule info v\u00e9rif de RFI :\u00a0<strong><a href=\"https:\/\/www.rfi.fr\/fr\/podcasts\/les-dessous-de-l-infox-la-chronique\/20250912-drones-russes-en-pologne-la-guerre-hybride-s-intensifie\" target=\"_self\" rel=\"noopener\">Drones russes en Pologne : la guerre hybride s\u2019intensifie<\/a>.<\/strong><\/p>\n","protected":false},"excerpt":{"rendered":"Le fact-checking, la lutte contre la d\u00e9sinformation mobilisent d\u00e9sormais au-del\u00e0 de la sph\u00e8re journalistique, les institutions elles-m\u00eames vis\u00e9es&hellip;\n","protected":false},"author":2,"featured_media":386631,"comment_status":"","ping_status":"","sticky":false,"template":"","format":"standard","meta":{"footnotes":""},"categories":[1586],"tags":[11,312,25758,1777,674,1011,27,41268,18505,41267,74,12,2437,25,938,132,364],"class_list":{"0":"post-386630","1":"post","2":"type-post","3":"status-publish","4":"format-standard","5":"has-post-thumbnail","7":"category-europe","8":"tag-actualites","9":"tag-diplomatie","10":"tag-education-aux-medias","11":"tag-eu","12":"tag-europe","13":"tag-fr","14":"tag-france","15":"tag-info-verif","16":"tag-infox","17":"tag-les-dessous-de-linfox","18":"tag-monde","19":"tag-news","20":"tag-pologne","21":"tag-republique-francaise","22":"tag-reseaux-sociaux","23":"tag-russie","24":"tag-union-europeenne"},"share_on_mastodon":{"url":"https:\/\/pubeurope.com\/@fr\/115194302515500242","error":""},"_links":{"self":[{"href":"https:\/\/www.europesays.com\/fr\/wp-json\/wp\/v2\/posts\/386630","targetHints":{"allow":["GET"]}}],"collection":[{"href":"https:\/\/www.europesays.com\/fr\/wp-json\/wp\/v2\/posts"}],"about":[{"href":"https:\/\/www.europesays.com\/fr\/wp-json\/wp\/v2\/types\/post"}],"author":[{"embeddable":true,"href":"https:\/\/www.europesays.com\/fr\/wp-json\/wp\/v2\/users\/2"}],"replies":[{"embeddable":true,"href":"https:\/\/www.europesays.com\/fr\/wp-json\/wp\/v2\/comments?post=386630"}],"version-history":[{"count":0,"href":"https:\/\/www.europesays.com\/fr\/wp-json\/wp\/v2\/posts\/386630\/revisions"}],"wp:featuredmedia":[{"embeddable":true,"href":"https:\/\/www.europesays.com\/fr\/wp-json\/wp\/v2\/media\/386631"}],"wp:attachment":[{"href":"https:\/\/www.europesays.com\/fr\/wp-json\/wp\/v2\/media?parent=386630"}],"wp:term":[{"taxonomy":"category","embeddable":true,"href":"https:\/\/www.europesays.com\/fr\/wp-json\/wp\/v2\/categories?post=386630"},{"taxonomy":"post_tag","embeddable":true,"href":"https:\/\/www.europesays.com\/fr\/wp-json\/wp\/v2\/tags?post=386630"}],"curies":[{"name":"wp","href":"https:\/\/api.w.org\/{rel}","templated":true}]}}