{"id":386634,"date":"2025-09-13T01:06:10","date_gmt":"2025-09-13T01:06:10","guid":{"rendered":"https:\/\/www.europesays.com\/fr\/386634\/"},"modified":"2025-09-13T01:06:10","modified_gmt":"2025-09-13T01:06:10","slug":"aguerd-et-pavard-debuts-en-fanfare-decouvrez-les-notes-des-olympiens","status":"publish","type":"post","link":"https:\/\/www.europesays.com\/fr\/386634\/","title":{"rendered":"Aguerd et Pavard, d\u00e9buts en fanfare&#8230; D\u00e9couvrez les notes des Olympiens"},"content":{"rendered":"<p>De Lange 5\/10<\/p>\n<p><a href=\"https:\/\/www.laprovence.com\/article\/om\/542028651996614\/mercato-om-de-lange-est-courtise-par-lille\" target=\"_blank\" rel=\"nofollow noopener\">Pour sa premi\u00e8re titularisation depuis le 14 janvier dernier<\/a> et l&rsquo;\u00e9limination en coupe de France face au Losc, le N\u00e9erlandais, titularis\u00e9 pour faire souffler Geronimo Rulli, n&rsquo;a eu qu&rsquo;un seul arr\u00eat \u00e0 faire, sur une frappe digne d&rsquo;un U11 (73). Une soir\u00e9e tr\u00e8s tranquille donc.<\/p>\n<p>Murillo 6,5\/10<\/p>\n<p>Toujours dans son registre, le Panam\u00e9en a r\u00e9alis\u00e9 une solide partie. Il a d&rsquo;abord obtenu un penalty et provoqu\u00e9 l&rsquo;expulsion s\u00e9v\u00e8re de Yongwa (9), puis il a continu\u00e9 \u00e0 provoquer et \u00e0 apporter le surnombre dans le camp lorientais. Appliqu\u00e9.<\/p>\n<p>Pavard 7\/10<\/p>\n<p><a href=\"https:\/\/www.laprovence.com\/article\/om\/89151953965718\/om-comment-benjamin-pavard-compte-sintegrer-a-la-vitesse-grand-v-a-marseille\" target=\"_blank\" rel=\"nofollow noopener\">L&rsquo;ancien Int\u00e9riste s&rsquo;est fondu en toute simplicit\u00e9 dans le onze de d\u00e9part<\/a> et il a rapidement inscrit son premier but sous les couleurs de l&rsquo;OM, d&rsquo;une t\u00eate parfaite sur corner (20). Averti pour une mini-faute sur Soumano (26), il a montr\u00e9 de belles promesses. Remplac\u00e9 par <strong>Arthur Vermeeren (78).<\/strong><\/p>\n<p>Aguerd 7\/10<\/p>\n<p>Align\u00e9 dans l&rsquo;axe de la d\u00e9fense \u00e0 trois, le Marocain a assur\u00e9. Vigilant sur les duels a\u00e9riens, malgr\u00e9 un choc \u00e0 la t\u00eate en fin match (84), n&rsquo;h\u00e9sitant pas \u00e0 chasser son vis-\u00e0-vis, il a apport\u00e9 de la s\u00e9r\u00e9nit\u00e9 \u00e0 l&rsquo;arri\u00e8re-garde marseillaise. Il a m\u00eame ouvert son compteur but avec une frappe d\u00e9vi\u00e9e par Me\u00eft\u00e9 (90+3).<\/p>\n<p>Medina 5,5\/10<\/p>\n<p>L&rsquo;Argentin avait du feu dans les jambes pour sa premi\u00e8re en comp\u00e9tition devant le public marseillais. On l&rsquo;a vu \u00e0 droite, \u00e0 gauche, dans l&rsquo;axe, lever les bras, haranguer ses partenaires, houspiller ses adversaires. Et se faire avoir, sans cons\u00e9quence, par Mugisha (45+6). Remplac\u00e9 par <strong>Emerson (60).<\/strong><\/p>\n<p>Kondogbia 6\/10<\/p>\n<p>Affubl\u00e9 du brassard de capitaine en l&rsquo;absence de Balerdi et Hojbjerg, m\u00e9nag\u00e9s, l&rsquo;ex-Valencian a rendu une copie propre. Impliqu\u00e9 sur l&rsquo;ouverture du score avec une ouverture parfaite pour Murillo (9), il a fait jouer son exp\u00e9rience dans l&rsquo;entrejeu avant de c\u00e9der sa place \u00e0 <strong>Hojbjerg (60).<\/strong><\/p>\n<p>Gomes 7\/10<\/p>\n<p>Le lutin du milieu de terrain a marqu\u00e9 un but somptueux (33), avec un encha\u00eenement contr\u00f4le &#8211; reprise de vol\u00e9e du droit \u00e0 l&rsquo;entr\u00e9e de la surface apr\u00e8s un renvoi sur corner. Pr\u00e9cieux \u00e0 la r\u00e9cup\u00e9ration, int\u00e9ressant entre les lignes, il a fait un match plein des deux c\u00f4t\u00e9s du terrain.<\/p>\n<p>Greenwood 7\/10<\/p>\n<p>L&rsquo;Anglais s&rsquo;est vite distingu\u00e9 en prenant \u00e0 contre-pied Mvogo pour ouvrir le score sur penalty (12). \u00c0 la man\u0153uvre pour d\u00e9poser un corner sur la t\u00eate de Pavard (20), il a souvent cherch\u00e9 ses partenaires (Gouiri, Weah, Paixao) et s&rsquo;est mu\u00e9 en avant-centre, avec deux occasions (59, 75) \u00e0 la cl\u00e9.<\/p>\n<p>Nadir 5\/10<\/p>\n<p>D&rsquo;abord positionn\u00e9 en num\u00e9ro 10, o\u00f9 il a vu sa frappe contr\u00e9e par un d\u00e9fenseur lorientais (19), <a href=\"https:\/\/www.laprovence.com\/article\/om\/10009690390457\/om-quel-avenir-pour-bilal-nadir-auteur-dune-excellente-entree-face-au-paris-fc\" target=\"_blank\" rel=\"nofollow noopener\">le Ni\u00e7ois<\/a> a \u00e9t\u00e9 d\u00e9cal\u00e9 sur le c\u00f4t\u00e9 droit apr\u00e8s la sortie de Gouiri (43). Moins spontan\u00e9, \u00e0 l&rsquo;image de sa glissade dans la surface en position de tir (58), il a manqu\u00e9 d&rsquo;inspiration.<\/p>\n<p>Weah 5,5\/10<\/p>\n<p>Lanc\u00e9 en piston\/ailier\u00a0gauche dans le syst\u00e8me hybride de De Zerbi, l&rsquo;international am\u00e9ricain a arpent\u00e9 son couloir avec gourmandise. Avec un peu plus de pr\u00e9cision dans ses transmissions, il aurait pu mieux faire. Sorti au profit d&rsquo;<strong>Igor Paixao (60),<\/strong> ovationn\u00e9 par le public et sanctionn\u00e9 par l&rsquo;arbitre (86).<\/p>\n<p>Gouiri (non not\u00e9)<\/p>\n<p>En concurrence avec Aubameyang depuis le d\u00e9but de saison, l&rsquo;international alg\u00e9rien a propos\u00e9 et s&rsquo;est d\u00e9men\u00e9 sur le front de l&rsquo;attaque. Mais il a d\u00fb c\u00e9der sa place \u00e0 Matt <strong>O&rsquo;Riley (43)<\/strong> apr\u00e8s avoir \u00e9t\u00e9 d\u00e9mantibul\u00e9 par le genou droit de Me\u00eft\u00e9 (37).\u00a0<\/p>\n<p>O&rsquo;Riley 5\/10<\/p>\n<p>L&rsquo;international danois venu de Brighton a profit\u00e9 de la sortie pr\u00e9matur\u00e9e de Gouiri pour faire sa premi\u00e8re apparition sur la pelouse du V\u00e9lodrome (43). Plac\u00e9 en soutien de Greenwood, il a effectu\u00e9 une bonne remise pour l&rsquo;Anglais (59).<\/p>\n<p>Et aussi<\/p>\n<p>Match 6\/10<\/p>\n<p>De Zerbi 6\/10<\/p>\n<p>Adversaire 2\/10<\/p>\n<p>Arbitre 4\/10<\/p>\n","protected":false},"excerpt":{"rendered":"De Lange 5\/10 Pour sa premi\u00e8re titularisation depuis le 14 janvier dernier et l&rsquo;\u00e9limination en coupe de France&hellip;\n","protected":false},"author":2,"featured_media":386635,"comment_status":"","ping_status":"","sticky":false,"template":"","format":"standard","meta":{"footnotes":""},"categories":[2],"tags":[51912,17,11,51919,45068,3474,8259,1011,27,12,149,51911,51610,25],"class_list":{"0":"post-386634","1":"post","2":"type-post","3":"status-publish","4":"format-standard","5":"has-post-thumbnail","7":"category-actualites","8":"tag-4-0","9":"tag-17","10":"tag-actualites","11":"tag-aguerd","12":"tag-debuts","13":"tag-decouvrez","14":"tag-fanfare","15":"tag-fr","16":"tag-france","17":"tag-news","18":"tag-om","19":"tag-om-lorient","20":"tag-pavard","21":"tag-republique-francaise"},"share_on_mastodon":{"url":"https:\/\/pubeurope.com\/@fr\/115194310471578644","error":""},"_links":{"self":[{"href":"https:\/\/www.europesays.com\/fr\/wp-json\/wp\/v2\/posts\/386634","targetHints":{"allow":["GET"]}}],"collection":[{"href":"https:\/\/www.europesays.com\/fr\/wp-json\/wp\/v2\/posts"}],"about":[{"href":"https:\/\/www.europesays.com\/fr\/wp-json\/wp\/v2\/types\/post"}],"author":[{"embeddable":true,"href":"https:\/\/www.europesays.com\/fr\/wp-json\/wp\/v2\/users\/2"}],"replies":[{"embeddable":true,"href":"https:\/\/www.europesays.com\/fr\/wp-json\/wp\/v2\/comments?post=386634"}],"version-history":[{"count":0,"href":"https:\/\/www.europesays.com\/fr\/wp-json\/wp\/v2\/posts\/386634\/revisions"}],"wp:featuredmedia":[{"embeddable":true,"href":"https:\/\/www.europesays.com\/fr\/wp-json\/wp\/v2\/media\/386635"}],"wp:attachment":[{"href":"https:\/\/www.europesays.com\/fr\/wp-json\/wp\/v2\/media?parent=386634"}],"wp:term":[{"taxonomy":"category","embeddable":true,"href":"https:\/\/www.europesays.com\/fr\/wp-json\/wp\/v2\/categories?post=386634"},{"taxonomy":"post_tag","embeddable":true,"href":"https:\/\/www.europesays.com\/fr\/wp-json\/wp\/v2\/tags?post=386634"}],"curies":[{"name":"wp","href":"https:\/\/api.w.org\/{rel}","templated":true}]}}