{"id":386642,"date":"2025-09-13T01:12:13","date_gmt":"2025-09-13T01:12:13","guid":{"rendered":"https:\/\/www.europesays.com\/fr\/386642\/"},"modified":"2025-09-13T01:12:13","modified_gmt":"2025-09-13T01:12:13","slug":"atp-carlos-alcaraz-previent-jannik-sinner-je-ne-pense-pas-que-la-balle-soit-desormais-dans-son-camp-nous-navons-pas-encore-vu-le-meilleur-carlos","status":"publish","type":"post","link":"https:\/\/www.europesays.com\/fr\/386642\/","title":{"rendered":"ATP > Carlos Alcaraz pr\u00e9vient Jannik Sinner : \u00ab\u00a0Je ne pense pas que la balle soit d\u00e9sormais dans son camp. Nous n&rsquo;avons pas encore vu le meilleur Carlos\u00a0\u00bb"},"content":{"rendered":"<p>\u00c0 l\u2019issue de sa victoire face \u00e0 Jannik Sinner en finale de l\u2019US Open, Carlos Alcaraz a accord\u00e9 une inter\u00adview tr\u00e8s instruc\u00adtive \u00e0 nos confr\u00e8res d\u2019<a href=\"https:\/\/elpais.com\/deportes\/tenis\/2025-09-08\/carlos-alcaraz-quiza-se-pueda-rozar-la-perfeccion-pero-no-existe.html#?rel=mas\" data-wpel-link=\"external\" target=\"_blank\" rel=\"nofollow external noopener\">El Pais<\/a> dans laquelle <a href=\"https:\/\/www.welovetennis.fr\/atp\/au-sommet-de-son-art-carlos-alcaraz-refuse-de-senflammer-jessaie-de-me-rappeler-quun-autre-joueur-peut-arriver-ou-meme-jannik-sinner-lui-meme-qui-pourra-me-depasser-et-etre-meilleur-que-m\" data-wpel-link=\"internal\" rel=\"nofollow noopener\" target=\"_blank\">il refuse notam\u00adment de s\u2019en\u00adflammer<\/a>. <\/p>\n<p>Mais il a aussi pr\u00e9venu son grand rival italien que la meilleure version de se jeu \u00e9tait encore \u00e0 venir. De quoi faire peur \u00e0 toute la concurrence.\u00a0<\/p>\n<p><strong>\u00ab\u202fJe ne pense pas que la balle soit d\u00e9sor\u00admais dans son camp, car je dois moi aussi rester vigi\u00adlant pour voir ce qu\u2019il va faire diff\u00e9\u00adrem\u00adment. En d\u2019autres termes, je dois prendre un peu d\u2019avance, mieux me pr\u00e9parer et m\u00eame conti\u00adnuer \u00e0 m\u2019am\u00e9\u00adliorer \u00e0 bien des \u00e9gards. C\u2019est ce qui fait la beaut\u00e9 de cette riva\u00adlit\u00e9, de nos matchs\u00a0: nous nous pous\u00adsons telle\u00adment \u00e0 nos limites que cela nous oblige \u00e0 \u00eatre un peu meilleurs chaque jour, \u00e0 chaque tournoi. Nous n\u2019avons pas encore vu le meilleur Carlos.\u202f\u00bb<\/strong><\/p>\n<p class=\"post-published-date\" style=\"color: silver; font-size: 75%; text-align: left;\">Publi\u00e9 le vendredi 12 septembre 2025 \u00e0 19:30<\/p>\n","protected":false},"excerpt":{"rendered":"\u00c0 l\u2019issue de sa victoire face \u00e0 Jannik Sinner en finale de l\u2019US Open, Carlos Alcaraz a accord\u00e9&hellip;\n","protected":false},"author":2,"featured_media":386643,"comment_status":"","ping_status":"","sticky":false,"template":"","format":"standard","meta":{"footnotes":""},"categories":[1415],"tags":[1744,1011,27,2127,60,1467],"class_list":{"0":"post-386642","1":"post","2":"type-post","3":"status-publish","4":"format-standard","5":"has-post-thumbnail","7":"category-tennis","8":"tag-alcaraz","9":"tag-fr","10":"tag-france","11":"tag-sinner","12":"tag-sports","13":"tag-tennis"},"share_on_mastodon":{"url":"https:\/\/pubeurope.com\/@fr\/115194333904063400","error":""},"_links":{"self":[{"href":"https:\/\/www.europesays.com\/fr\/wp-json\/wp\/v2\/posts\/386642","targetHints":{"allow":["GET"]}}],"collection":[{"href":"https:\/\/www.europesays.com\/fr\/wp-json\/wp\/v2\/posts"}],"about":[{"href":"https:\/\/www.europesays.com\/fr\/wp-json\/wp\/v2\/types\/post"}],"author":[{"embeddable":true,"href":"https:\/\/www.europesays.com\/fr\/wp-json\/wp\/v2\/users\/2"}],"replies":[{"embeddable":true,"href":"https:\/\/www.europesays.com\/fr\/wp-json\/wp\/v2\/comments?post=386642"}],"version-history":[{"count":0,"href":"https:\/\/www.europesays.com\/fr\/wp-json\/wp\/v2\/posts\/386642\/revisions"}],"wp:featuredmedia":[{"embeddable":true,"href":"https:\/\/www.europesays.com\/fr\/wp-json\/wp\/v2\/media\/386643"}],"wp:attachment":[{"href":"https:\/\/www.europesays.com\/fr\/wp-json\/wp\/v2\/media?parent=386642"}],"wp:term":[{"taxonomy":"category","embeddable":true,"href":"https:\/\/www.europesays.com\/fr\/wp-json\/wp\/v2\/categories?post=386642"},{"taxonomy":"post_tag","embeddable":true,"href":"https:\/\/www.europesays.com\/fr\/wp-json\/wp\/v2\/tags?post=386642"}],"curies":[{"name":"wp","href":"https:\/\/api.w.org\/{rel}","templated":true}]}}