{"id":386644,"date":"2025-09-13T01:14:09","date_gmt":"2025-09-13T01:14:09","guid":{"rendered":"https:\/\/www.europesays.com\/fr\/386644\/"},"modified":"2025-09-13T01:14:09","modified_gmt":"2025-09-13T01:14:09","slug":"granado-en-pole-a-misano","status":"publish","type":"post","link":"https:\/\/www.europesays.com\/fr\/386644\/","title":{"rendered":"Granado en pole \u00e0 Misano\u00a0!"},"content":{"rendered":"<p>Une semaine apr\u00e8s deux affrontements spectaulaires \u00e0 Barcelone, le MotoE\u2122 est de retour ce week-end sur le circuit de Misano ! Au bout du suspense, Eric Granado (LCR E-Team) est all\u00e9 d\u00e9crocher la pole position du Grand Prix Red Bull de Saint-Marin et de la Riviera de Rimini. D\u00e9couvre ci-dessous tout ce qu&rsquo;il s&rsquo;est pass\u00e9 !<\/p>\n<p>\n                                Alessandro Zaccone, Aruba Cloud MotoE\u2122 Team, Red Bull Grand Prix of San Marino and the Rimini Riviera\n                        <\/p>\n<p>\n                                Eric Granado, LCR E-Team, Red Bull Grand Prix of San Marino and the Rimini Riviera\n                        <\/p>\n<p>\n                                Andrea Mantovani, Klint Forward Factory Team, Red Bull Grand Prix of San Marino and the Rimini Riviera\n                        <\/p>\n<p>\n                                Alessandro Zaccone, Aruba Cloud MotoE\u2122 Team, Red Bull Grand Prix of San Marino and the Rimini Riviera\n                        <\/p>\n<p>\n                                Eric Granado, LCR E-Team, Red Bull Grand Prix of San Marino and the Rimini Riviera\n                        <\/p>\n<p>\n                                Eric Granado, LCR E-Team, Red Bull Grand Prix of San Marino and the Rimini Riviera\n                        <\/p>\n<p>\n                                Eric Granado, LCR E-Team, Red Bull Grand Prix of San Marino and the Rimini Riviera\n                        <\/p>\n<p>\n                                Alessandro Zaccone, Andrea Mantovani, Red Bull Grand Prix of San Marino and the Rimini Riviera\n                        <\/p>\n<p>\n                                Eric Granado, LCR E-Team, Red Bull Grand Prix of San Marino and the Rimini Riviera\n                        <\/p>\n<p>\n                                Eric Granado, LCR E-Team, Red Bull Grand Prix of San Marino and the Rimini Riviera\n                        <\/p>\n<p>\n                                Andrea Mantovani, Klint Forward Factory Team, Red Bull Grand Prix of San Marino and the Rimini Riviera\n                        <\/p>\n<p>\u00a0<\/p>\n","protected":false},"excerpt":{"rendered":"Une semaine apr\u00e8s deux affrontements spectaulaires \u00e0 Barcelone, le MotoE\u2122 est de retour ce week-end sur le circuit&hellip;\n","protected":false},"author":2,"featured_media":386645,"comment_status":"","ping_status":"","sticky":false,"template":"","format":"standard","meta":{"footnotes":""},"categories":[1413],"tags":[1011,27,1457,1456,60,2032],"class_list":{"0":"post-386644","1":"post","2":"type-post","3":"status-publish","4":"format-standard","5":"has-post-thumbnail","7":"category-moto","8":"tag-fr","9":"tag-france","10":"tag-moto","11":"tag-motocycle","12":"tag-sports","13":"tag-text"},"share_on_mastodon":{"url":"https:\/\/pubeurope.com\/@fr\/115194341859074108","error":""},"_links":{"self":[{"href":"https:\/\/www.europesays.com\/fr\/wp-json\/wp\/v2\/posts\/386644","targetHints":{"allow":["GET"]}}],"collection":[{"href":"https:\/\/www.europesays.com\/fr\/wp-json\/wp\/v2\/posts"}],"about":[{"href":"https:\/\/www.europesays.com\/fr\/wp-json\/wp\/v2\/types\/post"}],"author":[{"embeddable":true,"href":"https:\/\/www.europesays.com\/fr\/wp-json\/wp\/v2\/users\/2"}],"replies":[{"embeddable":true,"href":"https:\/\/www.europesays.com\/fr\/wp-json\/wp\/v2\/comments?post=386644"}],"version-history":[{"count":0,"href":"https:\/\/www.europesays.com\/fr\/wp-json\/wp\/v2\/posts\/386644\/revisions"}],"wp:featuredmedia":[{"embeddable":true,"href":"https:\/\/www.europesays.com\/fr\/wp-json\/wp\/v2\/media\/386645"}],"wp:attachment":[{"href":"https:\/\/www.europesays.com\/fr\/wp-json\/wp\/v2\/media?parent=386644"}],"wp:term":[{"taxonomy":"category","embeddable":true,"href":"https:\/\/www.europesays.com\/fr\/wp-json\/wp\/v2\/categories?post=386644"},{"taxonomy":"post_tag","embeddable":true,"href":"https:\/\/www.europesays.com\/fr\/wp-json\/wp\/v2\/tags?post=386644"}],"curies":[{"name":"wp","href":"https:\/\/api.w.org\/{rel}","templated":true}]}}