{"id":386646,"date":"2025-09-13T01:15:12","date_gmt":"2025-09-13T01:15:12","guid":{"rendered":"https:\/\/www.europesays.com\/fr\/386646\/"},"modified":"2025-09-13T01:15:12","modified_gmt":"2025-09-13T01:15:12","slug":"lequipe-de-f1-mclaren-evaluee-a-55-milliards-de-dollars-canadiens","status":"publish","type":"post","link":"https:\/\/www.europesays.com\/fr\/386646\/","title":{"rendered":"L\u2019\u00e9quipe de F1 McLaren \u00e9valu\u00e9e \u00e0 5,5 milliards de dollars canadiens"},"content":{"rendered":"<p>Dans un contexte o\u00f9 la Formule 1 captive un public toujours plus large, McLaren Racing, l\u2019\u00e9quipe qui domine actuellement le championnat, vient d\u2019\u00eatre \u00e9valu\u00e9e \u00e0 plus de 3 milliards de livres sterling (environ 5,53 milliards $ CA) dans le cadre d\u2019une vente d\u2019envergure.<\/p>\n<p>Cette transaction concerne les 30 % de parts qui \u00e9taient d\u00e9tenues par MSP Sports Capital et d&rsquo;autres actionnaires minoritaires. Ces parts sont maintenant rachet\u00e9es par Mumtalakat, le fonds souverain de Bahre\u00efn, et CYVN Holdings d&rsquo;Abu Dhabi.<\/p>\n<p><strong>Un retour sur investissement spectaculaire<\/strong><br \/>\u00c0 titre de comparaison, ces m\u00eames parts, acquises en 2020 en pleine pand\u00e9mie, avaient fix\u00e9 la valeur de l\u2019\u00e9quipe \u00e0 seulement 560 millions de livres sterling. La hausse est donc prodigieuse, la nouvelle \u00e9valuation \u00e9tant plus de cinq fois sup\u00e9rieure \u00e0 la pr\u00e9c\u00e9dente.<\/p>\n<p><img decoding=\"async\" src=\"https:\/\/www.europesays.com\/fr\/wp-content\/uploads\/2025\/09\/1757726112_728_mclaren-mcl39-papaya-pr-inline-1.jpg\"\/>L\u2019\u00e9quipe de F1 McLaren \u00e9valu\u00e9e \u00e0 5,5 milliards de dollars canadiens | Auto123.com<\/p>\n<p><strong>Pilotes vedettes et succ\u00e8s sur la piste<\/strong><br \/>La performance sportive de McLaren dynamise l&rsquo;enthousiasme des investisseurs. L&rsquo;\u00e9quipe a remport\u00e9 son premier championnat des constructeurs depuis 1998 en 2024 et domine actuellement le classement des pilotes avec Oscar Piastri et Lando Norris.<\/p>\n<p>Parall\u00e8lement, la popularit\u00e9 mondiale de la F1, propuls\u00e9e par des initiatives marketing comme la s\u00e9rie Netflix Drive to Survive, attire d&rsquo;importants capitaux et justifie des valorisations records dans ce milieu.<\/p>\n<p><strong>Plus qu\u2019une \u00e9quipe, un empire en expansion<\/strong><br \/>McLaren ne se limite plus \u00e0 la F1. L&rsquo;organisation participe \u00e9galement \u00e0 la s\u00e9rie IndyCar et planifie son entr\u00e9e au Championnat du monde d\u2019endurance d\u00e8s 2027. L\u2019arriv\u00e9e de Mastercard comme commanditaire titre \u00e0 partir de 2026 confirme aussi la mont\u00e9e en puissance commerciale du groupe.<\/p>\n<p>Cette nouvelle \u00e9valuation illustre parfaitement la restructuration r\u00e9ussie de McLaren sous la direction de Zak Brown et son attrait renouvel\u00e9 pour les investisseurs internationaux. Il s&rsquo;agit d&rsquo;un v\u00e9ritable tournant qui confirme le statut de McLaren comme un acteur incontournable de la F1 et du sport mondial.<\/p>\n<p style=\"padding-top: 15px\">Contenu original de <a href=\"https:\/\/www.auto123.com\/fr\/actualites\/mclaren-f1-valorisation-5,5-milliards\/73150\/\" target=\"_blank\" rel=\"noopener\">auto123<\/a>.<\/p>\n","protected":false},"excerpt":{"rendered":"Dans un contexte o\u00f9 la Formule 1 captive un public toujours plus large, McLaren Racing, l\u2019\u00e9quipe qui domine&hellip;\n","protected":false},"author":2,"featured_media":361649,"comment_status":"","ping_status":"","sticky":false,"template":"","format":"standard","meta":{"footnotes":""},"categories":[1412],"tags":[1451,1452,1453,1454,1455,1011,27,60],"class_list":{"0":"post-386646","1":"post","2":"type-post","3":"status-publish","4":"format-standard","5":"has-post-thumbnail","7":"category-f1","8":"tag-f1","9":"tag-formula-1","10":"tag-formula1","11":"tag-formule-1","12":"tag-formule1","13":"tag-fr","14":"tag-france","15":"tag-sports"},"share_on_mastodon":{"url":"https:\/\/pubeurope.com\/@fr\/115194345844947967","error":""},"_links":{"self":[{"href":"https:\/\/www.europesays.com\/fr\/wp-json\/wp\/v2\/posts\/386646","targetHints":{"allow":["GET"]}}],"collection":[{"href":"https:\/\/www.europesays.com\/fr\/wp-json\/wp\/v2\/posts"}],"about":[{"href":"https:\/\/www.europesays.com\/fr\/wp-json\/wp\/v2\/types\/post"}],"author":[{"embeddable":true,"href":"https:\/\/www.europesays.com\/fr\/wp-json\/wp\/v2\/users\/2"}],"replies":[{"embeddable":true,"href":"https:\/\/www.europesays.com\/fr\/wp-json\/wp\/v2\/comments?post=386646"}],"version-history":[{"count":0,"href":"https:\/\/www.europesays.com\/fr\/wp-json\/wp\/v2\/posts\/386646\/revisions"}],"wp:featuredmedia":[{"embeddable":true,"href":"https:\/\/www.europesays.com\/fr\/wp-json\/wp\/v2\/media\/361649"}],"wp:attachment":[{"href":"https:\/\/www.europesays.com\/fr\/wp-json\/wp\/v2\/media?parent=386646"}],"wp:term":[{"taxonomy":"category","embeddable":true,"href":"https:\/\/www.europesays.com\/fr\/wp-json\/wp\/v2\/categories?post=386646"},{"taxonomy":"post_tag","embeddable":true,"href":"https:\/\/www.europesays.com\/fr\/wp-json\/wp\/v2\/tags?post=386646"}],"curies":[{"name":"wp","href":"https:\/\/api.w.org\/{rel}","templated":true}]}}