{"id":386649,"date":"2025-09-13T01:17:11","date_gmt":"2025-09-13T01:17:11","guid":{"rendered":"https:\/\/www.europesays.com\/fr\/386649\/"},"modified":"2025-09-13T01:17:11","modified_gmt":"2025-09-13T01:17:11","slug":"mercato-lol-fonce-sur-un-ancien-attaquant-de-lom","status":"publish","type":"post","link":"https:\/\/www.europesays.com\/fr\/386649\/","title":{"rendered":"Mercato, l&rsquo;OL fonce sur un ancien attaquant de l&rsquo;OM"},"content":{"rendered":"<p data-testid=\"article-teaser\">En qu\u00eate d\u2019un joker offensif, l\u2019OL a jet\u00e9 son d\u00e9volu sur un ancien buteur de l\u2019OM. <\/p>\n<p>L\u2019Olympique Lyonnais continue de scruter le march\u00e9 des transferts \u00e0 la recherche de la pi\u00e8ce manquante en attaque. Malgr\u00e9 des ambitions \u00e9lev\u00e9es en Ligue 1 et en Europa League, le club rhodanien n\u2019a pas encore trouv\u00e9 l\u2019avant-centre id\u00e9al capable de faire oublier certains d\u00e9parts. Le dossier reste sensible, et les supporters attendent avec impatience de savoir quel nom viendra renforcer l\u2019effectif. La cellule de recrutement, en concertation avec le staff, s\u2019active pour pr\u00e9parer un \u00e9ventuel mouvement dans les prochains mois.<\/p>\n","protected":false},"excerpt":{"rendered":"En qu\u00eate d\u2019un joker offensif, l\u2019OL a jet\u00e9 son d\u00e9volu sur un ancien buteur de l\u2019OM. L\u2019Olympique Lyonnais&hellip;\n","protected":false},"author":2,"featured_media":386650,"comment_status":"","ping_status":"","sticky":false,"template":"","format":"standard","meta":{"footnotes":""},"categories":[1410],"tags":[51921,63,1011,27,66,1781,2428,884,51922,1434,584,50764,60,28401],"class_list":{"0":"post-386649","1":"post","2":"type-post","3":"status-publish","4":"format-standard","5":"has-post-thumbnail","7":"category-football","8":"tag-a-milik","9":"tag-football","10":"tag-fr","11":"tag-france","12":"tag-ligue-1","13":"tag-lorient","14":"tag-lyon","15":"tag-marseille","16":"tag-marseille-vs-lorient","17":"tag-mercato","18":"tag-rennes","19":"tag-rennes-vs-lyon","20":"tag-sports","21":"tag-transfers"},"share_on_mastodon":{"url":"https:\/\/pubeurope.com\/@fr\/115194353639172621","error":""},"_links":{"self":[{"href":"https:\/\/www.europesays.com\/fr\/wp-json\/wp\/v2\/posts\/386649","targetHints":{"allow":["GET"]}}],"collection":[{"href":"https:\/\/www.europesays.com\/fr\/wp-json\/wp\/v2\/posts"}],"about":[{"href":"https:\/\/www.europesays.com\/fr\/wp-json\/wp\/v2\/types\/post"}],"author":[{"embeddable":true,"href":"https:\/\/www.europesays.com\/fr\/wp-json\/wp\/v2\/users\/2"}],"replies":[{"embeddable":true,"href":"https:\/\/www.europesays.com\/fr\/wp-json\/wp\/v2\/comments?post=386649"}],"version-history":[{"count":0,"href":"https:\/\/www.europesays.com\/fr\/wp-json\/wp\/v2\/posts\/386649\/revisions"}],"wp:featuredmedia":[{"embeddable":true,"href":"https:\/\/www.europesays.com\/fr\/wp-json\/wp\/v2\/media\/386650"}],"wp:attachment":[{"href":"https:\/\/www.europesays.com\/fr\/wp-json\/wp\/v2\/media?parent=386649"}],"wp:term":[{"taxonomy":"category","embeddable":true,"href":"https:\/\/www.europesays.com\/fr\/wp-json\/wp\/v2\/categories?post=386649"},{"taxonomy":"post_tag","embeddable":true,"href":"https:\/\/www.europesays.com\/fr\/wp-json\/wp\/v2\/tags?post=386649"}],"curies":[{"name":"wp","href":"https:\/\/api.w.org\/{rel}","templated":true}]}}